{"id":9631,"date":"2023-02-20T10:45:25","date_gmt":"2023-02-20T13:45:25","guid":{"rendered":"https:\/\/www.visionweb.com.ar\/?p=9631"},"modified":"2023-02-20T10:45:25","modified_gmt":"2023-02-20T13:45:25","slug":"informe-unicef-dos-de-cada-tres-ninos-de-argentina-son-pobres","status":"publish","type":"post","link":"https:\/\/www.visionweb.com.ar\/?p=9631","title":{"rendered":"Informe Unicef: \u201cDos de cada tres ni\u00f1os de Argentina son pobres\u00bb\u00a0"},"content":{"rendered":"<p><strong><em>Existe \u201cLa necesidad urgente de<\/em><\/strong><em> <strong>proteger las partidas presupuestarias destinadas a infancia y adolescencia\u201d, dijo la representante de Unicef Argentina. Hay cerca de\u00a08,8 millones<\/strong>\u00a0<strong>de ni\u00f1as y ni\u00f1os que experimentan carencias.<\/strong><\/em><!--more--><\/p>\n<p><strong><img loading=\"lazy\" decoding=\"async\" class=\"size-medium wp-image-9633 alignright\" src=\"https:\/\/www.visionweb.com.ar\/wp-content\/uploads\/2023\/02\/informe-unicef-2023-300x200.jpg\" alt=\"\" width=\"300\" height=\"200\" srcset=\"https:\/\/www.visionweb.com.ar\/wp-content\/uploads\/2023\/02\/informe-unicef-2023-300x200.jpg 300w, https:\/\/www.visionweb.com.ar\/wp-content\/uploads\/2023\/02\/informe-unicef-2023.bmp 380w\" sizes=\"auto, (max-width: 300px) 100vw, 300px\" \/>U<\/strong>nicef present\u00f3 un informe denominado <strong>\u201cPobreza monetaria y privaciones no monetarias en ni\u00f1as, ni\u00f1os y adolescentes en Argentina\u201d<\/strong>, del que se desprende que <strong>dos de cada tres ni\u00f1os de Argentina <\/strong>son<strong>\u00a0<\/strong><strong>pobres por ingresos o<\/strong><strong>\u00a0<\/strong>est\u00e1n\u00a0<strong>privados de derechos b\u00e1sicos.<\/strong><\/p>\n<p>El trabajo, que fue conocido durante los \u00faltimos d\u00edas, fue realizado sobre la base de datos oficiales de la Encuesta Permanente de Hogares (EPH) del Indec.<\/p>\n<p>Los datos advierten que <strong>dos de cada tres ni\u00f1os<\/strong> de Argentina (<strong>66%<\/strong>) son<strong>\u00a0<\/strong><strong>pobres por ingresos<\/strong><strong>\u00a0<\/strong>o est\u00e1n\u00a0<strong>privados de derechos b\u00e1sicos<\/strong>, como el acceso a la educaci\u00f3n, a una vivienda y a condiciones de agua o h\u00e1bitat seguros.<\/p>\n<p>Durante la presentaci\u00f3n realizada en las oficinas de la organizaci\u00f3n en el barrio porte\u00f1o de Retiro, la representante de Unicef Argentina, Luisa Brumana afirm\u00f3 que: \u201cLa magnitud y persistencia de la pobreza generan la <strong>necesidad urgente de<\/strong> <strong>proteger las partidas presupuestarias destinadas a infancia y adolescencia<\/strong>\u201d.<\/p>\n<p>\u201cLa pobreza es m\u00e1s que la escasez de ingresos. Vivir las primeras etapas de la vida en la pobreza significa no asistir a la escuela o hacerlo con retraso, no tener acceso a servicios b\u00e1sicos, entre otras carencias\u201d, dijo Brumana.<\/p>\n<p>\u201c<strong>A 40 a\u00f1os del regreso de la democracia, en un contexto electoral,<\/strong> creemos que es fundamental que <strong>haya un consenso<\/strong> en toda la sociedad sobre la necesidad urgente de <strong>reducir progresivamente la pobreza en la ni\u00f1ez<\/strong> en todas sus dimensiones\u201d concluy\u00f3.<\/p>\n<p>Seg\u00fan el informe, son aproximadamente<strong>\u00a0<\/strong><strong>8,8 millones<\/strong>\u00a0las ni\u00f1as y los ni\u00f1os que experimentan carencias monetarias o de algunos de los derechos fundamentales considerados en la EPH (encuesta Indec).<\/p>\n<p>Adem\u00e1s,\u00a0<strong>3,7 millones<\/strong>\u00a0enfrentan ambos tipos de privaciones simult\u00e1neamente: es decir, <strong>3 de cada 10 chicas y chicos viven en hogares con ingresos insuficientes y, al mismo tiempo, tienen al menos un derecho b\u00e1sico vulnerado<\/strong>.<\/p>\n<p>\u201c<strong>Esta situaci\u00f3n<\/strong>, que refleja el n\u00facleo m\u00e1s duro de la pobreza, <strong>se mantiene desde hace m\u00e1s de seis a\u00f1os<\/strong>\u201d, se advierte en el estudio, que claramente indica una realidad que pocos quieren admitir.<\/p>\n<p>\u201cEl presente informe fue realizado por UNICEF Argentina <strong>con el objetivo de incidir en la protecci\u00f3n y ampliaci\u00f3n del Presupuesto General de la Administraci\u00f3n Nacional para el ejercicio fiscal 2023 desde una perspectiva centrada en la ni\u00f1ez y sus derechos<\/strong>\u201d, dice el documento.<\/p>\n<p>Y detalla: \u201c<strong>El an\u00e1lisis se realiza sobre la base del cap\u00edtulo transversal de ni\u00f1ez incluido por tercer a\u00f1o consecutivo en el Mensaje de presupuesto<\/strong>, que permite la identificaci\u00f3n de <strong>los recursos financieros y metas de las pol\u00edticas y programas nacionales dirigidos a ni\u00f1as, ni\u00f1os y adolescentes<\/strong> (NNyA), lo que se conoce como el presupuesto etiquetado de NNyA\u201d.<\/p>\n<div id=\"attachment_9634\" style=\"width: 310px\" class=\"wp-caption alignleft\"><a href=\"https:\/\/www.visionweb.com.ar\/wp-content\/uploads\/2023\/02\/unicef-foto.bmp\"><img loading=\"lazy\" decoding=\"async\" aria-describedby=\"caption-attachment-9634\" class=\"wp-image-9634 size-medium\" src=\"https:\/\/www.visionweb.com.ar\/wp-content\/uploads\/2023\/02\/unicef-foto-300x110.jpg\" alt=\"\" width=\"300\" height=\"110\" srcset=\"https:\/\/www.visionweb.com.ar\/wp-content\/uploads\/2023\/02\/unicef-foto-300x110.jpg 300w, https:\/\/www.visionweb.com.ar\/wp-content\/uploads\/2023\/02\/unicef-foto.bmp 449w\" sizes=\"auto, (max-width: 300px) 100vw, 300px\" \/><\/a><p id=\"caption-attachment-9634\" class=\"wp-caption-text\">Fotos: Unicef Argentina<\/p><\/div>\n<p>Seg\u00fan el informe realizado sobre la base del Presupuesto Abierto y otras fuentes de informaci\u00f3n p\u00fablica, <strong>el presupuesto nacional destinado a la infancia en 2023 presenta contracciones de entre un 13,3% y un 22,2%<\/strong>, seg\u00fan el \u00edndice inflacionario que se considere.<strong>(VW)<\/strong><\/p>\n<p>&nbsp;<\/p>\n","protected":false},"excerpt":{"rendered":"<p>Existe \u201cLa necesidad urgente de proteger las partidas presupuestarias destinadas a infancia y adolescencia\u201d, dijo la representante de Unicef Argentina. Hay cerca de\u00a08,8 millones\u00a0de ni\u00f1as y ni\u00f1os que experimentan carencias.<\/p>\n","protected":false},"author":4,"featured_media":9634,"comment_status":"closed","ping_status":"closed","sticky":false,"template":"","format":"standard","meta":{"_monsterinsights_skip_tracking":false,"_monsterinsights_sitenote_active":false,"_monsterinsights_sitenote_note":"","_monsterinsights_sitenote_category":0,"footnotes":""},"categories":[4,5],"tags":[4014,3363,4016,4013,4015],"class_list":["post-9631","post","type-post","status-publish","format-standard","has-post-thumbnail","hentry","category-politica","category-sociedad","tag-dos-de-cada-tres-ninos-son-pobres","tag-informe-pobreza","tag-luisa-brumana","tag-unicef","tag-unucef-argentina"],"_links":{"self":[{"href":"https:\/\/www.visionweb.com.ar\/index.php?rest_route=\/wp\/v2\/posts\/9631","targetHints":{"allow":["GET"]}}],"collection":[{"href":"https:\/\/www.visionweb.com.ar\/index.php?rest_route=\/wp\/v2\/posts"}],"about":[{"href":"https:\/\/www.visionweb.com.ar\/index.php?rest_route=\/wp\/v2\/types\/post"}],"author":[{"embeddable":true,"href":"https:\/\/www.visionweb.com.ar\/index.php?rest_route=\/wp\/v2\/users\/4"}],"replies":[{"embeddable":true,"href":"https:\/\/www.visionweb.com.ar\/index.php?rest_route=%2Fwp%2Fv2%2Fcomments&post=9631"}],"version-history":[{"count":2,"href":"https:\/\/www.visionweb.com.ar\/index.php?rest_route=\/wp\/v2\/posts\/9631\/revisions"}],"predecessor-version":[{"id":9635,"href":"https:\/\/www.visionweb.com.ar\/index.php?rest_route=\/wp\/v2\/posts\/9631\/revisions\/9635"}],"wp:featuredmedia":[{"embeddable":true,"href":"https:\/\/www.visionweb.com.ar\/index.php?rest_route=\/wp\/v2\/media\/9634"}],"wp:attachment":[{"href":"https:\/\/www.visionweb.com.ar\/index.php?rest_route=%2Fwp%2Fv2%2Fmedia&parent=9631"}],"wp:term":[{"taxonomy":"category","embeddable":true,"href":"https:\/\/www.visionweb.com.ar\/index.php?rest_route=%2Fwp%2Fv2%2Fcategories&post=9631"},{"taxonomy":"post_tag","embeddable":true,"href":"https:\/\/www.visionweb.com.ar\/index.php?rest_route=%2Fwp%2Fv2%2Ftags&post=9631"}],"curies":[{"name":"wp","href":"https:\/\/api.w.org\/{rel}","templated":true}]}}