{"id":9625,"date":"2023-02-20T10:28:29","date_gmt":"2023-02-20T13:28:29","guid":{"rendered":"https:\/\/www.visionweb.com.ar\/?p=9625"},"modified":"2023-02-20T10:28:29","modified_gmt":"2023-02-20T13:28:29","slug":"lanus-comenzaron-las-inscripciones-para-los-talleres-culturales","status":"publish","type":"post","link":"https:\/\/www.visionweb.com.ar\/?p=9625","title":{"rendered":"Lan\u00fas: Comenzaron las inscripciones para los Talleres Culturales"},"content":{"rendered":"<p><strong><em>Habr\u00e1 actividad f\u00edsica, baile, diversas disciplinas art\u00edsticas y hasta gastronom\u00eda. Para anotarse hay tiempo hasta el 24 de febrero. Las clases inician el 06 de marzo.<\/em><\/strong><!--more--><\/p>\n<p><strong><img loading=\"lazy\" decoding=\"async\" class=\"size-medium wp-image-9627 alignleft\" src=\"https:\/\/www.visionweb.com.ar\/wp-content\/uploads\/2023\/02\/cultura-cursos-1-176x300.jpg\" alt=\"\" width=\"176\" height=\"300\" srcset=\"https:\/\/www.visionweb.com.ar\/wp-content\/uploads\/2023\/02\/cultura-cursos-1-176x300.jpg 176w, https:\/\/www.visionweb.com.ar\/wp-content\/uploads\/2023\/02\/cultura-cursos-1.jpg 267w\" sizes=\"auto, (max-width: 176px) 100vw, 176px\" \/>L<\/strong>a Secretar\u00eda de Cultura del Municipio de Lan\u00fas, abri\u00f3 las inscripciones online para los Talleres Culturales, con propuestas para todas las edades.<\/p>\n<p>Para anotarse, los vecinos podr\u00e1n ingresar a:\u00a0<a href=\"http:\/\/linktr.ee\/Lanuscultura\">linktr.ee\/Lanuscultura<\/a><\/p>\n<p>Las inscripciones ser\u00e1n hasta agotar cupos y luego, despu\u00e9s del 24\/02, se enviar\u00e1 la confirmaci\u00f3n de asistencia, indic\u00f3 Prensa de Lan\u00fas.<\/p>\n<p>A continuaci\u00f3n, se detallan las modalidades disponibles:<\/p>\n<p><strong><img loading=\"lazy\" decoding=\"async\" class=\"size-medium wp-image-9628 alignright\" src=\"https:\/\/www.visionweb.com.ar\/wp-content\/uploads\/2023\/02\/cultura-cursos-2-169x300.jpg\" alt=\"\" width=\"169\" height=\"300\" srcset=\"https:\/\/www.visionweb.com.ar\/wp-content\/uploads\/2023\/02\/cultura-cursos-2-169x300.jpg 169w, https:\/\/www.visionweb.com.ar\/wp-content\/uploads\/2023\/02\/cultura-cursos-2.jpg 216w\" sizes=\"auto, (max-width: 169px) 100vw, 169px\" \/>Actividad f\u00edsica y baile para adultos: a partir de 18 a\u00f1os<\/strong><\/p>\n<p>&#8211; Yoga<br \/>\n&#8211; Gimnasia adultos mayores<br \/>\n&#8211; Flamenco principiantes<br \/>\n&#8211; Sevillana<br \/>\n&#8211; Comedia musical<br \/>\n&#8211; Folklore avanzado<br \/>\n&#8211; Folklore inicial<br \/>\n&#8211; Producci\u00f3n comedia musical<br \/>\n&#8211; Ritmix<br \/>\n&#8211; Aero funcional<br \/>\n&#8211; Tango<\/p>\n<p><strong><img loading=\"lazy\" decoding=\"async\" class=\"size-medium wp-image-9629 alignleft\" src=\"https:\/\/www.visionweb.com.ar\/wp-content\/uploads\/2023\/02\/cultura-cursos-3-169x300.jpg\" alt=\"\" width=\"169\" height=\"300\" srcset=\"https:\/\/www.visionweb.com.ar\/wp-content\/uploads\/2023\/02\/cultura-cursos-3-169x300.jpg 169w, https:\/\/www.visionweb.com.ar\/wp-content\/uploads\/2023\/02\/cultura-cursos-3.jpg 180w\" sizes=\"auto, (max-width: 169px) 100vw, 169px\" \/>Art\u00edsticas y Gastronom\u00eda para adultos: a partir de 18 a\u00f1os<\/strong><\/p>\n<p>&#8211; Sublimaci\u00f3n<br \/>\n&#8211; Pintura decorativa sobre tela<br \/>\n&#8211; Pintura decorativa sobre madera<br \/>\n&#8211; Seminario ambientaci\u00f3n de interiores<br \/>\n&#8211; Serigraf\u00eda<br \/>\n&#8211; Dise\u00f1o para serigraf\u00eda<br \/>\n&#8211; Cocina saludable<br \/>\n&#8211; Cocina tradicional<\/p>\n<p><strong>Actividades para ni\u00f1os y ni\u00f1as<\/strong><\/p>\n<p>&#8211; Comedia musical (de 9 a 13 a\u00f1os)<br \/>\n&#8211; Dibujo (de 10 a 13 a\u00f1os)<br \/>\n&#8211; Escultura (de 8 a 11 a\u00f1os)<\/p>\n<p>A la vez, el Municipio facilit\u00f3 los siguientes mails, para realizar consultas: \u00a0<a href=\"mailto:tallerescasadelaculturalanus@gmail.com\">tallerescasadelaculturalanus@gmail.com<\/a>\u00a0o\u00a0<a href=\"mailto:ssculturalanus@gmail.com\">ssculturalanus@gmail.com<\/a> \u00a0<strong>(VW)<\/strong><\/p>\n<p>&nbsp;<\/p>\n","protected":false},"excerpt":{"rendered":"<p>Habr\u00e1 actividad f\u00edsica, baile, diversas disciplinas art\u00edsticas y hasta gastronom\u00eda. Para anotarse hay tiempo hasta el 24 de febrero. Las clases inician el 06 de marzo.<\/p>\n","protected":false},"author":4,"featured_media":9629,"comment_status":"closed","ping_status":"closed","sticky":false,"template":"","format":"standard","meta":{"_monsterinsights_skip_tracking":false,"_monsterinsights_sitenote_active":false,"_monsterinsights_sitenote_note":"","_monsterinsights_sitenote_category":0,"footnotes":""},"categories":[7,8],"tags":[1022,4010,4011,4012],"class_list":["post-9625","post","type-post","status-publish","format-standard","has-post-thumbnail","hentry","category-educacion-y-cultura","category-interes-general","tag-inscripciones","tag-lanus-cultura","tag-municipio-d-lanus","tag-talleres-culturales"],"_links":{"self":[{"href":"https:\/\/www.visionweb.com.ar\/index.php?rest_route=\/wp\/v2\/posts\/9625","targetHints":{"allow":["GET"]}}],"collection":[{"href":"https:\/\/www.visionweb.com.ar\/index.php?rest_route=\/wp\/v2\/posts"}],"about":[{"href":"https:\/\/www.visionweb.com.ar\/index.php?rest_route=\/wp\/v2\/types\/post"}],"author":[{"embeddable":true,"href":"https:\/\/www.visionweb.com.ar\/index.php?rest_route=\/wp\/v2\/users\/4"}],"replies":[{"embeddable":true,"href":"https:\/\/www.visionweb.com.ar\/index.php?rest_route=%2Fwp%2Fv2%2Fcomments&post=9625"}],"version-history":[{"count":2,"href":"https:\/\/www.visionweb.com.ar\/index.php?rest_route=\/wp\/v2\/posts\/9625\/revisions"}],"predecessor-version":[{"id":9630,"href":"https:\/\/www.visionweb.com.ar\/index.php?rest_route=\/wp\/v2\/posts\/9625\/revisions\/9630"}],"wp:featuredmedia":[{"embeddable":true,"href":"https:\/\/www.visionweb.com.ar\/index.php?rest_route=\/wp\/v2\/media\/9629"}],"wp:attachment":[{"href":"https:\/\/www.visionweb.com.ar\/index.php?rest_route=%2Fwp%2Fv2%2Fmedia&parent=9625"}],"wp:term":[{"taxonomy":"category","embeddable":true,"href":"https:\/\/www.visionweb.com.ar\/index.php?rest_route=%2Fwp%2Fv2%2Fcategories&post=9625"},{"taxonomy":"post_tag","embeddable":true,"href":"https:\/\/www.visionweb.com.ar\/index.php?rest_route=%2Fwp%2Fv2%2Ftags&post=9625"}],"curies":[{"name":"wp","href":"https:\/\/api.w.org\/{rel}","templated":true}]}}