{"id":9618,"date":"2023-02-18T10:15:17","date_gmt":"2023-02-18T13:15:17","guid":{"rendered":"https:\/\/www.visionweb.com.ar\/?p=9618"},"modified":"2023-02-18T10:15:17","modified_gmt":"2023-02-18T13:15:17","slug":"finde-xxl-carnavales-en-lanus-a-todo-ritmo","status":"publish","type":"post","link":"https:\/\/www.visionweb.com.ar\/?p=9618","title":{"rendered":"Finde XXL: Carnavales en Lan\u00fas a todo ritmo"},"content":{"rendered":"<p><strong><em>Habr\u00e1 diversos shows y espect\u00e1culos que se presentar\u00e1n los d\u00edas lunes 20 y martes 21, con asistencia libre y gratuita.<\/em><\/strong><!--more--><\/p>\n<p><strong> <img loading=\"lazy\" decoding=\"async\" class=\"size-medium wp-image-9623 alignright\" src=\"https:\/\/www.visionweb.com.ar\/wp-content\/uploads\/2023\/02\/lanus-canaval1-300x169.jpg\" alt=\"\" width=\"300\" height=\"169\" srcset=\"https:\/\/www.visionweb.com.ar\/wp-content\/uploads\/2023\/02\/lanus-canaval1-300x169.jpg 300w, https:\/\/www.visionweb.com.ar\/wp-content\/uploads\/2023\/02\/lanus-canaval1.jpg 400w\" sizes=\"auto, (max-width: 300px) 100vw, 300px\" \/>\u00a0 La Secretar\u00eda de Cultura del Municipio de Lan\u00fas<\/strong>, anunci\u00f3 que vuelven las <strong>celebraciones por Carnavales<\/strong> en el distrito, con diversas actividades y presentaciones para toda la familia.<\/p>\n<p>De esta manera, el <strong>lunes 20<\/strong> y el <strong>martes 21<\/strong> de Febrero, los vecinos podr\u00e1n disfrutar de diversos <strong>shows musicales y comparsas en vivo<\/strong>, que se presentar\u00e1n en la intersecci\u00f3n de las calles 25 de Mayo y Del Valle Iberlucea de 17 a 23 hs, conforme indic\u00f3 Prensa de Lan\u00fas.<\/p>\n<p><strong>Aqu\u00ed el detalle de las presentaciones:<\/strong><\/p>\n<p><strong><u><img loading=\"lazy\" decoding=\"async\" class=\"size-medium wp-image-9621 alignleft\" src=\"https:\/\/www.visionweb.com.ar\/wp-content\/uploads\/2023\/02\/lanus-canaval2-169x300.jpg\" alt=\"\" width=\"169\" height=\"300\" srcset=\"https:\/\/www.visionweb.com.ar\/wp-content\/uploads\/2023\/02\/lanus-canaval2-169x300.jpg 169w, https:\/\/www.visionweb.com.ar\/wp-content\/uploads\/2023\/02\/lanus-canaval2.jpg 216w\" sizes=\"auto, (max-width: 169px) 100vw, 169px\" \/>LUNES 20 <\/u><\/strong><\/p>\n<p>&#8211; Comienza el evento 17:30<\/p>\n<p>-Tambores del Sur 18:00<\/p>\n<p>&#8211; Silvana La Chivi 19:00<\/p>\n<p>&#8211; Unidos de Fiorito 20:00<\/p>\n<p>&#8211; Juan Morales 21:00<\/p>\n<p>&#8211; Farra Carnavalera 22:00<\/p>\n<p><u>MARTES 21<\/u><\/p>\n<p>&#8211; Comienza el evento 17:30<\/p>\n<p><strong><img loading=\"lazy\" decoding=\"async\" class=\"size-full wp-image-9622 alignright\" src=\"https:\/\/www.visionweb.com.ar\/wp-content\/uploads\/2023\/02\/lanus-carnaval3-1.jpg\" alt=\"\" width=\"260\" height=\"260\" srcset=\"https:\/\/www.visionweb.com.ar\/wp-content\/uploads\/2023\/02\/lanus-carnaval3-1.jpg 260w, https:\/\/www.visionweb.com.ar\/wp-content\/uploads\/2023\/02\/lanus-carnaval3-1-150x150.jpg 150w, https:\/\/www.visionweb.com.ar\/wp-content\/uploads\/2023\/02\/lanus-carnaval3-1-80x80.jpg 80w, https:\/\/www.visionweb.com.ar\/wp-content\/uploads\/2023\/02\/lanus-carnaval3-1-65x65.jpg 65w\" sizes=\"auto, (max-width: 260px) 100vw, 260px\" \/>\u00a0<\/strong><strong>-Calipso 18:00<\/strong><\/p>\n<p>&#8211; Trap 19:00<\/p>\n<p>&#8211; Amanecer de los Tigres 20:00<\/p>\n<p>&#8211; Contacto Estrecho 21:00<\/p>\n<p><strong>&#8211; Los Preferidos de Bunge 22:00<\/strong><\/p>\n<p>El Municipio inform\u00f3 que dichas actividades se suspenden por lluvia.<strong> (VW)<\/strong><\/p>\n<p>&nbsp;<\/p>\n","protected":false},"excerpt":{"rendered":"<p>Habr\u00e1 diversos shows y espect\u00e1culos que se presentar\u00e1n los d\u00edas lunes 20 y martes 21, con asistencia libre y gratuita.<\/p>\n","protected":false},"author":4,"featured_media":9623,"comment_status":"closed","ping_status":"closed","sticky":false,"template":"","format":"standard","meta":{"_monsterinsights_skip_tracking":false,"_monsterinsights_sitenote_active":false,"_monsterinsights_sitenote_note":"","_monsterinsights_sitenote_category":0,"footnotes":""},"categories":[8],"tags":[4009,1511,2824,3994],"class_list":["post-9618","post","type-post","status-publish","format-standard","has-post-thumbnail","hentry","category-interes-general","tag-carnavales","tag-eventos","tag-municipio-de-lanus","tag-secretaria-de-cultura"],"_links":{"self":[{"href":"https:\/\/www.visionweb.com.ar\/index.php?rest_route=\/wp\/v2\/posts\/9618","targetHints":{"allow":["GET"]}}],"collection":[{"href":"https:\/\/www.visionweb.com.ar\/index.php?rest_route=\/wp\/v2\/posts"}],"about":[{"href":"https:\/\/www.visionweb.com.ar\/index.php?rest_route=\/wp\/v2\/types\/post"}],"author":[{"embeddable":true,"href":"https:\/\/www.visionweb.com.ar\/index.php?rest_route=\/wp\/v2\/users\/4"}],"replies":[{"embeddable":true,"href":"https:\/\/www.visionweb.com.ar\/index.php?rest_route=%2Fwp%2Fv2%2Fcomments&post=9618"}],"version-history":[{"count":2,"href":"https:\/\/www.visionweb.com.ar\/index.php?rest_route=\/wp\/v2\/posts\/9618\/revisions"}],"predecessor-version":[{"id":9624,"href":"https:\/\/www.visionweb.com.ar\/index.php?rest_route=\/wp\/v2\/posts\/9618\/revisions\/9624"}],"wp:featuredmedia":[{"embeddable":true,"href":"https:\/\/www.visionweb.com.ar\/index.php?rest_route=\/wp\/v2\/media\/9623"}],"wp:attachment":[{"href":"https:\/\/www.visionweb.com.ar\/index.php?rest_route=%2Fwp%2Fv2%2Fmedia&parent=9618"}],"wp:term":[{"taxonomy":"category","embeddable":true,"href":"https:\/\/www.visionweb.com.ar\/index.php?rest_route=%2Fwp%2Fv2%2Fcategories&post=9618"},{"taxonomy":"post_tag","embeddable":true,"href":"https:\/\/www.visionweb.com.ar\/index.php?rest_route=%2Fwp%2Fv2%2Ftags&post=9618"}],"curies":[{"name":"wp","href":"https:\/\/api.w.org\/{rel}","templated":true}]}}