{"id":9584,"date":"2023-02-16T13:13:40","date_gmt":"2023-02-16T16:13:40","guid":{"rendered":"https:\/\/www.visionweb.com.ar\/?p=9584"},"modified":"2023-02-16T13:13:40","modified_gmt":"2023-02-16T16:13:40","slug":"lanus-cruces-entre-diego-kravetz-y-juan-grabois-tras-los-incidentes-por-la-detencion-de-una-diputada","status":"publish","type":"post","link":"https:\/\/www.visionweb.com.ar\/?p=9584","title":{"rendered":"Lan\u00fas: Cruces entre Diego Kravetz y Juan Grabois tras los incidentes por la detenci\u00f3n de una diputada"},"content":{"rendered":"<p><em><strong>Se trata de Natalia Zaracho, del bloque del Frente de Todos que ayer fue detenida por intervenir en defensa de un menor delincuente mientras era arrestado. Desde el municipio dicen que la legisladora agredi\u00f3 a polic\u00edas de la Bonaerense y locales. Hubo incidentes frente a la comisar\u00eda 5ta. de villa Diamante.<\/strong><\/em><!--more--><\/p>\n<p><strong><img loading=\"lazy\" decoding=\"async\" class=\"size-medium wp-image-9586 alignright\" src=\"https:\/\/www.visionweb.com.ar\/wp-content\/uploads\/2023\/02\/Dip-nat-zaracho-detencion-300x196.jpg\" alt=\"\" width=\"300\" height=\"196\" srcset=\"https:\/\/www.visionweb.com.ar\/wp-content\/uploads\/2023\/02\/Dip-nat-zaracho-detencion-300x196.jpg 300w, https:\/\/www.visionweb.com.ar\/wp-content\/uploads\/2023\/02\/Dip-nat-zaracho-detencion.bmp 353w\" sizes=\"auto, (max-width: 300px) 100vw, 300px\" \/>\u00a0\u00a0 E<\/strong>l Jefe de Gabinete y encargado de Seguridad del municipio de Lan\u00fas, <strong>Diego Kravetz<\/strong> cruz\u00f3 al dirigente de Patria Grande <strong>Juan Grabois<\/strong>, luego de sus dichos en redes por la detenci\u00f3n de la diputada nacional<strong> Natalia Zaracho, quien interfiri\u00f3 en la detenci\u00f3n de un delincuente que circulaba en una moto robada, <\/strong>seg\u00fan informaron desde la comuna.<\/p>\n<p>La diputada nacional Natalia Zaracho integra la agrupaci\u00f3n del Frente de Todos y se referencia en el dirigente social Juan Grabois, quien ayer confirm\u00f3 a trav\u00e9s de sus redes que fue retenida por \u201cdefender a un pibe que estaban fajando entre varios polic\u00edas\u201d.<\/p>\n<p>El conflicto que concluy\u00f3 con la detenci\u00f3n de la legisladora se inici\u00f3 cuando\u00a0<strong>efectivos policiales empezaron a reducir a un presunto delincuente que transitaba en una moto robada y la diputada y una de sus acompa\u00f1antes se interpusieron<\/strong><strong>\u00a0<\/strong>porque, seg\u00fan dijo, era menor de edad, visiblemente bajo los efectos de estupefacientes, y consider\u00f3 que los efectivos ejercieron violencia contra el joven.<\/p>\n<p><strong>Seg\u00fan la polic\u00eda, las mujeres se negaron a identificarse,<\/strong><strong>\u00a0<\/strong>por lo que fueron detenidas y trasladadas a la Comisar\u00eda quinta de Lan\u00fas en Villa Diamante.<\/p>\n<p>Conocida la noticia,\u00a0<strong>diversas organizaciones convocaron a movilizarse frente a la dependencia policial<\/strong><strong>\u00a0<\/strong>para exigir la liberaci\u00f3n de la diputada, que ocurri\u00f3 despu\u00e9s de varias horas y tras algunos disturbios.<\/p>\n<p><strong>Tras su liberaci\u00f3n, la diputada Natalia Zaracho dio su versi\u00f3n de los hechos<\/strong> en un video que comparti\u00f3 a trav\u00e9s de sus redes sociales. \u201c<strong>Nunca no voy a intervenir si veo que la polic\u00eda le pega patadas en la cabeza a un pibe de 14 a\u00f1os. Pasamos un momento muy feo pero lo har\u00eda devuelta por cualquier pibe del barrio\u201d,<\/strong><strong>\u00a0<\/strong>escribi\u00f3 en Twitter.<\/p>\n<p>La diputada cont\u00f3 que volv\u00eda del Congreso cuando se encontr\u00f3 con la situaci\u00f3n. \u201cVimos que le estaban pegando a un pibe que ya lo ten\u00edan en el piso, el pibe estaba re drogado, era un menor de edad.\u00a0<strong>Ya lo ten\u00edan apresado y viene un grandote y le da una patada en la cara, y yo me baj\u00e9 y me identifiqu\u00e9,<\/strong>\u00a0le dije \u2018no le hagas eso\u2019. Pero me empuj\u00f3, me tir\u00f3 y ca\u00ed en el piso. Me re calent\u00e9 y yo quer\u00eda sacar al pibe, el pibe me dec\u00eda que no lo deje\u201d, detall\u00f3 la funcionaria.<\/p>\n<p>Ante sus seguidores, Zaracho asegur\u00f3 que volver\u00eda a actuar de igual manera. \u201cCada vez r<strong>eafirmo m\u00e1s la lucha de nuestra organizaci\u00f3n que sabe estar donde tiene que estar y que lo har\u00eda de vuelta por cualquier pibe del barrio<\/strong>. Algo muy loco, que pasa siempre y se lo dije al comisario cuando yo me identificaba y le dec\u00eda que era diputada, es que se me cagaban de risa\u201d, asegur\u00f3 la primera diputada cartonera.<\/p>\n<p><strong>La pol\u00e9mica entre Kravetz y Grabois:<\/strong><\/p>\n<p>La respuesta de Diego Kravetz en redes: \u00ab<strong>Los fueros no habilitan a agarrar a trompadas a polic\u00edas<\/strong>,\u00a0\u00bfvan\u00a0a prender fuego la comisar\u00eda, Grabois?\u00bb.<\/p>\n<p>y agreg\u00f3: \u00abTe invito cuando quieras a reunirte con v\u00edctimas de los\u00a0<strong>motochorros que ustedes protegen<\/strong>\u00ab, volvi\u00f3 a expresarse el funcionario municipal.<\/p>\n<p>\u00abY te aviso: lo que rompan del espacio p\u00fablico de Lan\u00fas,<strong>\u00a0<\/strong><strong>lo van a tener que pagar<\/strong>\u00ab, concluy\u00f3 Kravetz, pareja de la ministra porte\u00f1a Soledad Acu\u00f1a.<\/p>\n<p>M\u00e1s tarde Kravetz comparti\u00f3\u00a0<strong>un video de incidentes<\/strong><strong>\u00a0<\/strong>frente a la comisar\u00eda, tras la convocatoria lanzada por el Frente Patria Grande. En las im\u00e1genes se ve a manifestantes avanzar sobre algunas vallas y personal policial,\u00a0<strong>arrojando elementos contra el frente del local policial y contra los agentes<\/strong><strong>\u00a0<\/strong>que custodiaban la puerta.<\/p>\n<p>Acto seguido, arremeti\u00f3: \u201cDeber\u00eda tener respeto por la autoridad como cualquier ciudadano. Adem\u00e1s, y en lugar de ayudar al delincuente,\u00a0<strong>tendr\u00edan que pensar en las familias de Lan\u00fas que son v\u00edctimas<\/strong><strong>\u00a0<\/strong>de delitos\u201d.<\/p>\n<p>Desde la Municipalidad de Lan\u00fas salieron a<strong>\u00a0<\/strong><strong>contradecir el relato de Grabois<\/strong><strong>\u00a0<\/strong>y explicar lo que sucedi\u00f3 con Zaracho. \u00abEn el d\u00eda de hoy, la diputada Nacional Natalia Zaracho\u00a0<strong>agredi\u00f3 a personal de la Polic\u00eda Bonaerense y la Patrulla de Respuesta Inmediata<\/strong>\u00a0de Lan\u00fas cuando intentaban detener al conductor de\u00a0<strong>una moto robada<\/strong>\u00ab, explicaron las autoridades locales.<\/p>\n<p>Por su parte, el dirigente social <strong>Juan Grabois dijo<\/strong>: \u201cLa diputada Natalia Zaracho,\u00a0<strong>que no vive en un termo como el 99% de los pol\u00edticos sino en Villa Fiorito defendi\u00f3 a un pibe<\/strong><strong>\u00a0<\/strong>que estaban fajando entre varios polic\u00edas y sin respetar sus fueros la tienen secuestrada en la 5ta de Diamante, Lan\u00fas. Si la tocan a Natalia, f\u00edjense\u201d.<\/p>\n<p>Y acot\u00f3: \u201cC\u00f3mo es esto? Adem\u00e1s de diputado, \u00bften\u00e9s que ser blanco y rico para que se respete la Constituci\u00f3n? Con todos los corruptos y criminales de la pol\u00edtica justo a Nati? Le pegaron, la humillaron, media hora en un patrullero,\u00a0<strong>van tres horas en la narcocomisaria mas transa de Lan\u00fas<\/strong>\u201d.<\/p>\n<p><strong>El llamado de Cristina Kirchner: \u00a0<\/strong>Grabois, adem\u00e1s, revel\u00f3 que\u00a0<strong>la vicepresidente Cristina Kirchner se comunic\u00f3 telef\u00f3nicamente<\/strong>\u00a0con Zaracho para solidarizarse por lo acontecido este mi\u00e9rcoles.<\/p>\n<p>\u201cCristina la llam\u00f3 inmediatamente a Nati.\u00a0<strong>Esos gestos son importantes<\/strong>, porque son humanos\u201d, se\u00f1al\u00f3\u00a0Grabois, referente del Movimiento de Trabajadores Excluidos y de la Confederaci\u00f3n de Trabajadores de la Econom\u00eda Popular.<\/p>\n<p><strong><a href=\"https:\/\/www.visionweb.com.ar\/wp-content\/uploads\/2023\/02\/Dip-Natalia-Zaracho.bmp\"><img loading=\"lazy\" decoding=\"async\" class=\"size-medium wp-image-9587 alignleft\" src=\"https:\/\/www.visionweb.com.ar\/wp-content\/uploads\/2023\/02\/Dip-Natalia-Zaracho-300x169.jpg\" alt=\"\" width=\"300\" height=\"169\" srcset=\"https:\/\/www.visionweb.com.ar\/wp-content\/uploads\/2023\/02\/Dip-Natalia-Zaracho-300x169.jpg 300w, https:\/\/www.visionweb.com.ar\/wp-content\/uploads\/2023\/02\/Dip-Natalia-Zaracho.bmp 365w\" sizes=\"auto, (max-width: 300px) 100vw, 300px\" \/><\/a>\u00a0<\/strong><strong>Qui\u00e9n es Natalia Zaracho<\/strong>, la diputada \u00abcartonera\u00bb: \u00abPor la\u00a0<strong>Patria Cartonera<\/strong>\u00a0y por la lucha de los pobres de nuestra tierra\u00bb, fueron las palabras que eligi\u00f3 Natalia Zaracho para asumir su banca en la C\u00e1mara de Diputados, en diciembre de 2021.<\/p>\n<p>Lo hizo para ocupar el lugar que dej\u00f3\u00a0Daniela Vilar, que sali\u00f3 del Parlamento para convertirse en ministra de Ambiente bonaerense. Zaracho hab\u00eda ido en el puesto 26 de la boleta que encabezaron Sergio Massa y Luana Volnovich en las elecciones 2019, por lo que su mandato concluye en diciembre pr\u00f3ximo.<\/p>\n<p>La legisladora, que en la p\u00e1gina oficial de Diputados se define como \u00abTrabajadora de la Econom\u00eda Popular\u00bb, tiene 33 a\u00f1os y dos hijos. Por su juramento la llaman \u00abLa diputada cartonera\u00bb. <strong>(VW)<\/strong><\/p>\n<p>&nbsp;<\/p>\n","protected":false},"excerpt":{"rendered":"<p>Se trata de Natalia Zaracho, del bloque del Frente de Todos que ayer fue detenida por intervenir en defensa de un menor delincuente mientras era arrestado. Desde el municipio dicen que la legisladora agredi\u00f3&#46;&#46;&#46;<\/p>\n","protected":false},"author":4,"featured_media":9587,"comment_status":"closed","ping_status":"closed","sticky":false,"template":"","format":"standard","meta":{"_monsterinsights_skip_tracking":false,"_monsterinsights_sitenote_active":false,"_monsterinsights_sitenote_note":"","_monsterinsights_sitenote_category":0,"footnotes":""},"categories":[8,4],"tags":[3990,3991,3993,19,3992],"class_list":["post-9584","post","type-post","status-publish","format-standard","has-post-thumbnail","hentry","category-interes-general","category-politica","tag-detuvieron-a-una-diputada","tag-diego-kravetz","tag-juan-grabois","tag-lanus","tag-natalia-zaracho"],"_links":{"self":[{"href":"https:\/\/www.visionweb.com.ar\/index.php?rest_route=\/wp\/v2\/posts\/9584","targetHints":{"allow":["GET"]}}],"collection":[{"href":"https:\/\/www.visionweb.com.ar\/index.php?rest_route=\/wp\/v2\/posts"}],"about":[{"href":"https:\/\/www.visionweb.com.ar\/index.php?rest_route=\/wp\/v2\/types\/post"}],"author":[{"embeddable":true,"href":"https:\/\/www.visionweb.com.ar\/index.php?rest_route=\/wp\/v2\/users\/4"}],"replies":[{"embeddable":true,"href":"https:\/\/www.visionweb.com.ar\/index.php?rest_route=%2Fwp%2Fv2%2Fcomments&post=9584"}],"version-history":[{"count":2,"href":"https:\/\/www.visionweb.com.ar\/index.php?rest_route=\/wp\/v2\/posts\/9584\/revisions"}],"predecessor-version":[{"id":9588,"href":"https:\/\/www.visionweb.com.ar\/index.php?rest_route=\/wp\/v2\/posts\/9584\/revisions\/9588"}],"wp:featuredmedia":[{"embeddable":true,"href":"https:\/\/www.visionweb.com.ar\/index.php?rest_route=\/wp\/v2\/media\/9587"}],"wp:attachment":[{"href":"https:\/\/www.visionweb.com.ar\/index.php?rest_route=%2Fwp%2Fv2%2Fmedia&parent=9584"}],"wp:term":[{"taxonomy":"category","embeddable":true,"href":"https:\/\/www.visionweb.com.ar\/index.php?rest_route=%2Fwp%2Fv2%2Fcategories&post=9584"},{"taxonomy":"post_tag","embeddable":true,"href":"https:\/\/www.visionweb.com.ar\/index.php?rest_route=%2Fwp%2Fv2%2Ftags&post=9584"}],"curies":[{"name":"wp","href":"https:\/\/api.w.org\/{rel}","templated":true}]}}