{"id":9580,"date":"2023-02-16T11:27:49","date_gmt":"2023-02-16T14:27:49","guid":{"rendered":"https:\/\/www.visionweb.com.ar\/?p=9580"},"modified":"2023-02-16T11:27:49","modified_gmt":"2023-02-16T14:27:49","slug":"cortes-de-luz-habra-una-veeduria-en-las-empresas-y-multas-de-mil-millones-mientras-los-cortes-de-suministro-continuan","status":"publish","type":"post","link":"https:\/\/www.visionweb.com.ar\/?p=9580","title":{"rendered":"Cortes de luz: Habr\u00e1 una veedur\u00eda en las empresas y multas de mil millones, mientras los cortes de suministro contin\u00faan"},"content":{"rendered":"<p><em><strong>Hoy en conferencia de prensa la portavoz de Presidencia Gabriela Cerruti, neg\u00f3 que haya crisis energ\u00e9tica y confirm\u00f3 que \u201cel Gobierno analiza todas las alternativas posibles\u201d. Mientras los intendentes del conurbano buscan hacerse cargo de Edesur. C\u00f3mo reclamar a las empresas.<\/strong><\/em><!--more--><\/p>\n<div id=\"attachment_9582\" style=\"width: 310px\" class=\"wp-caption alignright\"><img loading=\"lazy\" decoding=\"async\" aria-describedby=\"caption-attachment-9582\" class=\"wp-image-9582 size-medium\" src=\"https:\/\/www.visionweb.com.ar\/wp-content\/uploads\/2023\/02\/edesur-basta-de-cortes-300x218.jpg\" alt=\"\" width=\"300\" height=\"218\" srcset=\"https:\/\/www.visionweb.com.ar\/wp-content\/uploads\/2023\/02\/edesur-basta-de-cortes-300x218.jpg 300w, https:\/\/www.visionweb.com.ar\/wp-content\/uploads\/2023\/02\/edesur-basta-de-cortes.bmp 444w\" sizes=\"auto, (max-width: 300px) 100vw, 300px\" \/><p id=\"caption-attachment-9582\" class=\"wp-caption-text\">Foto: internet<\/p><\/div>\n<p><strong> \u00a0\u00a0 E<\/strong>l ministro de Econom\u00eda, Sergio Massa, anunci\u00f3 ayer que\u00a0<strong>multar\u00e1 a Edesur en $1000 millones de pesos y designar\u00e1 una veedur\u00eda con auditor\u00eda de la Universidad de Buenos Aires<\/strong><strong>\u00a0<\/strong>(UBA) para revisar la operatoria general de la empresa.<\/p>\n<p>Luego de m\u00e1s de 5 d\u00edas con reiteradas interrupciones del suministro el\u00e9ctrico y las quejas de los usuarios, con cortes de calles y autopistas incluidos, el gobierno difundi\u00f3 un anuncio tras una\u00a0<strong>reuni\u00f3n de urgencia a la que cit\u00f3 a directivos de Edesur<\/strong>\u00a0que, hasta el momento, no emiti\u00f3 un comunicado oficial.<\/p>\n<p>Si bien\u00a0<strong>la idea del gobierno era avanzar con la intervenci\u00f3n de la empresa, <\/strong>sin descartar quitarle la concesi\u00f3n, finalmente se decidi\u00f3 por la <strong>alternativa m\u00e1s moderada de la veedur\u00eda<\/strong>.<\/p>\n<p>De esta manera,\u00a0<strong>el proyecto original que era el de enviar t\u00e9cnicos del ENRE de manera permanente<\/strong><strong>\u00a0<\/strong>en la compa\u00f1\u00eda para fiscalizar los procesos operativos y la resoluci\u00f3n de reclamos de los usuarios, a<strong>hora ser\u00e1 s\u00f3lo un monitoreo a cargo de la UBA.<\/strong><\/p>\n<p><strong>Los puntos del anuncio<\/strong>: De acuerdo con la informaci\u00f3n oficial, Massa instruy\u00f3 a la secretaria de Energ\u00eda, Flavia Roy\u00f3n, y al ENRE a:<\/p>\n<p>Aplicar una\u00a0<strong>multa de $1000 millones<\/strong>\u00a0a Edesur por los \u201cproblemas de calidad en el servicio\u201d.<\/p>\n<p>Devolver a los usuarios que hayan sido v\u00edctimas de cortes superiores al promedio establecido en el contrato de\u00a0<strong>la totalidad de la factura del \u00faltimo mes.<\/strong><\/p>\n<p>Habilitar un \u00e1mbito de\u00a0<strong>reclamo por da\u00f1os a electrodom\u00e9sticos domiciliarios<\/strong>.<\/p>\n<p>Poner en marcha de una veedur\u00eda con auditor\u00eda de la UBA \u201cpara revisar el valor de activo regulatorio,\u00a0<strong>cumplimiento del r\u00e9gimen de inversiones, cumplimiento de los tiempos de respuesta<\/strong><strong>\u00a0<\/strong>a los usuarios y calidad en el servicio de transmisi\u00f3n de toda el \u00e1rea de Edesur\u201d.<\/p>\n<p><strong>Los intendentes del conurbano bonaerense quieren<\/strong> <strong>crear un consorcio y hacerse cargo de Edesur: <\/strong><strong>\u00a0<\/strong><\/p>\n<p>Buscan ser parte de la resoluci\u00f3n del conflicto y a la vez sumar una nueva caja.<\/p>\n<p>En ese sentido, Mart\u00edn Insaurralde (intendente de Lomas de Zamora en uso de licencia para ocupar el cargo de jefe de Gabinete de Axel Kicillof en la Provincia)\u00a0<strong>pidi\u00f3 \u201ctomar cartas en el asunto\u201d y que los municipios se hagan cargo de la compa\u00f1\u00eda \u201cpagando lo que vale<\/strong>\u201d.<\/p>\n<p>En su cuenta de Twitter, Insaurralde escribi\u00f3: \u201cLos municipios responsables de la zona de influencia de @OficialEdesur creemos que lleg\u00f3 la hora de tomar cartas en el asunto.\u00a0<strong>Queremos armar un consorcio y ofrecer, dentro de las reglas de mercado, hacernos cargo de la compa\u00f1\u00eda pagando lo que vale<\/strong>. Proponemos hacernos cargo de @OficialEdesur preservando en poder de los municipios el valor de los activos regulatorios y poni\u00e9ndonos al frente de la inversi\u00f3n que hace falta para terminar con la desidia de esta empresa\u201d.<\/p>\n<p><strong>C\u00f3mo hacer para pedir<\/strong> <strong>resarcimiento econ\u00f3mico<\/strong>\u00a0<strong>a Edesur:\u00a0<\/strong>El Ente Nacional Regulador de Electricidad (ENRE), inform\u00f3 que si el usuario realiza el reclamo correspondiente, tanto la empresa de Edesur como la de Edenor deben compensar a los clientes.<\/p>\n<p>Para dicho reclamo, que hasta el momento es solamente de esta manera, Edesur atiende \u00a0a trav\u00e9s del\u00a00810-333-0419. A su vez exige que el cliente presente su<strong>\u00a0DNI, su domicilio y n\u00famero de cuenta, y\u00a0<\/strong>una descripci\u00f3n por escrito de lo sucedido, un presupuesto o factura de reparaci\u00f3n del artefacto (debe constar si el da\u00f1o no tiene arreglo).<\/p>\n<p><strong>En tanto, el tr\u00e1mite debe ser realizado por el titular del suministro,<\/strong>\u00a0o por un apoderado o gestor autorizado. Este representante debe presentar su DNI y un poder o nota de autorizaci\u00f3n firmada por el titular.<\/p>\n<p>Ya que hay una ley que lo avala, la empresa deber\u00e1 responder en el transcurso de\u00a0<strong>diez d\u00edas h\u00e1biles<\/strong>. Cuando reconocen la pertinencia del reclamo, <strong>no depositan el resarcimiento en una cuenta bancaria, sino que lo descuentan en futuras liquidaciones<\/strong> del servicio.<\/p>\n<p>En el caso de que la empresa no responda en el plazo estipulado o niega la pertinencia del reclamo, el usuario puede recurrir al ENRE con la constancia o n\u00famero del tr\u00e1mite realizado. <strong>(VW)<\/strong><\/p>\n<p>&nbsp;<\/p>\n","protected":false},"excerpt":{"rendered":"<p>Hoy en conferencia de prensa la portavoz de Presidencia Gabriela Cerruti, neg\u00f3 que haya crisis energ\u00e9tica y confirm\u00f3 que \u201cel Gobierno analiza todas las alternativas posibles\u201d. Mientras los intendentes del conurbano buscan hacerse cargo&#46;&#46;&#46;<\/p>\n","protected":false},"author":4,"featured_media":9582,"comment_status":"closed","ping_status":"closed","sticky":false,"template":"","format":"standard","meta":{"_monsterinsights_skip_tracking":false,"_monsterinsights_sitenote_active":false,"_monsterinsights_sitenote_note":"","_monsterinsights_sitenote_category":0,"footnotes":""},"categories":[6,8,5],"tags":[3989,1600,276,1350,869,440,3988],"class_list":["post-9580","post","type-post","status-publish","format-standard","has-post-thumbnail","hentry","category-economia","category-interes-general","category-sociedad","tag-cerruti","tag-cortes-de-luz","tag-edesur","tag-insaurralde","tag-massa","tag-reclamos","tag-veedores"],"_links":{"self":[{"href":"https:\/\/www.visionweb.com.ar\/index.php?rest_route=\/wp\/v2\/posts\/9580","targetHints":{"allow":["GET"]}}],"collection":[{"href":"https:\/\/www.visionweb.com.ar\/index.php?rest_route=\/wp\/v2\/posts"}],"about":[{"href":"https:\/\/www.visionweb.com.ar\/index.php?rest_route=\/wp\/v2\/types\/post"}],"author":[{"embeddable":true,"href":"https:\/\/www.visionweb.com.ar\/index.php?rest_route=\/wp\/v2\/users\/4"}],"replies":[{"embeddable":true,"href":"https:\/\/www.visionweb.com.ar\/index.php?rest_route=%2Fwp%2Fv2%2Fcomments&post=9580"}],"version-history":[{"count":2,"href":"https:\/\/www.visionweb.com.ar\/index.php?rest_route=\/wp\/v2\/posts\/9580\/revisions"}],"predecessor-version":[{"id":9583,"href":"https:\/\/www.visionweb.com.ar\/index.php?rest_route=\/wp\/v2\/posts\/9580\/revisions\/9583"}],"wp:featuredmedia":[{"embeddable":true,"href":"https:\/\/www.visionweb.com.ar\/index.php?rest_route=\/wp\/v2\/media\/9582"}],"wp:attachment":[{"href":"https:\/\/www.visionweb.com.ar\/index.php?rest_route=%2Fwp%2Fv2%2Fmedia&parent=9580"}],"wp:term":[{"taxonomy":"category","embeddable":true,"href":"https:\/\/www.visionweb.com.ar\/index.php?rest_route=%2Fwp%2Fv2%2Fcategories&post=9580"},{"taxonomy":"post_tag","embeddable":true,"href":"https:\/\/www.visionweb.com.ar\/index.php?rest_route=%2Fwp%2Fv2%2Ftags&post=9580"}],"curies":[{"name":"wp","href":"https:\/\/api.w.org\/{rel}","templated":true}]}}