{"id":9568,"date":"2023-02-16T08:39:42","date_gmt":"2023-02-16T11:39:42","guid":{"rendered":"https:\/\/www.visionweb.com.ar\/?p=9568"},"modified":"2023-02-16T09:14:49","modified_gmt":"2023-02-16T12:14:49","slug":"lanus-actitud-verde-continua-la-recoleccion-diferenciada-de-residuos","status":"publish","type":"post","link":"https:\/\/www.visionweb.com.ar\/?p=9568","title":{"rendered":"Lan\u00fas Actitud Verde: Contin\u00faa la recolecci\u00f3n diferenciada de residuos"},"content":{"rendered":"<p><em><strong>Ahora ser\u00e1 los s\u00e1bados por la ma\u00f1ana en la zona de Remedios de Escalada. Los materiales reciclables son: Cart\u00f3n, Papel,\u00a0Vidrio,\u00a0Metal y Pl\u00e1stico. Luego extender\u00e1n este servicio a otros barrios del distrito.<\/strong><\/em><!--more--><\/p>\n<p><strong><img loading=\"lazy\" decoding=\"async\" class=\"size-medium wp-image-9570 alignleft\" src=\"https:\/\/www.visionweb.com.ar\/wp-content\/uploads\/2023\/02\/Lanus-recicla2-300x298.jpg\" alt=\"\" width=\"300\" height=\"298\" srcset=\"https:\/\/www.visionweb.com.ar\/wp-content\/uploads\/2023\/02\/Lanus-recicla2-300x298.jpg 300w, https:\/\/www.visionweb.com.ar\/wp-content\/uploads\/2023\/02\/Lanus-recicla2-150x150.jpg 150w, https:\/\/www.visionweb.com.ar\/wp-content\/uploads\/2023\/02\/Lanus-recicla2-80x80.jpg 80w, https:\/\/www.visionweb.com.ar\/wp-content\/uploads\/2023\/02\/Lanus-recicla2-65x65.jpg 65w, https:\/\/www.visionweb.com.ar\/wp-content\/uploads\/2023\/02\/Lanus-recicla2.bmp 343w\" sizes=\"auto, (max-width: 300px) 100vw, 300px\" \/>E<\/strong>l Municipio de Lan\u00fas inform\u00f3 que a partir del\u00a018 de febrero,\u00a0todos los\u00a0<strong>s\u00e1bados <\/strong>\u00a0recolectar\u00e1n las\u00a0bolsas con los reciclables\u00a0en Remedios de Escalada Oeste, en el marco del <strong>Programa Lan\u00fas Actitud Verde<\/strong>.<\/p>\n<p>En l\u00ednea con las medidas implementadas para contribuir al desarrollo de una econom\u00eda sustentable, el <strong>Municipio de Lan\u00fas junto a su Secretar\u00eda de Espacios y Servicios P\u00fablicos<\/strong>, llevar\u00e1 el <strong>S\u00e1bado Verde<\/strong> a las zonas delimitadas de Remedios de Escalada Oeste para que las personas puedan dejar el material reutilizable.<\/p>\n<p>De esta manera, a partir del S\u00e1bado 18 del corriente mes, la <strong>Direcci\u00f3n<\/strong><strong> de Ambiente y Desarrollo Sustentable realizar\u00e1 estas Jornadas de Recolecci\u00f3n Diferenciada puerta a puerta<\/strong> los d\u00edas <strong>S\u00e1bados de 10 a 14 horas<\/strong>, inform\u00f3 Prensa del Municipio.<\/p>\n<p>Esta medida ser\u00e1 un beneficio para que los y las vecinas del distrito no necesiten moverse de sus hogares, y podr\u00e1n dejar sus residuos reciclables en la puerta de sus casas.\u00a0<strong>Se suspende por lluvia.<\/strong><\/p>\n<p>\u00bfQu\u00e9 se recicla?<\/p>\n<p>El nuevo <strong>S\u00e1bado Verde promueve la recolecci\u00f3n diferenciada de residuos<\/strong>, y los elementos a reciclar son: <strong>Cart\u00f3n, Vidrio<\/strong>\u00a0<strong>(no deben estar rotos),<\/strong><strong> Papel,\u00a0\u00a0Metal y Pl\u00e1stico.<\/strong><\/p>\n<p><a href=\"https:\/\/www.visionweb.com.ar\/wp-content\/uploads\/2023\/02\/lanus-recicla1.bmp\"><img loading=\"lazy\" decoding=\"async\" class=\"size-medium wp-image-9571 alignright\" src=\"https:\/\/www.visionweb.com.ar\/wp-content\/uploads\/2023\/02\/lanus-recicla1-298x300.jpg\" alt=\"\" width=\"298\" height=\"300\" srcset=\"https:\/\/www.visionweb.com.ar\/wp-content\/uploads\/2023\/02\/lanus-recicla1-298x300.jpg 298w, https:\/\/www.visionweb.com.ar\/wp-content\/uploads\/2023\/02\/lanus-recicla1-150x150.jpg 150w, https:\/\/www.visionweb.com.ar\/wp-content\/uploads\/2023\/02\/lanus-recicla1-80x80.jpg 80w, https:\/\/www.visionweb.com.ar\/wp-content\/uploads\/2023\/02\/lanus-recicla1-65x65.jpg 65w, https:\/\/www.visionweb.com.ar\/wp-content\/uploads\/2023\/02\/lanus-recicla1.bmp 390w\" sizes=\"auto, (max-width: 298px) 100vw, 298px\" \/><\/a>Desde el Municipio recordaron que todos los descartables deben estar\u00a0limpios y secos. A la vez que invitan a <strong>utilizar cualquier bolsa que\u00a0NO\u00a0sea negra<\/strong>, para poder diferenciar con los residuos comunes,la cual debe ser dejada en el canasto o puerta de la casa.<\/p>\n<p>La zona de retiro de reciclables est\u00e1 delimitada por las calles Rocha, Zuloaga, O\u00b4Brien, Av. Yrigoyen, Barrag\u00e1n, Ingenieros, Uriarte y Hornos (ver mapa).<\/p>\n<p><a href=\"https:\/\/www.visionweb.com.ar\/wp-content\/uploads\/2023\/02\/Lanus-recicla-3.bmp\"><img loading=\"lazy\" decoding=\"async\" class=\"size-medium wp-image-9572 alignleft\" src=\"https:\/\/www.visionweb.com.ar\/wp-content\/uploads\/2023\/02\/Lanus-recicla-3-300x300.jpg\" alt=\"\" width=\"300\" height=\"300\" srcset=\"https:\/\/www.visionweb.com.ar\/wp-content\/uploads\/2023\/02\/Lanus-recicla-3-300x300.jpg 300w, https:\/\/www.visionweb.com.ar\/wp-content\/uploads\/2023\/02\/Lanus-recicla-3-150x150.jpg 150w, https:\/\/www.visionweb.com.ar\/wp-content\/uploads\/2023\/02\/Lanus-recicla-3-80x80.jpg 80w, https:\/\/www.visionweb.com.ar\/wp-content\/uploads\/2023\/02\/Lanus-recicla-3-320x320.jpg 320w, https:\/\/www.visionweb.com.ar\/wp-content\/uploads\/2023\/02\/Lanus-recicla-3-65x65.jpg 65w, https:\/\/www.visionweb.com.ar\/wp-content\/uploads\/2023\/02\/Lanus-recicla-3.bmp 325w\" sizes=\"auto, (max-width: 300px) 100vw, 300px\" \/><\/a>En esa l\u00ednea informaron que en el transcurso del a\u00f1o <strong>incorporar\u00e1n nuevas zonas de expansi\u00f3n<\/strong> de recolecci\u00f3n de los reciclables.<\/p>\n<p>Adem\u00e1s, el \u00e1rea trabaja en forma coordinada por Cooperativas de Recuperadores Urbanos autorizadas por el Municipio. Los residuos una vez retirados, son llevados a los tres Destinos Sustentables con los que cuenta Lan\u00fas. Los mismos se encuentran en: Deheza y Bola\u00f1os (Monte Chingolo), Carlos Pellegrini y Juan Jos\u00e9 Viamonte (Valent\u00edn Alsina) y Viamonte y Madero (Villa Jard\u00edn) y son operados por cooperativas.<\/p>\n<p>Los recuperadores que efectuar\u00e1n la recolecci\u00f3n se encontrar\u00e1n identificados con una Credencial Verde con la informaci\u00f3n del agente.\u00a0<strong>(VW)<\/strong><\/p>\n","protected":false},"excerpt":{"rendered":"<p>Ahora ser\u00e1 los s\u00e1bados por la ma\u00f1ana en la zona de Remedios de Escalada. Los materiales reciclables son: Cart\u00f3n, Papel,\u00a0Vidrio,\u00a0Metal y Pl\u00e1stico. Luego extender\u00e1n este servicio a otros barrios del distrito.<\/p>\n","protected":false},"author":4,"featured_media":9572,"comment_status":"closed","ping_status":"closed","sticky":false,"template":"","format":"standard","meta":{"_monsterinsights_skip_tracking":false,"_monsterinsights_sitenote_active":false,"_monsterinsights_sitenote_note":"","_monsterinsights_sitenote_category":0,"footnotes":""},"categories":[8,5],"tags":[3984,3801,3985],"class_list":["post-9568","post","type-post","status-publish","format-standard","has-post-thumbnail","hentry","category-interes-general","category-sociedad","tag-lanus-actitud-verde","tag-recoleccion-de-reciclables","tag-sabados-remedios-de-escalada"],"_links":{"self":[{"href":"https:\/\/www.visionweb.com.ar\/index.php?rest_route=\/wp\/v2\/posts\/9568","targetHints":{"allow":["GET"]}}],"collection":[{"href":"https:\/\/www.visionweb.com.ar\/index.php?rest_route=\/wp\/v2\/posts"}],"about":[{"href":"https:\/\/www.visionweb.com.ar\/index.php?rest_route=\/wp\/v2\/types\/post"}],"author":[{"embeddable":true,"href":"https:\/\/www.visionweb.com.ar\/index.php?rest_route=\/wp\/v2\/users\/4"}],"replies":[{"embeddable":true,"href":"https:\/\/www.visionweb.com.ar\/index.php?rest_route=%2Fwp%2Fv2%2Fcomments&post=9568"}],"version-history":[{"count":4,"href":"https:\/\/www.visionweb.com.ar\/index.php?rest_route=\/wp\/v2\/posts\/9568\/revisions"}],"predecessor-version":[{"id":9575,"href":"https:\/\/www.visionweb.com.ar\/index.php?rest_route=\/wp\/v2\/posts\/9568\/revisions\/9575"}],"wp:featuredmedia":[{"embeddable":true,"href":"https:\/\/www.visionweb.com.ar\/index.php?rest_route=\/wp\/v2\/media\/9572"}],"wp:attachment":[{"href":"https:\/\/www.visionweb.com.ar\/index.php?rest_route=%2Fwp%2Fv2%2Fmedia&parent=9568"}],"wp:term":[{"taxonomy":"category","embeddable":true,"href":"https:\/\/www.visionweb.com.ar\/index.php?rest_route=%2Fwp%2Fv2%2Fcategories&post=9568"},{"taxonomy":"post_tag","embeddable":true,"href":"https:\/\/www.visionweb.com.ar\/index.php?rest_route=%2Fwp%2Fv2%2Ftags&post=9568"}],"curies":[{"name":"wp","href":"https:\/\/api.w.org\/{rel}","templated":true}]}}