{"id":9565,"date":"2023-02-16T08:04:43","date_gmt":"2023-02-16T11:04:43","guid":{"rendered":"https:\/\/www.visionweb.com.ar\/?p=9565"},"modified":"2023-02-15T20:41:42","modified_gmt":"2023-02-15T23:41:42","slug":"santilli-se-lanzo-a-la-carrera-por-la-gobernacion-bonaerense","status":"publish","type":"post","link":"https:\/\/www.visionweb.com.ar\/?p=9565","title":{"rendered":"Santilli se lanz\u00f3 a la carrera por la gobernaci\u00f3n bonaerense"},"content":{"rendered":"<p><em><strong>El diputado nacional y ex mano derecha de Rodriguez Larreta disputar\u00e1 la precandidatura con con su par en la C\u00e1mara Baja, Cristian Ritondo y\u00a0 el alcalde de Lan\u00fas, N\u00e9stor Grindetti.<\/strong><\/em>\u00a0 <!--more--><\/p>\n<p><strong><img loading=\"lazy\" decoding=\"async\" class=\"size-medium wp-image-2221 alignright\" src=\"https:\/\/www.visionweb.com.ar\/wp-content\/uploads\/2021\/07\/SANTILLI-PLANZAMIENTO-300x215.png\" alt=\"\" width=\"300\" height=\"215\" srcset=\"https:\/\/www.visionweb.com.ar\/wp-content\/uploads\/2021\/07\/SANTILLI-PLANZAMIENTO-300x215.png 300w, https:\/\/www.visionweb.com.ar\/wp-content\/uploads\/2021\/07\/SANTILLI-PLANZAMIENTO-768x549.png 768w, https:\/\/www.visionweb.com.ar\/wp-content\/uploads\/2021\/07\/SANTILLI-PLANZAMIENTO.png 800w\" sizes=\"auto, (max-width: 300px) 100vw, 300px\" \/>E<\/strong>l diputado nacional (Juntos por el Cambio), Diego Santilli, anuncio, este mi\u00e9rcoles su pre candidatura a la gobernaci\u00f3n bonaerense, en un momento, que por ahora, ya son varias las figuras pol\u00edticas que se sumaron\u00a0 a esta carrera.<\/p>\n<p>Santilli, con el hastash <em><strong>\u00abFalta Menos\u00bb <\/strong><\/em>hizo su anuncio a trav\u00e9s de las redes sociales y cuenta con el respaldo incondicional del Jefe de Gobierno porte\u00f1o, Horacio Rodr\u00edguez Larreta,<\/p>\n<p>Santilli, en una serie de mensajes como: \u201cFalta menos para que juntos transformemos la vida de los bonaerenses\u201d, \u201cFalta menos para que juntos dejemos de crear ministerios que no resuelven nada\u201d, \u201cFalta menos para que juntos terminemos con la corrupci\u00f3n\u201d, hizo su lanzamiento oficial.<\/p>\n<p>Adem\u00e1s, de Rodr\u00edguez Larreta, se fueron sucediendo los mensajes de respaldado, de Miguel Pichetto y dirigentes bonaerenses como Graciela Oca\u00f1a, Gladys Gonz\u00e1lez y Silvia Lospennato, entre otros referentes.<\/p>\n<p>Se sumaron tambi\u00e9n\u00a0 13 intendentes -Diego Valenzuela, Soledad Mart\u00ednez, Julio Garro y el radical Gustavo Posse, entre otros- y precandidatos en municipios gobernados por el peronismo, como Lucas Delfino, Segundo Cernadas, Ramiro Tagliaferro (PRO) y el ex intendente de Quilmes, Martiniano Molina (JxC).<\/p>\n<p>\u201cFalta menos para que juntos volvamos a so\u00f1ar con tener una casa propia\u201d, \u201cPara que juntos logremos que haya m\u00e1s laburo y menos planes\u201d, \u201cPara que juntos le ganemos a la tristeza por los hospitales destruidos\u201d, \u201cPara que juntos logremos que en las escuelas no hagan pol\u00edtica\u201d, \u201cPara que juntos logremos que los patrulleros funcionen y tengan nafta\u201d y \u201cPara que juntos terminemos con las tomas de tierras\u201d completaron las placas al estilo de Cr\u00f3nica.<\/p>\n<p>\u201cS\u00ed, falta menos para empezar a resolver los problemas que te complican la vida todos los d\u00edas. Por eso<strong>\u00a0quiero ser Gobernador\u00a0<\/strong>de la Provincia de Buenos Aires. Voy a seguir trabajando para que puedas vivir mejor de una vez por todas. Falta menos y te pido que me acompa\u00f1es\u201d, tuite\u00f3 Santilli pasadas las 18.<\/p>\n<p>Entre los apoyos tambi\u00e9n aparecieron ministros de la Ciudad y los recientemente incorporados a la administraci\u00f3n porte\u00f1a Waldo Wolff y Cynthia Hotton. En el caso de la dirigente de Valores para mi pa\u00eds, forma parte de la\u00a0<strong>estrategia para seducir al electorado de derecha<\/strong>\u00a0como contrapartida al espacio de Javier Milei. La intenci\u00f3n de Santilli a su vez es incorporar a Jos\u00e9 Luis Espert, tambi\u00e9n aspirante a gobernador, a una eventual PASO de Juntos por el Cambio.<\/p>\n<p>Entre los aspirantes a la carrera por la gobernaci\u00f3n bonaerenses se anotaron tambi\u00e9n el intendente de Capit\u00e1n Sarmiento, Javier Iguazel;\u00a0 Emilio Monz\u00f3 y, desde el radicalismo Mart\u00edn Tetaz por Evoluci\u00f3n y Maximiliano Abad, titular del Comit\u00e9 Provincia. Otro eventualcandidato, que aun no se pronunci\u00f3, (tambi\u00e9n Radical), el Gustavo Posse, intendente de San Isidro. <strong>(VW)<\/strong><\/p>\n<p>&nbsp;<\/p>\n","protected":false},"excerpt":{"rendered":"<p>El diputado nacional y ex mano derecha de Rodriguez Larreta disputar\u00e1 la precandidatura con con su par en la C\u00e1mara Baja, Cristian Ritondo y\u00a0 el alcalde de Lan\u00fas, N\u00e9stor Grindetti.\u00a0<\/p>\n","protected":false},"author":3,"featured_media":2221,"comment_status":"closed","ping_status":"closed","sticky":false,"template":"","format":"standard","meta":{"_monsterinsights_skip_tracking":false,"_monsterinsights_sitenote_active":false,"_monsterinsights_sitenote_note":"","_monsterinsights_sitenote_category":0,"footnotes":""},"categories":[4],"tags":[961,2820,3983],"class_list":["post-9565","post","type-post","status-publish","format-standard","has-post-thumbnail","hentry","category-politica","tag-candidatos","tag-gobernacion","tag-la-plata-paso"],"_links":{"self":[{"href":"https:\/\/www.visionweb.com.ar\/index.php?rest_route=\/wp\/v2\/posts\/9565","targetHints":{"allow":["GET"]}}],"collection":[{"href":"https:\/\/www.visionweb.com.ar\/index.php?rest_route=\/wp\/v2\/posts"}],"about":[{"href":"https:\/\/www.visionweb.com.ar\/index.php?rest_route=\/wp\/v2\/types\/post"}],"author":[{"embeddable":true,"href":"https:\/\/www.visionweb.com.ar\/index.php?rest_route=\/wp\/v2\/users\/3"}],"replies":[{"embeddable":true,"href":"https:\/\/www.visionweb.com.ar\/index.php?rest_route=%2Fwp%2Fv2%2Fcomments&post=9565"}],"version-history":[{"count":1,"href":"https:\/\/www.visionweb.com.ar\/index.php?rest_route=\/wp\/v2\/posts\/9565\/revisions"}],"predecessor-version":[{"id":9566,"href":"https:\/\/www.visionweb.com.ar\/index.php?rest_route=\/wp\/v2\/posts\/9565\/revisions\/9566"}],"wp:featuredmedia":[{"embeddable":true,"href":"https:\/\/www.visionweb.com.ar\/index.php?rest_route=\/wp\/v2\/media\/2221"}],"wp:attachment":[{"href":"https:\/\/www.visionweb.com.ar\/index.php?rest_route=%2Fwp%2Fv2%2Fmedia&parent=9565"}],"wp:term":[{"taxonomy":"category","embeddable":true,"href":"https:\/\/www.visionweb.com.ar\/index.php?rest_route=%2Fwp%2Fv2%2Fcategories&post=9565"},{"taxonomy":"post_tag","embeddable":true,"href":"https:\/\/www.visionweb.com.ar\/index.php?rest_route=%2Fwp%2Fv2%2Ftags&post=9565"}],"curies":[{"name":"wp","href":"https:\/\/api.w.org\/{rel}","templated":true}]}}