{"id":9554,"date":"2023-02-15T12:46:14","date_gmt":"2023-02-15T15:46:14","guid":{"rendered":"https:\/\/www.visionweb.com.ar\/?p=9554"},"modified":"2023-02-15T12:46:14","modified_gmt":"2023-02-15T15:46:14","slug":"combustibles-shell-aumento-4-en-consonancia-con-precios-justos","status":"publish","type":"post","link":"https:\/\/www.visionweb.com.ar\/?p=9554","title":{"rendered":"Combustibles: Shell aument\u00f3 4% en consonancia con Precios Justos"},"content":{"rendered":"<p><em><strong>Los nuevos valores rigen desde hoy. El pr\u00f3ximo aumento ser\u00e1 del 3,8% en marzo.<\/strong><\/em><!--more--><\/p>\n<p><strong><img loading=\"lazy\" decoding=\"async\" class=\"size-medium wp-image-9556 alignright\" src=\"https:\/\/www.visionweb.com.ar\/wp-content\/uploads\/2023\/02\/shell-300x240.jpg\" alt=\"\" width=\"300\" height=\"240\" srcset=\"https:\/\/www.visionweb.com.ar\/wp-content\/uploads\/2023\/02\/shell-300x240.jpg 300w, https:\/\/www.visionweb.com.ar\/wp-content\/uploads\/2023\/02\/shell.bmp 412w\" sizes=\"auto, (max-width: 300px) 100vw, 300px\" \/>\u00a0\u00a0 L<\/strong>a empresa Shell aument\u00f3, a partir del primer minuto de hoy, un<strong>\u00a0<\/strong><strong>4% el valor de sus naftas y gasoil<\/strong>, conforme a lo <strong>pautado con el Gobierno en el marco del programa Precios Justos<\/strong>, que para los combustibles fij\u00f3 topes de incrementos hasta marzo.<\/p>\n<p>Seg\u00fan ese compromiso, las compa\u00f1\u00edas petroleras aumentan desde diciembre pasado un\u00a0<strong>4% mensual<\/strong>\u00a0el valor de los combustibles, mientras que, <strong>para marzo pr\u00f3ximo, el incremento pautado es del 3,8%<\/strong>.<\/p>\n<p>En ese contexto, la empresa Ra\u00edzen, licenciataria de la marca Shell, comunic\u00f3 que, <strong>a partir de las 0 hora de hoy<\/strong>, dispuso un aumento en los precios de los combustibles de un \u201c4% promedio\u201d.<\/p>\n<p>En ese sentido, la compa\u00f1\u00eda precis\u00f3 que: \u201cEsta actualizaci\u00f3n de precios intenta\u00a0<strong>absorber m\u00ednimamente los incrementos de los precios<\/strong>\u00a0de los biocombustibles, el aumento de costos log\u00edsticos, y la variaci\u00f3n del tipo de cambio oficial que afecta el precio de las materias primas que utilizamos para la producci\u00f3n de combustibles\u201d.<\/p>\n<p>Cabe recordar que a fines de noviembre \u00faltimo, el ministro de Econom\u00eda, Sergio Massa, anunci\u00f3 un\u00a0<strong>acuerdo con las petroleras<\/strong><strong>\u00a0<\/strong>para que los combustibles participen del programa Precios Justos.<\/p>\n<p>En ese contexto el ministro hab\u00eda se\u00f1alado: \u201cVamos a tener diciembre, enero, febrero y marzo con un sendero de aumentos predefinido: 4% en diciembre; 4% en enero; 4% en febrero y 3,8% en marzo, con el objetivo de seguir construyendo un camino en el cual todos los sectores contribuyan a bajar significativamente la inflaci\u00f3n que es el principal drama de la Argentina\u201d.<\/p>\n<p>El acuerdo citado fue rubricado por los presidentes de YPF, Pablo Gonz\u00e1lez; de PAE-Axion, Marcos Bulgheroni; y de Raizen-Shell, Te\u00f3filo Lacroze. <strong>(VW)<\/strong><\/p>\n<p>&nbsp;<\/p>\n","protected":false},"excerpt":{"rendered":"<p>Los nuevos valores rigen desde hoy. El pr\u00f3ximo aumento ser\u00e1 del 3,8% en marzo.<\/p>\n","protected":false},"author":4,"featured_media":9556,"comment_status":"closed","ping_status":"closed","sticky":false,"template":"","format":"standard","meta":{"_monsterinsights_skip_tracking":false,"_monsterinsights_sitenote_active":false,"_monsterinsights_sitenote_note":"","_monsterinsights_sitenote_category":0,"footnotes":""},"categories":[6],"tags":[3978,3544,3203,2259],"class_list":["post-9554","post","type-post","status-publish","format-standard","has-post-thumbnail","hentry","category-economia","tag-3978","tag-aumento-de-combustibles","tag-precios-justos","tag-shell"],"_links":{"self":[{"href":"https:\/\/www.visionweb.com.ar\/index.php?rest_route=\/wp\/v2\/posts\/9554","targetHints":{"allow":["GET"]}}],"collection":[{"href":"https:\/\/www.visionweb.com.ar\/index.php?rest_route=\/wp\/v2\/posts"}],"about":[{"href":"https:\/\/www.visionweb.com.ar\/index.php?rest_route=\/wp\/v2\/types\/post"}],"author":[{"embeddable":true,"href":"https:\/\/www.visionweb.com.ar\/index.php?rest_route=\/wp\/v2\/users\/4"}],"replies":[{"embeddable":true,"href":"https:\/\/www.visionweb.com.ar\/index.php?rest_route=%2Fwp%2Fv2%2Fcomments&post=9554"}],"version-history":[{"count":2,"href":"https:\/\/www.visionweb.com.ar\/index.php?rest_route=\/wp\/v2\/posts\/9554\/revisions"}],"predecessor-version":[{"id":9557,"href":"https:\/\/www.visionweb.com.ar\/index.php?rest_route=\/wp\/v2\/posts\/9554\/revisions\/9557"}],"wp:featuredmedia":[{"embeddable":true,"href":"https:\/\/www.visionweb.com.ar\/index.php?rest_route=\/wp\/v2\/media\/9556"}],"wp:attachment":[{"href":"https:\/\/www.visionweb.com.ar\/index.php?rest_route=%2Fwp%2Fv2%2Fmedia&parent=9554"}],"wp:term":[{"taxonomy":"category","embeddable":true,"href":"https:\/\/www.visionweb.com.ar\/index.php?rest_route=%2Fwp%2Fv2%2Fcategories&post=9554"},{"taxonomy":"post_tag","embeddable":true,"href":"https:\/\/www.visionweb.com.ar\/index.php?rest_route=%2Fwp%2Fv2%2Ftags&post=9554"}],"curies":[{"name":"wp","href":"https:\/\/api.w.org\/{rel}","templated":true}]}}