{"id":9548,"date":"2023-02-15T08:03:57","date_gmt":"2023-02-15T11:03:57","guid":{"rendered":"https:\/\/www.visionweb.com.ar\/?p=9548"},"modified":"2023-02-15T08:03:57","modified_gmt":"2023-02-15T11:03:57","slug":"manes-en-juntos-hay-una-minoria-intensa-que-no-creo-que-pueda-gobernar","status":"publish","type":"post","link":"https:\/\/www.visionweb.com.ar\/?p=9548","title":{"rendered":"Manes: En Juntos \u201chay una minor\u00eda intensa que no creo que pueda gobernar"},"content":{"rendered":"<p><em><strong>El diputado nacional de la UCR tambi\u00e9n consider\u00f3 que la \u00abnovela de las candidaturas pone en riesgo la victoria electoral\u00bb.<\/strong><\/em><!--more--><\/p>\n<p><strong><img loading=\"lazy\" decoding=\"async\" class=\"size-medium wp-image-4757 alignright\" src=\"https:\/\/www.visionweb.com.ar\/wp-content\/uploads\/2022\/03\/MANES-300x200.png\" alt=\"\" width=\"300\" height=\"200\" srcset=\"https:\/\/www.visionweb.com.ar\/wp-content\/uploads\/2022\/03\/MANES-300x200.png 300w, https:\/\/www.visionweb.com.ar\/wp-content\/uploads\/2022\/03\/MANES-768x513.png 768w, https:\/\/www.visionweb.com.ar\/wp-content\/uploads\/2022\/03\/MANES.png 800w\" sizes=\"auto, (max-width: 300px) 100vw, 300px\" \/>E<\/strong>l diputado nacional de la UCR Facundo Manes asegur\u00f3 que en Juntos por el Cambio \u201chay una minor\u00eda intensa que no podr\u00eda gobernar, porque no tiene una gran mayor\u00eda social\u201d.<\/p>\n<p>Indic\u00f3, asimismo y en alusi\u00f3n a los\u00a0 quienes aspiran a la presidencia, dentro de la alianza consider\u00f3 que la \u201cnovela de las candidaturas pone en riesgo la victoria electoral\u201d.<\/p>\n<p>\u201cEn nuestra coalici\u00f3n hay una minor\u00eda intensa que no creo que pueda gobernar porque no tiene una gran mayor\u00eda social\u201d, sostuvo el aspirante a la Presidencia.<\/p>\n<p>En declaraciones radiales, el neurocient\u00edfico se quej\u00f3 de que \u201chay dos posiciones pol\u00edticas que est\u00e1n da\u00f1ando el futuro del pa\u00eds: la gesti\u00f3n del Gobierno, que sigue procrastinando y s\u00f3lo busca que la bomba le explote al pr\u00f3ximo; y los que quieren que esto explote ya, supuestamente para que el peronismo pague los errores\u201d.<\/p>\n<p>En contraposici\u00f3n, el referente radical plante\u00f3: \u201cNosotros apostamos a desactivar la bomba ahora: ni explotarla por especulaci\u00f3n electoral, ni observar mansos c\u00f3mo este Gobierno se la deja de regalo al pr\u00f3ximo\u201d.<\/p>\n<p>Tras subrayar que \u201cexiste un nuevo radicalismo\u201d, Manes afirm\u00f3 que \u201cno es s\u00f3lo ganar las elecciones, sino hacer una nueva mayor\u00eda social para transformar al pa\u00eds\u201d.<\/p>\n<p>En ese sentido, el legislador opositor plante\u00f3: \u201cNo veo al kirchnerismo ni al PRO pudiendo convocar a una mayor\u00eda. El pr\u00f3ximo Gobierno tiene que tener la habilidad de liderar uni\u00e9ndonos, no con m\u00e1s divisi\u00f3n, y con esperanza, no con miedo\u201d.<\/p>\n<p>Al ser consultado sobre la gran cantidad de postulantes a la Presidencia que hay de cara a las elecciones, el diputado nacional ironiz\u00f3: \u201cLa Argentina tiene m\u00e1s candidatos a Presidente por habitante que cualquier otro pa\u00eds. Todo el mundo quiere ser Presidente ac\u00e1. Yo tengo una ambici\u00f3n m\u00e1s grande que querer ser Presidente: yo quiero ser parte de un movimiento que cambie la mentalidad colectiva, como pas\u00f3 en el 83\u201d.<\/p>\n<p>Asimismo, se refiri\u00f3 a la interna en la alianza opositora: \u201cTengo miedo de que si Juntos por el Cambio sigue con estas novelas de candidaturas, sobre todo del PRO, est\u00e9 girando sobre su electorado hist\u00f3rico y est\u00e9 expulsando potenciales nuevos votantes\u201d.<\/p>\n<p>\u201cEsta novela interna pone en riesgo la victoria electoral frente al kirchnerismo\u201d, agreg\u00f3 Manes, quien consider\u00f3 que \u201ces muy temprano para hablar de candidaturas: la gente est\u00e1 muy angustiada, en otra cosa y tiene bronca con la pol\u00edtica\u201d.<\/p>\n<p>\u201cLa pandemia quebr\u00f3 la relaci\u00f3n de la sociedad con un sistema en gran parte corrupto, con privilegios, un sistema que excede a la pol\u00edtica. Hay una din\u00e1mica de abajo para arriba que va a elegir al candidato o la candidata: no creo que sea al rev\u00e9s y en una mesa se junte un partido y alguien diga \u00b4yo puedo representar eso\u00b4. Los pr\u00f3ximos meses van a ser interesantes en lo que la demanda social va a pedir y qui\u00e9n puede representar eso\u201d, indic\u00f3.<\/p>\n<p>Y concluy\u00f3: \u201cEst\u00e1 en juego unir a los argentinos. Estamos totalmente polarizados y con esta divisi\u00f3n vamos a estar cuatro a\u00f1os m\u00e1s bloqueados y eso es m\u00e1s pobreza, m\u00e1s inflaci\u00f3n, m\u00e1s chicos que no ven su futuro\u201d<strong>(VW)<\/strong><\/p>\n","protected":false},"excerpt":{"rendered":"<p>El diputado nacional de la UCR tambi\u00e9n consider\u00f3 que la \u00abnovela de las candidaturas pone en riesgo la victoria electoral\u00bb.<\/p>\n","protected":false},"author":3,"featured_media":4757,"comment_status":"closed","ping_status":"closed","sticky":false,"template":"","format":"standard","meta":{"_monsterinsights_skip_tracking":false,"_monsterinsights_sitenote_active":false,"_monsterinsights_sitenote_note":"","_monsterinsights_sitenote_category":0,"footnotes":""},"categories":[4],"tags":[1388,340,963,3975],"class_list":["post-9548","post","type-post","status-publish","format-standard","has-post-thumbnail","hentry","category-politica","tag-coalicion","tag-elecciones","tag-manes","tag-victroria"],"_links":{"self":[{"href":"https:\/\/www.visionweb.com.ar\/index.php?rest_route=\/wp\/v2\/posts\/9548","targetHints":{"allow":["GET"]}}],"collection":[{"href":"https:\/\/www.visionweb.com.ar\/index.php?rest_route=\/wp\/v2\/posts"}],"about":[{"href":"https:\/\/www.visionweb.com.ar\/index.php?rest_route=\/wp\/v2\/types\/post"}],"author":[{"embeddable":true,"href":"https:\/\/www.visionweb.com.ar\/index.php?rest_route=\/wp\/v2\/users\/3"}],"replies":[{"embeddable":true,"href":"https:\/\/www.visionweb.com.ar\/index.php?rest_route=%2Fwp%2Fv2%2Fcomments&post=9548"}],"version-history":[{"count":1,"href":"https:\/\/www.visionweb.com.ar\/index.php?rest_route=\/wp\/v2\/posts\/9548\/revisions"}],"predecessor-version":[{"id":9549,"href":"https:\/\/www.visionweb.com.ar\/index.php?rest_route=\/wp\/v2\/posts\/9548\/revisions\/9549"}],"wp:featuredmedia":[{"embeddable":true,"href":"https:\/\/www.visionweb.com.ar\/index.php?rest_route=\/wp\/v2\/media\/4757"}],"wp:attachment":[{"href":"https:\/\/www.visionweb.com.ar\/index.php?rest_route=%2Fwp%2Fv2%2Fmedia&parent=9548"}],"wp:term":[{"taxonomy":"category","embeddable":true,"href":"https:\/\/www.visionweb.com.ar\/index.php?rest_route=%2Fwp%2Fv2%2Fcategories&post=9548"},{"taxonomy":"post_tag","embeddable":true,"href":"https:\/\/www.visionweb.com.ar\/index.php?rest_route=%2Fwp%2Fv2%2Ftags&post=9548"}],"curies":[{"name":"wp","href":"https:\/\/api.w.org\/{rel}","templated":true}]}}