{"id":9533,"date":"2023-02-14T10:07:21","date_gmt":"2023-02-14T13:07:21","guid":{"rendered":"https:\/\/www.visionweb.com.ar\/?p=9533"},"modified":"2023-02-14T10:07:21","modified_gmt":"2023-02-14T13:07:21","slug":"acumar-abre-la-inscripcion-para-escuelas-al-programa-de-educacion-ambiental-edicion-2023","status":"publish","type":"post","link":"https:\/\/www.visionweb.com.ar\/?p=9533","title":{"rendered":"ACUMAR abre la inscripci\u00f3n para escuelas al programa de Educaci\u00f3n Ambiental edici\u00f3n 2023 \u00a0"},"content":{"rendered":"<p><em><strong>Escuelas por la Cuenca: Instituciones educativas de todos los distritos de la Cuenca Matanza Riachuelo ya pueden inscribirse al programa que busca fortalecer el compromiso con la Educaci\u00f3n Ambiental.<\/strong><\/em><em>\u00a0<\/em><!--more--><\/p>\n<p><strong>\u00a0 <img loading=\"lazy\" decoding=\"async\" class=\"size-medium wp-image-9535 alignright\" src=\"https:\/\/www.visionweb.com.ar\/wp-content\/uploads\/2023\/02\/Acumar-escuelas-300x177.jpg\" alt=\"\" width=\"300\" height=\"177\" srcset=\"https:\/\/www.visionweb.com.ar\/wp-content\/uploads\/2023\/02\/Acumar-escuelas-300x177.jpg 300w, https:\/\/www.visionweb.com.ar\/wp-content\/uploads\/2023\/02\/Acumar-escuelas.bmp 396w\" sizes=\"auto, (max-width: 300px) 100vw, 300px\" \/>\u00a0\u00a0\u00a0\u00a0\u00a0 L<\/strong>a<strong> Autoridad de la Cuenca Matanza Riachuelo (ACUMAR)\u00a0abri\u00f3 la inscripci\u00f3n <\/strong>a una nueva edici\u00f3n de su programa de Educaci\u00f3n Ambiental Escuelas por la Cuenca, iniciativa destinada <strong>a instituciones educativas p\u00fablicas y privadas, de todos los niveles escolares<\/strong>.<\/p>\n<p>La propuesta busca \u00abpromover el abordaje de las problem\u00e1ticas ambientales vinculadas a la Cuenca Matanza Riachuelo, e impulsar relaciones de cooperaci\u00f3n rec\u00edproca generando redes de aprendizaje, acci\u00f3n e intercambio\u00bb, \u00a0indic\u00f3 Prensa de ACUMAR.<\/p>\n<p>\u201cLas <strong>instituciones participantes contar\u00e1n con el acompa\u00f1amiento de\u00a0ACUMAR\u00a0a trav\u00e9s de instancias de formaci\u00f3n docente<\/strong>, propuestas de actividades para las, les y los estudiantes, acceso a materiales did\u00e1cticos y recursos educativos. Asimismo, el programa habilita la participaci\u00f3n en los concursos art\u00edsticos ambientales del organismo, que comenzar\u00e1n en los pr\u00f3ximos meses\u201d, detall\u00f3 el organismo.<\/p>\n<p>En ese sentido, Mart\u00edn Sabbatella, presidente de\u00a0ACUMAR destac\u00f3 que: \u201cA\u00f1o a a\u00f1o, cada vez son m\u00e1s las escuelas que se suman a fortalecer el compromiso ambiental y el cuidado de la Cuenca Matanza Riachuelo. Desde ACUMAR buscamos promover y acompa\u00f1ar esos esfuerzos, brindando herramientas para que lleven adelante proyectos de Educaci\u00f3n Ambiental de manera institucional, comprometiendo a toda la comunidad al cuidado y la valoraci\u00f3n de su entorno, con la convicci\u00f3n de que la recuperaci\u00f3n de la Cuenca s\u00f3lo es posible a trav\u00e9s de proyectos colectivos\u201d.<\/p>\n<p>Una vez inscriptas en el programa, se propone a las escuelas el <strong>dise\u00f1o y la implementaci\u00f3n de proyectos ambientales<\/strong>, que incluyan propuestas de intervenci\u00f3n concretas hacia dentro de la instituci\u00f3n y en su entorno.<\/p>\n<p>Este a\u00f1o podr\u00e1n seleccionar una de las <strong>seis tem\u00e1ticas<\/strong> propuestas para trabajar: Cuenca Matanza Riachuelo; salud ambiental; alimentaci\u00f3n saludable y soberan\u00eda alimentaria; gesti\u00f3n integral de residuos; agua, higiene y h\u00e1bitos saludables; o cambio clim\u00e1tico.<\/p>\n<p>Aquellas <strong>escuelas que no formen parte del programa y deseen inscribirse <\/strong>deber\u00e1n completar un formulario, disponible\u00a0<a href=\"https:\/\/acumar.tr.pemsv04.net\/c\/eyJhIjoiYWN1bWFyIiwibSI6Im1haWxfY2xlM2FkOW1naWpjczA5MjZoczFxaGljYSIsImwiOiJsaW5rXzhjYzU1YmFiNzNjZjk3M2MzNWE2MGQ4ODY4ZGZiOWMzNzFmYjU4MTAiLCJpIjpbXSwidSI6Imh0dHBzOi8vZG9jcy5nb29nbGUuY29tL2Zvcm1zL2QvZS8xRkFJcFFMU2UzSUd4em9WS2k1d3EwenRvdnJ3aTNuT29sOFo0SnRxSW5iZXN5RFRPdXVDQS1GZy92aWV3Zm9ybSIsImMiOiIiLCJoIjoiNzVlM2UzIn0\">aqu\u00ed<\/a>.<\/p>\n<p>En el caso de las escuelas que ya han participado en a\u00f1os anteriores se les solicita que completen (si a\u00fan no lo hicieron) el formulario de autoevaluaci\u00f3n disponible\u00a0<a href=\"https:\/\/acumar.tr.pemsv04.net\/c\/eyJhIjoiYWN1bWFyIiwibSI6Im1haWxfY2xlM2FkOW1naWpjczA5MjZoczFxaGljYSIsImwiOiJsaW5rX2NkZGQyMmM4OGI2NmE3YTFjZTNkZjlkODk1OTEwNzEzYzljYTZmZDUiLCJpIjpbXSwidSI6Imh0dHBzOi8vZG9jcy5nb29nbGUuY29tL2Zvcm1zL2QvZS8xRkFJcFFMU2N0cUc0cFhxZ29oSnl4YlozaXFXWGNEajBxZmNaUGJyamtaMTBvSFpYVFJSTWprZy92aWV3Zm9ybSIsImMiOiIiLCJoIjoiNzI4NDliIn0\">aqu\u00ed<\/a>.<\/p>\n<p>Se reciben dudas o consultas en <a href=\"mailto:escuelasporlacuenca@acumar.gov.ar\">escuelasporlacuenca@acumar.gov.ar<\/a>.<\/p>\n<div id=\"attachment_9536\" style=\"width: 310px\" class=\"wp-caption alignleft\"><a href=\"https:\/\/www.visionweb.com.ar\/wp-content\/uploads\/2023\/02\/Acumar-escuelas-2.bmp\"><img loading=\"lazy\" decoding=\"async\" aria-describedby=\"caption-attachment-9536\" class=\"wp-image-9536 size-medium\" src=\"https:\/\/www.visionweb.com.ar\/wp-content\/uploads\/2023\/02\/Acumar-escuelas-2-300x200.jpg\" alt=\"\" width=\"300\" height=\"200\" srcset=\"https:\/\/www.visionweb.com.ar\/wp-content\/uploads\/2023\/02\/Acumar-escuelas-2-300x200.jpg 300w, https:\/\/www.visionweb.com.ar\/wp-content\/uploads\/2023\/02\/Acumar-escuelas-2.bmp 396w\" sizes=\"auto, (max-width: 300px) 100vw, 300px\" \/><\/a><p id=\"caption-attachment-9536\" class=\"wp-caption-text\">Fotos Prensa de ACUMAR<\/p><\/div>\n<p>Esta iniciativa busca acompa\u00f1ar la implementaci\u00f3n de la Ley de Educaci\u00f3n Ambiental Integral promulgada en 2021, que la define como\u00a0\u201c(\u2026) un proceso educativo permanente con contenidos tem\u00e1ticos espec\u00edficos y transversales, que tiene como prop\u00f3sito general la formaci\u00f3n de una conciencia ambiental, a la que articulan e impulsan procesos educativos integrales orientados a la construcci\u00f3n de una racionalidad, en la cual distintos conocimientos, saberes, valores y pr\u00e1cticas confluyan y aporten a la formaci\u00f3n ciudadana y al ejercicio del derecho a un ambiente sano, digno y diverso\u201d.<\/p>\n<p>En 2022 fueron 584 las instituciones educativas participantes, que en total involucraron a 56.193 estudiantes y 3.176 docentes y equipos directivos. Ahora, estas escuelas tienen la posibilidad de dar <strong>continuidad a los proyectos iniciados el \u00faltimo a\u00f1o, adem\u00e1s de comenzar nuevos. Asimismo, pueden sumarse instituciones que nunca hayan participado<\/strong>. <strong>(VW)<\/strong><\/p>\n<p>&nbsp;<\/p>\n","protected":false},"excerpt":{"rendered":"<p>Escuelas por la Cuenca: Instituciones educativas de todos los distritos de la Cuenca Matanza Riachuelo ya pueden inscribirse al programa que busca fortalecer el compromiso con la Educaci\u00f3n Ambiental.\u00a0<\/p>\n","protected":false},"author":4,"featured_media":9536,"comment_status":"closed","ping_status":"closed","sticky":false,"template":"","format":"standard","meta":{"_monsterinsights_skip_tracking":false,"_monsterinsights_sitenote_active":false,"_monsterinsights_sitenote_note":"","_monsterinsights_sitenote_category":0,"footnotes":""},"categories":[8,5],"tags":[442,3967,3965,3966],"class_list":["post-9533","post","type-post","status-publish","format-standard","has-post-thumbnail","hentry","category-interes-general","category-sociedad","tag-acumar","tag-escuelas-por-la-cuenca","tag-inscripcion-para-escuelas","tag-programa-educacion-ambiental"],"_links":{"self":[{"href":"https:\/\/www.visionweb.com.ar\/index.php?rest_route=\/wp\/v2\/posts\/9533","targetHints":{"allow":["GET"]}}],"collection":[{"href":"https:\/\/www.visionweb.com.ar\/index.php?rest_route=\/wp\/v2\/posts"}],"about":[{"href":"https:\/\/www.visionweb.com.ar\/index.php?rest_route=\/wp\/v2\/types\/post"}],"author":[{"embeddable":true,"href":"https:\/\/www.visionweb.com.ar\/index.php?rest_route=\/wp\/v2\/users\/4"}],"replies":[{"embeddable":true,"href":"https:\/\/www.visionweb.com.ar\/index.php?rest_route=%2Fwp%2Fv2%2Fcomments&post=9533"}],"version-history":[{"count":2,"href":"https:\/\/www.visionweb.com.ar\/index.php?rest_route=\/wp\/v2\/posts\/9533\/revisions"}],"predecessor-version":[{"id":9537,"href":"https:\/\/www.visionweb.com.ar\/index.php?rest_route=\/wp\/v2\/posts\/9533\/revisions\/9537"}],"wp:featuredmedia":[{"embeddable":true,"href":"https:\/\/www.visionweb.com.ar\/index.php?rest_route=\/wp\/v2\/media\/9536"}],"wp:attachment":[{"href":"https:\/\/www.visionweb.com.ar\/index.php?rest_route=%2Fwp%2Fv2%2Fmedia&parent=9533"}],"wp:term":[{"taxonomy":"category","embeddable":true,"href":"https:\/\/www.visionweb.com.ar\/index.php?rest_route=%2Fwp%2Fv2%2Fcategories&post=9533"},{"taxonomy":"post_tag","embeddable":true,"href":"https:\/\/www.visionweb.com.ar\/index.php?rest_route=%2Fwp%2Fv2%2Ftags&post=9533"}],"curies":[{"name":"wp","href":"https:\/\/api.w.org\/{rel}","templated":true}]}}