{"id":9529,"date":"2023-02-14T08:59:29","date_gmt":"2023-02-14T11:59:29","guid":{"rendered":"https:\/\/www.visionweb.com.ar\/?p=9529"},"modified":"2023-02-14T08:59:29","modified_gmt":"2023-02-14T11:59:29","slug":"grindetti-el-kirchnerismo-con-la-doctrina-baradel-hipoteca-el-futuro-de-la-educacion-en-la-provincia","status":"publish","type":"post","link":"https:\/\/www.visionweb.com.ar\/?p=9529","title":{"rendered":"Grindetti: \u201cEl kirchnerismo con la doctrina Baradel hipoteca el futuro de la educaci\u00f3n en la provincia\u201d"},"content":{"rendered":"<p><em><strong>El jefe comunal propicia la descentralizaci\u00f3n a los municipios de la gesti\u00f3n educativa, entreg\u00f3 de diplomas en Carmen de Patagones, recorri\u00f3 el polo tecnol\u00f3gico bahiense y se reuni\u00f3\u00a0 con empresarios.<\/strong><\/em><!--more--><\/p>\n<p><strong><img loading=\"lazy\" decoding=\"async\" class=\"size-medium wp-image-9530 alignright\" src=\"https:\/\/www.visionweb.com.ar\/wp-content\/uploads\/2023\/02\/GRINDETTI-EN-EL-POLO-TECNOLOGICO-300x168.png\" alt=\"\" width=\"300\" height=\"168\" srcset=\"https:\/\/www.visionweb.com.ar\/wp-content\/uploads\/2023\/02\/GRINDETTI-EN-EL-POLO-TECNOLOGICO-300x168.png 300w, https:\/\/www.visionweb.com.ar\/wp-content\/uploads\/2023\/02\/GRINDETTI-EN-EL-POLO-TECNOLOGICO.png 640w\" sizes=\"auto, (max-width: 300px) 100vw, 300px\" \/>L<\/strong>uego de su paso por la costa atl\u00e1ntica, el intendente de Lanus y precandidato a gobernador PRO, Nestor Grindetti recorri\u00f3 el sur de la provincia de Buenos Aires en el fin de semana y, con un marcado perfil educativo, visit\u00f3 las localidades de Carmen de Patagones y Bah\u00eda Blanca.<\/p>\n<p>\u201c El kirchnerismo con la doctrina Baradel est\u00e1 hipotecando el futuro de la educaci\u00f3n de la provincia, Juntos por el Cambio tiene que ser una barrera para frenar los atropellos del gobierno provincial contra el sistema educativo\u201d afirm\u00f3 Grindetti.<\/p>\n<p>En ese sentido, el jefe comunal de Lan\u00fas reiter\u00f3 que \u201cLa educaci\u00f3n en la provincia tiene que descentralizarse hacia los municipios, desde las obras en las escuelas hasta el control de la asistencia de los docentes\u201d.<\/p>\n<p>Acompa\u00f1ado del diputado provincial, Adrian Urreli, Grindetti visit\u00f3 Carmen de Patagones, donde analiz\u00f3 con su par, Jose Luis Zara la actualidad pol\u00edtica y social del distrito, asimismo visitaron la colonia de vacaciones para adultos mayores que el municipio desarrolla en la ciudad sure\u00f1a durante el periodo estival.<\/p>\n<p>La agenda en Patagones incluy\u00f3 la entrega de diplomas a los agentes municipales que participaron del programa de capacitaciones que Patagones y Lanus desarrollan juntos desde hace mas de un a\u00f1o, a trav\u00e9s del Instituto de Capacitaci\u00f3n municipal lanusenses (ICAM) que conduce Mirta Ponzone, presente en la actividad.<\/p>\n<p><img loading=\"lazy\" decoding=\"async\" class=\"size-medium wp-image-9531 alignleft\" src=\"https:\/\/www.visionweb.com.ar\/wp-content\/uploads\/2023\/02\/DIPLOMAS-300x168.png\" alt=\"\" width=\"300\" height=\"168\" srcset=\"https:\/\/www.visionweb.com.ar\/wp-content\/uploads\/2023\/02\/DIPLOMAS-300x168.png 300w, https:\/\/www.visionweb.com.ar\/wp-content\/uploads\/2023\/02\/DIPLOMAS.png 640w\" sizes=\"auto, (max-width: 300px) 100vw, 300px\" \/>\u201c Durante el 2022, mas de 200 trabajadores de Carmen de Patagones y una 77 familias llevamos a cabo distintos cursos de formaci\u00f3n, talleres y capacitaciones que desarrollamos con el ICAM de Lanus de manera virtual, hemos formado una red de trabajo conjunta muy auspiciosa, esto redunda en empleados municipales mas capacitados y mejor preparados para atender a los vecinos\u201d, afirm\u00f3 Grindetti.<\/p>\n<p><strong>En Bah\u00eda Blanca<\/strong><\/p>\n<p>En Bahia Blanca y junto al intendente local, Hector Gay, Grindetti visit\u00f3 el centro tecnol\u00f3gico de la ciudad, un centro de capacitaci\u00f3n y desarrollo en el que los vecinos pueden explorar y fomentar su creatividad, mediante diversos talleres en las \u00e1reas de ciencias, fabricaci\u00f3n, multimedia y sonido, como tambi\u00e9n adquirir herramientas y asesoramiento para generar e impulsar ideas innovadoras. Tambi\u00e9n se reuni\u00f3\u00a0 con empresarios y emprendedores de la ciudad.<\/p>\n<p>La gira de Grindetti continu\u00f3 con una vista a\u00a0 Claromec\u00f3, donde particip\u00f3 de la tradicional fiesta de la corvina negra que congrega a cientos de pescadores de distintos puntos de la provincia de Buenos Aires y del pa\u00eds <strong>(VW)<\/strong>.<\/p>\n","protected":false},"excerpt":{"rendered":"<p>El jefe comunal propicia la descentralizaci\u00f3n a los municipios de la gesti\u00f3n educativa, entreg\u00f3 de diplomas en Carmen de Patagones, recorri\u00f3 el polo tecnol\u00f3gico bahiense y se reuni\u00f3\u00a0 con empresarios.<\/p>\n","protected":false},"author":3,"featured_media":9530,"comment_status":"closed","ping_status":"closed","sticky":false,"template":"","format":"standard","meta":{"_monsterinsights_skip_tracking":false,"_monsterinsights_sitenote_active":false,"_monsterinsights_sitenote_note":"","_monsterinsights_sitenote_category":0,"footnotes":""},"categories":[4],"tags":[3963,3964,1057,430,1078],"class_list":["post-9529","post","type-post","status-publish","format-standard","has-post-thumbnail","hentry","category-politica","tag-baradell","tag-decentralizacion","tag-eduacacion","tag-escuelas","tag-municipal"],"_links":{"self":[{"href":"https:\/\/www.visionweb.com.ar\/index.php?rest_route=\/wp\/v2\/posts\/9529","targetHints":{"allow":["GET"]}}],"collection":[{"href":"https:\/\/www.visionweb.com.ar\/index.php?rest_route=\/wp\/v2\/posts"}],"about":[{"href":"https:\/\/www.visionweb.com.ar\/index.php?rest_route=\/wp\/v2\/types\/post"}],"author":[{"embeddable":true,"href":"https:\/\/www.visionweb.com.ar\/index.php?rest_route=\/wp\/v2\/users\/3"}],"replies":[{"embeddable":true,"href":"https:\/\/www.visionweb.com.ar\/index.php?rest_route=%2Fwp%2Fv2%2Fcomments&post=9529"}],"version-history":[{"count":1,"href":"https:\/\/www.visionweb.com.ar\/index.php?rest_route=\/wp\/v2\/posts\/9529\/revisions"}],"predecessor-version":[{"id":9532,"href":"https:\/\/www.visionweb.com.ar\/index.php?rest_route=\/wp\/v2\/posts\/9529\/revisions\/9532"}],"wp:featuredmedia":[{"embeddable":true,"href":"https:\/\/www.visionweb.com.ar\/index.php?rest_route=\/wp\/v2\/media\/9530"}],"wp:attachment":[{"href":"https:\/\/www.visionweb.com.ar\/index.php?rest_route=%2Fwp%2Fv2%2Fmedia&parent=9529"}],"wp:term":[{"taxonomy":"category","embeddable":true,"href":"https:\/\/www.visionweb.com.ar\/index.php?rest_route=%2Fwp%2Fv2%2Fcategories&post=9529"},{"taxonomy":"post_tag","embeddable":true,"href":"https:\/\/www.visionweb.com.ar\/index.php?rest_route=%2Fwp%2Fv2%2Ftags&post=9529"}],"curies":[{"name":"wp","href":"https:\/\/api.w.org\/{rel}","templated":true}]}}