{"id":9525,"date":"2023-02-14T08:28:16","date_gmt":"2023-02-14T11:28:16","guid":{"rendered":"https:\/\/www.visionweb.com.ar\/?p=9525"},"modified":"2023-02-14T08:30:57","modified_gmt":"2023-02-14T11:30:57","slug":"santilli-anuncia-manana-su-candidatura-a-gobernador-bonaerense","status":"publish","type":"post","link":"https:\/\/www.visionweb.com.ar\/?p=9525","title":{"rendered":"Santilli anuncia ma\u00f1ana su candidatura a gobernador bonaerense"},"content":{"rendered":"<p><em><strong>El diputado nacional realizar\u00e1 a trav\u00e9s de sus redes sociales el anuncio oficial sobre sus planes para 2023. Se agranda la lista del Pro de pre candidatos a ocupar la gobernaci\u00f3n.<\/strong><\/em> <!--more--><\/p>\n<div id=\"attachment_3371\" style=\"width: 310px\" class=\"wp-caption alignright\"><img loading=\"lazy\" decoding=\"async\" aria-describedby=\"caption-attachment-3371\" class=\"wp-image-3371 size-medium\" src=\"https:\/\/www.visionweb.com.ar\/wp-content\/uploads\/2021\/11\/santilli-la-plata-2-e1676374044524-300x207.bmp\" alt=\"\" width=\"300\" height=\"207\" srcset=\"https:\/\/www.visionweb.com.ar\/wp-content\/uploads\/2021\/11\/santilli-la-plata-2-e1676374044524-300x207.bmp 300w, https:\/\/www.visionweb.com.ar\/wp-content\/uploads\/2021\/11\/santilli-la-plata-2-e1676374044524.bmp 500w\" sizes=\"auto, (max-width: 300px) 100vw, 300px\" \/><p id=\"caption-attachment-3371\" class=\"wp-caption-text\"><em><strong>Diego Santilli, con la bendici\u00f3n de Rodr\u00edguez Larreta, selarga a la pelea bonaerense para llegar a La Plata. (Archivo) <\/strong><\/em><\/p><\/div>\n<p><strong>E<\/strong>l diputado nacional de Juntos por el Cambio, Diego Santilli, anunciar\u00e1 este mi\u00e9rcoles, a trav\u00e9s de sus redes sociales, su candidato a gobernador de la provincia de Buenos Aires en las elecciones PASO de este a\u00f1o.<\/p>\n<p>Desde que fue elegido diputado nacional en las elecciones legislativas de 2021, Santilli visit\u00f3 m\u00e1s de 100 municipios y recorrio m\u00e1s de 105.000 kil\u00f3metros en la provincia de Buenos Aires.<\/p>\n<p>Con el gui\u00f1o de Horacio Rodr\u00edguez Larreta, quien se anot\u00f3 en la carrera presidencial, el dirigente cuenta con el apoyo de varios intendentes en su intenci\u00f3n de pelear con Axel Kicillof el manejo del territorio.<\/p>\n<p>Sin embargo, antes deber\u00e1 sortear la interna que tal vez lo enfrente con el ex ministro de Seguridad, Cristian Ritondo y Nesstor Grindetti, por ahora, aunque hasta el momento las encuestas le dan cierta ventaja.<\/p>\n<p>Santilli, junto al intendente de 3 de Febrero, Diego Valenzuela, confirmaron los equipos t\u00e9cnicos que trabajan desde principio del a\u00f1o pasado en el programa de gobierno 2023-2027.<\/p>\n<p>Los ejes de su propuesta, con la que intentar\u00e1 mostrar un camino alternativo al del actual gobernador, son producci\u00f3n y trabajo, seguridad y calidad educativa.<\/p>\n<p>Tras la ratificaci\u00f3n de su candidatura, informaron desde su entorno, \u00a0el diputado intensificar\u00e1 sus recorridas por el interior y el conurbano bonaerense<strong>(VW)<\/strong>.<\/p>\n","protected":false},"excerpt":{"rendered":"<p>El diputado nacional realizar\u00e1 a trav\u00e9s de sus redes sociales el anuncio oficial sobre sus planes para 2023. Se agranda la lista del Pro de pre candidatos a ocupar la gobernaci\u00f3n.<\/p>\n","protected":false},"author":3,"featured_media":3371,"comment_status":"closed","ping_status":"closed","sticky":false,"template":"","format":"standard","meta":{"_monsterinsights_skip_tracking":false,"_monsterinsights_sitenote_active":false,"_monsterinsights_sitenote_note":"","_monsterinsights_sitenote_category":0,"footnotes":""},"categories":[4],"tags":[3962,2820,920],"class_list":["post-9525","post","type-post","status-publish","format-standard","has-post-thumbnail","hentry","category-politica","tag-candidatura","tag-gobernacion","tag-santilli"],"_links":{"self":[{"href":"https:\/\/www.visionweb.com.ar\/index.php?rest_route=\/wp\/v2\/posts\/9525","targetHints":{"allow":["GET"]}}],"collection":[{"href":"https:\/\/www.visionweb.com.ar\/index.php?rest_route=\/wp\/v2\/posts"}],"about":[{"href":"https:\/\/www.visionweb.com.ar\/index.php?rest_route=\/wp\/v2\/types\/post"}],"author":[{"embeddable":true,"href":"https:\/\/www.visionweb.com.ar\/index.php?rest_route=\/wp\/v2\/users\/3"}],"replies":[{"embeddable":true,"href":"https:\/\/www.visionweb.com.ar\/index.php?rest_route=%2Fwp%2Fv2%2Fcomments&post=9525"}],"version-history":[{"count":3,"href":"https:\/\/www.visionweb.com.ar\/index.php?rest_route=\/wp\/v2\/posts\/9525\/revisions"}],"predecessor-version":[{"id":9528,"href":"https:\/\/www.visionweb.com.ar\/index.php?rest_route=\/wp\/v2\/posts\/9525\/revisions\/9528"}],"wp:featuredmedia":[{"embeddable":true,"href":"https:\/\/www.visionweb.com.ar\/index.php?rest_route=\/wp\/v2\/media\/3371"}],"wp:attachment":[{"href":"https:\/\/www.visionweb.com.ar\/index.php?rest_route=%2Fwp%2Fv2%2Fmedia&parent=9525"}],"wp:term":[{"taxonomy":"category","embeddable":true,"href":"https:\/\/www.visionweb.com.ar\/index.php?rest_route=%2Fwp%2Fv2%2Fcategories&post=9525"},{"taxonomy":"post_tag","embeddable":true,"href":"https:\/\/www.visionweb.com.ar\/index.php?rest_route=%2Fwp%2Fv2%2Ftags&post=9525"}],"curies":[{"name":"wp","href":"https:\/\/api.w.org\/{rel}","templated":true}]}}