{"id":9523,"date":"2023-02-14T00:57:03","date_gmt":"2023-02-14T03:57:03","guid":{"rendered":"https:\/\/www.visionweb.com.ar\/?p=9523"},"modified":"2023-02-14T00:57:03","modified_gmt":"2023-02-14T03:57:03","slug":"carnes-el-gobierno-anuncio-un-nuevo-programa-de-precios-justos","status":"publish","type":"post","link":"https:\/\/www.visionweb.com.ar\/?p=9523","title":{"rendered":"Carnes: El Gobierno anunci\u00f3 un nuevo programa de Precios Justos"},"content":{"rendered":"<p><strong><em>El anunci\u00f3 fue hecho por el ministro de Econom\u00eda, Sergio Massa. Incluir\u00e1 beneficios para los consumidores y bonificaciones para las carnicer\u00edas en la parte tributaria.<\/em><\/strong>\u00a0 \u00a0 <!--more--><\/p>\n<p><strong><img loading=\"lazy\" decoding=\"async\" class=\"size-medium wp-image-9355 alignright\" src=\"https:\/\/www.visionweb.com.ar\/wp-content\/uploads\/2023\/01\/CARNES-300x189.jpg\" alt=\"\" width=\"300\" height=\"189\" srcset=\"https:\/\/www.visionweb.com.ar\/wp-content\/uploads\/2023\/01\/CARNES-300x189.jpg 300w, https:\/\/www.visionweb.com.ar\/wp-content\/uploads\/2023\/01\/CARNES.bmp 506w\" sizes=\"auto, (max-width: 300px) 100vw, 300px\" \/>Preocupado por las alas del precio de la carne<\/strong> , en las \u00faltimas semanas, el Gobierno anunci\u00f3 en la v\u00edspera un nuevo programa de precios justos para los siete cortes de carne vacuna, pero a diferencia de otras oportunidades, incluir\u00e1 beneficios para las carnicer\u00edas.<\/p>\n<p>La medida impulsada por el Palacio de hacienda apunta a rebajar el precio de la carne vacuna en un 35% para los siete cortes parrilleros y se mantendr\u00e1n congelados hasta el 31 de marzo.<\/p>\n<p>A partir de fines del tercer mes del a\u00f1o, el precio de la prote\u00edna de origen animal se acoplara al esquema de subas mensuales que ser\u00e1 del 3,2%, pero regir\u00e1 para los grandes supermercados.<\/p>\n<p>El anuncio lo hizo el ministro de Econom\u00eda, Sergio Massa en el Palacio de hacienda, junto al secretario de Comercio, Tom\u00e1s Tombolini y del titular de Agricultura, Juan Jos\u00e9 Bahillo.<\/p>\n<p>Los siete cortes que se incluir\u00e1n en el esquema de precios justos son: Asado $1035\/kg; nalga $1375\/kg; vac\u00edo $1351\/kg; falda $675\/kg; paleta 1113\/kg y tapa de asado $1035.<\/p>\n<p>Desde la secretar\u00eda de Comercio destacaron que gracias a los acuerdos con las empresas exportadoras de carne bovina\u00a0<strong>se puede aumentar la oferta de comercializaci\u00f3n mensual a unas 18.000 toneladas.<\/strong><\/p>\n<p>La comercializaci\u00f3n se realizar\u00e1 todos los d\u00edas en supermercados e hipermercados y carnicer\u00edas de frigor\u00edficos y se trabajar\u00e1 con los supermercados nucleados en ASU, CAS y FASA los d\u00edas de ventas de estos cortes.<\/p>\n<p>Para las<strong>\u00a0carnicer\u00edas de barrio se pondr\u00e1 en marcha un programa de reintegros de IVA del 10% para compras con tarjetas de d\u00e9bito y un diferimiento en el pago de la cuota de monotributo o de IVA para los responsables inscriptos por 90 d\u00edas<\/strong>.<\/p>\n<p>El Banco Naci\u00f3n (BNA), por parte har\u00e1 reintegros del 35% para las compras con tarjeta de d\u00e9bito BNA.<\/p>\n<p>Adem\u00e1s, en acuerdo con el\u00a0<strong>BNA, los s\u00e1bados \u00a0hay promoci\u00f3n para Comercios de Barrio del 35%<\/strong>\u00a0para compras con tarjeta de cr\u00e9dito y tarjeta de d\u00e9bito f\u00edsicas del Banco Naci\u00f3n y aplicable para pagos a trav\u00e9s de MODO BNA+ escaneando QR con tope de reintegro de $3.000 por transacci\u00f3n.<\/p>\n<p><strong>A esto se le incorporar\u00eda en los pr\u00f3ximos d\u00edas la promoci\u00f3n del 35% con Banco Naci\u00f3n los viernes para carnicer\u00edas<\/strong>, con el mismo tope de reintegro de $3.000 por transacci\u00f3n.<\/p>\n<p><strong>Para ampliar la oferta, el paquete tambi\u00e9n incluye un subsidio de 40% para productores que env\u00eden terneros a feedlot, hasta 100 animales por hasta ocho meses y una fuerte reducci\u00f3n en la base imponible para la exportaci\u00f3n de cuero<\/strong>, cuyo precio de venta pasar\u00e1 a ser el valor FOB en Argentina y dejar\u00e1 de ser el que actualmente se toma como referencia en Estados Unidos.<strong>(VW)<\/strong><\/p>\n","protected":false},"excerpt":{"rendered":"<p>El anunci\u00f3 fue hecho por el ministro de Econom\u00eda, Sergio Massa. Incluir\u00e1 beneficios para los consumidores y bonificaciones para las carnicer\u00edas en la parte tributaria.\u00a0 \u00a0<\/p>\n","protected":false},"author":3,"featured_media":9355,"comment_status":"closed","ping_status":"closed","sticky":false,"template":"","format":"standard","meta":{"_monsterinsights_skip_tracking":false,"_monsterinsights_sitenote_active":false,"_monsterinsights_sitenote_note":"","_monsterinsights_sitenote_category":0,"footnotes":""},"categories":[6],"tags":[3961,357,47],"class_list":["post-9523","post","type-post","status-publish","format-standard","has-post-thumbnail","hentry","category-economia","tag-bonificaciones-bna","tag-carnes","tag-precios"],"_links":{"self":[{"href":"https:\/\/www.visionweb.com.ar\/index.php?rest_route=\/wp\/v2\/posts\/9523","targetHints":{"allow":["GET"]}}],"collection":[{"href":"https:\/\/www.visionweb.com.ar\/index.php?rest_route=\/wp\/v2\/posts"}],"about":[{"href":"https:\/\/www.visionweb.com.ar\/index.php?rest_route=\/wp\/v2\/types\/post"}],"author":[{"embeddable":true,"href":"https:\/\/www.visionweb.com.ar\/index.php?rest_route=\/wp\/v2\/users\/3"}],"replies":[{"embeddable":true,"href":"https:\/\/www.visionweb.com.ar\/index.php?rest_route=%2Fwp%2Fv2%2Fcomments&post=9523"}],"version-history":[{"count":1,"href":"https:\/\/www.visionweb.com.ar\/index.php?rest_route=\/wp\/v2\/posts\/9523\/revisions"}],"predecessor-version":[{"id":9524,"href":"https:\/\/www.visionweb.com.ar\/index.php?rest_route=\/wp\/v2\/posts\/9523\/revisions\/9524"}],"wp:featuredmedia":[{"embeddable":true,"href":"https:\/\/www.visionweb.com.ar\/index.php?rest_route=\/wp\/v2\/media\/9355"}],"wp:attachment":[{"href":"https:\/\/www.visionweb.com.ar\/index.php?rest_route=%2Fwp%2Fv2%2Fmedia&parent=9523"}],"wp:term":[{"taxonomy":"category","embeddable":true,"href":"https:\/\/www.visionweb.com.ar\/index.php?rest_route=%2Fwp%2Fv2%2Fcategories&post=9523"},{"taxonomy":"post_tag","embeddable":true,"href":"https:\/\/www.visionweb.com.ar\/index.php?rest_route=%2Fwp%2Fv2%2Ftags&post=9523"}],"curies":[{"name":"wp","href":"https:\/\/api.w.org\/{rel}","templated":true}]}}