{"id":9509,"date":"2023-02-13T09:52:30","date_gmt":"2023-02-13T12:52:30","guid":{"rendered":"https:\/\/www.visionweb.com.ar\/?p=9509"},"modified":"2023-02-13T09:57:02","modified_gmt":"2023-02-13T12:57:02","slug":"la-pampa-berhongaray-gano-la-interna-juntos-por-el-cambio","status":"publish","type":"post","link":"https:\/\/www.visionweb.com.ar\/?p=9509","title":{"rendered":"La Pampa: Berhongaray gan\u00f3 la interna de Juntos por el Cambio"},"content":{"rendered":"<p><em><strong>El hijo del fallecido Senador Antonio Berhongasray, Mart\u00edn competir\u00e1 por la gobernaci\u00f3n en las pr\u00f3ximas elecciones del 14 de mayo.<\/strong><\/em>\u00a0 <!--more--><\/p>\n<div id=\"attachment_9510\" style=\"width: 310px\" class=\"wp-caption alignleft\"><img loading=\"lazy\" decoding=\"async\" aria-describedby=\"caption-attachment-9510\" class=\"wp-image-9510 size-medium\" src=\"https:\/\/www.visionweb.com.ar\/wp-content\/uploads\/2023\/02\/BERHONGARAY-LUSTEAU-300x215.png\" alt=\"\" width=\"300\" height=\"215\" srcset=\"https:\/\/www.visionweb.com.ar\/wp-content\/uploads\/2023\/02\/BERHONGARAY-LUSTEAU-300x215.png 300w, https:\/\/www.visionweb.com.ar\/wp-content\/uploads\/2023\/02\/BERHONGARAY-LUSTEAU.png 680w\" sizes=\"auto, (max-width: 300px) 100vw, 300px\" \/><p id=\"caption-attachment-9510\" class=\"wp-caption-text\"><em><strong>El ahora candidato a Gobernador por Juntos, Mart\u00edn Berhongaray, celebra junto al Senador Lousteau. (Foto: Twitter)<\/strong><\/em><\/p><\/div>\n<p><strong>E<\/strong>l radical Mart\u00edn Berhongaray se impuso anoche como el candidato a gobernador de La Pampa por Juntos por el Cambio al doblegar en las elecciones primarias al postulante del PRO, Mart\u00edn Maquieyra, que contaba con el apoyo del resto de los partidos de la coalici\u00f3n opositora.<\/p>\n<p>En la primera elecci\u00f3n PASO del a\u00f1o, el Frente Justicialista Pampeano (FreJuPa), en cambio, ir\u00e1 a las elecciones generales del pr\u00f3ximo 14 de mayo con lista \u00fanica y ser\u00e1 representado por el actual gobernador, Sergio Ziliotto, en f\u00f3rmula con la diputada provincial Alicia Mayoral, informaron agencias y medios de La Pampa.<\/p>\n<p>Por su parte, el gobernador de Jujuy y presidente de la UCR Nacional, Gerardo Morales, destac\u00f3 este domingo el triunfo radical en La Pampa, aludi\u00f3 a su impacto en el escenario nacional y aprovech\u00f3 para insistir en su pedido de que haya f\u00f3rmulas cruzadas en las PASO de Juntos por el Cambio.<\/p>\n<p>Morales manifest\u00f3 que la victoria de Mart\u00edn Berhongaray (UCR), aliado de Mart\u00edn Lousteau, ratific\u00f3 \u201cla potencia del radicalismo en el territorio\u201d y demostr\u00f3 que el partido centenario \u201ctiene muy buenos emergentes y candidatos\u201d para la pelea electoral hacia adelante. \u201cAhora es importante que estemos m\u00e1s unidos que nunca\u201d, afirm\u00f3.<\/p>\n<p><strong>Las listas\u00a0<\/strong><\/p>\n<p>De las seis listas presentadas, Juntos por el Cambio era el \u00fanico espacio que dirim\u00eda a su candidato en una interna, por lo que se convert\u00eda en el principal animador del caluroso domingo electoral de febrero.<\/p>\n<p>De hecho, los principales referentes nacionales de la coalici\u00f3n opositora siguen muy de cerca el devenir de esta elecci\u00f3n, la primera de varias batallas provinciales en las que distintas facciones de la alianza se enfrentar\u00e1n en las urnas, en medio de tensiones internas y problemas para ordenar las ofertas electorales.<\/p>\n<p>La Pampa es uno de los tantos territorios peronistas que decidieron desdoblar su contienda de la nacional.<\/p>\n<p>La votaci\u00f3n se desarroll\u00f3 con normalidad en las 777 mesas de votaci\u00f3n, ubicadas en 165 establecimientos educativos, en los cuales unos 293.800 pampeanos estuvieron habilitados para sufragar.<\/p>\n<p>Seg\u00fan datos de los fiscales, Berhongaray super\u00f3 por un 20 por ciento sobre Mart\u00edn Maquieyra del PRO.<\/p>\n<p>Los comicios finalizaron con una participaci\u00f3n que lleg\u00f3 apenas al 16 por ciento, donde fueron a votar el 25 por ciento de afiliados, la mayor\u00eda de la UCR y 7 por ciento de independientes(<strong>(VW)<\/strong>.<\/p>\n","protected":false},"excerpt":{"rendered":"<p>El hijo del fallecido Senador Antonio Berhongasray, Mart\u00edn competir\u00e1 por la gobernaci\u00f3n en las pr\u00f3ximas elecciones del 14 de mayo.\u00a0<\/p>\n","protected":false},"author":3,"featured_media":9510,"comment_status":"closed","ping_status":"closed","sticky":false,"template":"","format":"standard","meta":{"_monsterinsights_skip_tracking":false,"_monsterinsights_sitenote_active":false,"_monsterinsights_sitenote_note":"","_monsterinsights_sitenote_category":0,"footnotes":""},"categories":[4],"tags":[3954,3955,587],"class_list":["post-9509","post","type-post","status-publish","format-standard","has-post-thumbnail","hentry","category-politica","tag-berhongaray","tag-candidato","tag-gobernador"],"_links":{"self":[{"href":"https:\/\/www.visionweb.com.ar\/index.php?rest_route=\/wp\/v2\/posts\/9509","targetHints":{"allow":["GET"]}}],"collection":[{"href":"https:\/\/www.visionweb.com.ar\/index.php?rest_route=\/wp\/v2\/posts"}],"about":[{"href":"https:\/\/www.visionweb.com.ar\/index.php?rest_route=\/wp\/v2\/types\/post"}],"author":[{"embeddable":true,"href":"https:\/\/www.visionweb.com.ar\/index.php?rest_route=\/wp\/v2\/users\/3"}],"replies":[{"embeddable":true,"href":"https:\/\/www.visionweb.com.ar\/index.php?rest_route=%2Fwp%2Fv2%2Fcomments&post=9509"}],"version-history":[{"count":3,"href":"https:\/\/www.visionweb.com.ar\/index.php?rest_route=\/wp\/v2\/posts\/9509\/revisions"}],"predecessor-version":[{"id":9513,"href":"https:\/\/www.visionweb.com.ar\/index.php?rest_route=\/wp\/v2\/posts\/9509\/revisions\/9513"}],"wp:featuredmedia":[{"embeddable":true,"href":"https:\/\/www.visionweb.com.ar\/index.php?rest_route=\/wp\/v2\/media\/9510"}],"wp:attachment":[{"href":"https:\/\/www.visionweb.com.ar\/index.php?rest_route=%2Fwp%2Fv2%2Fmedia&parent=9509"}],"wp:term":[{"taxonomy":"category","embeddable":true,"href":"https:\/\/www.visionweb.com.ar\/index.php?rest_route=%2Fwp%2Fv2%2Fcategories&post=9509"},{"taxonomy":"post_tag","embeddable":true,"href":"https:\/\/www.visionweb.com.ar\/index.php?rest_route=%2Fwp%2Fv2%2Ftags&post=9509"}],"curies":[{"name":"wp","href":"https:\/\/api.w.org\/{rel}","templated":true}]}}