{"id":9498,"date":"2023-02-13T08:33:45","date_gmt":"2023-02-13T11:33:45","guid":{"rendered":"https:\/\/www.visionweb.com.ar\/?p=9498"},"modified":"2023-02-12T14:58:30","modified_gmt":"2023-02-12T17:58:30","slug":"comienza-el-prologo-de-las-internas-bonaerenses-para-las-paso","status":"publish","type":"post","link":"https:\/\/www.visionweb.com.ar\/?p=9498","title":{"rendered":"Comenz\u00f3 el\u00a0 pr\u00f3logo para las internas bonaerenses de las PASO"},"content":{"rendered":"<p><em><strong>El concejal Emiliano Bursese analiz\u00f3 la previa de los posibles pre candidatos a la gobernaci\u00f3n bonaerense, en el marco de la coalici\u00f3n Juntos-UCR y las asignaturas pendientes para este a\u00f1o en el Consejo Deliberante de Lan\u00fas.<\/strong> <\/em><!--more--><\/p>\n<div id=\"attachment_9499\" style=\"width: 310px\" class=\"wp-caption alignright\"><img loading=\"lazy\" decoding=\"async\" aria-describedby=\"caption-attachment-9499\" class=\"wp-image-9499 size-medium\" src=\"https:\/\/www.visionweb.com.ar\/wp-content\/uploads\/2023\/02\/BURCESSE-300x193.jpg\" alt=\"\" width=\"300\" height=\"193\" srcset=\"https:\/\/www.visionweb.com.ar\/wp-content\/uploads\/2023\/02\/BURCESSE-300x193.jpg 300w, https:\/\/www.visionweb.com.ar\/wp-content\/uploads\/2023\/02\/BURCESSE.jpg 547w\" sizes=\"auto, (max-width: 300px) 100vw, 300px\" \/><p id=\"caption-attachment-9499\" class=\"wp-caption-text\"><em><strong>El concejal Emiliano Burcesse (Juntos-UCR), aspira a pensar un lan\u00fas m\u00e1s verde de aqu\u00ed a 20 a\u00f1os (Foto: Alejandra Rodr\u00edguez)<\/strong><\/em><\/p><\/div>\n<p><strong>E<\/strong>n medio de un a\u00f1o electoral que dar\u00e1 para alquilar balcones y, a poco m\u00e1s de cuatro meses para la inscripci\u00f3n de las alianzas, en el escenario bonaerense, aparecen varios aspirantes a ocupar el sill\u00f3n de La Plata.<\/p>\n<p>La alianza Juntos PRO-UCR, no es la excepci\u00f3n y\u00a0 el <strong>concejal Emiliano Bursese (UCR)<\/strong>\u00a0 analiz\u00f3 con <strong><em>visionweb.com.ar<\/em><\/strong>\u00a0 las diferentes alternativas que se barajan.<\/p>\n<p>En la charla, no fueron ajenos temas como la gesti\u00f3n del Edil, que aspira desde su bancada a impulsar iniciativas que contribuyan al mejoramiento de la calidad de vida del distrito, con miras a 15 \u00f3 20 a\u00f1os para lograr un Lan\u00fas que deje de ser \u00abuna ciudad gris\u00bb, y con m\u00e1s espacios verdes.<\/p>\n<p><strong>Internas abiertas<\/strong><\/p>\n<p>El abogado\u00a0 Bursese <strong>revindic\u00f3\u00a0 el esp\u00edritu democr\u00e1tico de la centenaria Uni\u00f3n C\u00edvica Radical<\/strong> y asegur\u00f3 que: \u201cNosotros tenemos <strong>una actitud favorable a cualquier tipo de resoluci\u00f3n de conflicto por medio del voto<\/strong> de la gente\u201d, sostuvo, al ser consultado por una iniciativa del diputado Walter Cardoso.<\/p>\n<p>El legislador provincial\u00a0 bonaerense, semanas atr\u00e1s, hab\u00eda presentado una nota con el apoyo de otros referentes del radicalismo en las que ped\u00edan internas abiertas para la elecci\u00f3n de los candidatos y no a dedo.<\/p>\n<p>Al respecto, Bursese consider\u00f3 que las autoridades partidarias tendr\u00e1n que \u201cponerse de acuerdo y llevar un candidato nuestro y \u00fanico que genere potencia y unidad detr\u00e1s de ese candidato\u201d, describi\u00f3.<\/p>\n<p>El edil, se pronunci\u00f3 tambi\u00e9n sobre una f\u00f3rmula ideal a gobernador y, consider\u00f3 que: \u201cEs dif\u00edcil. Nosotros vamos a trabajar para que sea un candidato radical y, en el escenario posterior se ver\u00e1 si se arma una f\u00f3rmula mixta porque es m\u00e1s representativa para todos\u201d.<\/p>\n<p><strong>Pre candidatos<\/strong><\/p>\n<p>Con respecto a los aspirantes a gobernador por parte de la UCR, Bursese consider\u00f3 que \u201cMaximilano Abad es el candidato oficial, que conduce el radicalismo de la provincia de Buenos Aires y el otro ser\u00eda (Gustavo) Posse, a la vez \u00a0que est\u00e1 la propuesta m\u00e1s reciente del diputado Mart\u00edn Tet\u00e1s. Habr\u00e1 acuerdo y, tendremos un candidato \u00fanico\u201d, analiz\u00f3.<\/p>\n<p>\u201c<strong>Nosotros respaldamos la candidatura de Abad, trae una renovaci\u00f3n del radicalismo, conoce la provincia de Buenos Aires<\/strong> y es Presidente del bloque Juntos en la C\u00e1mara de Diputados bonaerense\u201d.<\/p>\n<p>Con respecto a los <strong>pre candidatos a intendente de Lan\u00fas<\/strong>, Bursese explic\u00f3 que ser\u00e1 <strong>Diego Kravetz<\/strong>, desde el espacio Hacemos, una agrupaci\u00f3n cercana al Pro que trabaja en la Tercera Secci\u00f3n Electoral.<\/p>\n<p>Respecto a la posici\u00f3n del radicalismo que es parte de la alianza Juntos, el edil consider\u00f3 que: \u201cTodav\u00eda no nos manifestamos en ese sentido y creemos que debemos iniciar un proceso de debates para ver qui\u00e9n es el mejor candidato que represente al radicalismo y que decida la gente quien ser\u00e1 el que contin\u00fae el proyecto de (el intendente N\u00e9stor) Grindetti en Lan\u00fas\u201d.<\/p>\n<p>En ese sentido el concejal <strong>Bursese record\u00f3 que se mantienen charlas con otros sectores de Juntos, Hacemos, el PRO, el peronismo, la Coalici\u00f3n C\u00edvica\u00a0 y el GEN<\/strong> que lidera la diputada nacional Margarita Stolbizer.<\/p>\n<p><strong>El desembarco de Manes\u00a0\u00a0 <\/strong><\/p>\n<p>El Edil, reflexion\u00f3 tambi\u00e9n respecto del desembarco del m\u00e9dico neurocient\u00edfico Facundo Manes (Diputado Nacional UCR) y no dud\u00f3 en destacar su presencia en la centenaria agrupaci\u00f3n pol\u00edtica.<\/p>\n<p>\u201cLa llegada del doctor <strong>Manes al radicalismo, fue para nosotros una fuerza que nos motoriz\u00f3, nos oxigen\u00f3<\/strong> y despert\u00f3 energ\u00edas que, las ten\u00edamos, pero que estaban latentes\u201d.<\/p>\n<p>En ese sentido, el Bursese agreg\u00f3 que: \u201cEntiendo que tiene previsto salir al ruedo nuevamente. Vamos a ver como la sociedad lo toma. Estamos esperanzados, <strong>el radicalismo adquiri\u00f3 m\u00fasculo dentro de la alianza y es buena la revalorizaci\u00f3n de nuestro Partido<\/strong>\u201d<\/p>\n<p><strong>En el Consejo Deliberante<\/strong><\/p>\n<p>Bursese tiene en carpeta una serie de iniciativas que por diversos motivos no fueron tratados en sesi\u00f3n.<\/p>\n<p>En ese sentido, ante una consulta de <strong><em>visionweb.com.ar<\/em><\/strong> puso el acento en la tracci\u00f3n a sangre, un tema que preocupa a la comunidad.<\/p>\n<p>\u201cNos reunimos con las asociaciones de vecinos por este tema pendiente y que a\u00fan no pudimos sacar o, el caso de las graseras, una, creo que ya se clausur\u00f3 y\u00a0 respondimos\u00a0 a la expectativa de la gente\u201d, resalt\u00f3.<\/p>\n<p>Pero m\u00e1s all\u00e1 de algunos asuntos que tuvieron respuesta al reclamo vecinal de Lan\u00fas, Bursese alz\u00f3 la vara y analiz\u00f3: \u201cNosotros, desde el <strong>Concejo Deliberante<\/strong> nos debemos un trabajo mucho m\u00e1s fuerte respecto de algunas propuestas <strong>con la mirada puesta en el futuro de Lan\u00fas<\/strong>. Estamos pendientes del d\u00eda a d\u00eda\u201d, puntualiz\u00f3.<\/p>\n<p>En ese sentido consider\u00f3 que se deber\u00edan fijar cuatro ejes, por ejemplo como \u201cun <strong>Lan\u00fas m\u00e1s verde<\/strong> y, este a\u00f1o aspiro a pensar\u00a0 <strong>un Lan\u00fas para m\u00e1s adelante<\/strong>. Noto que las fuerzas pol\u00edticas locales estamos en la chicana o la grieta y nadie est\u00e1 pensando, por ejemplo, en <strong>qu\u00e9 ciudad queremos para dentro de 15 \u00f3 20 a\u00f1os<\/strong>\u201d, cerr\u00f3.<\/p>\n<p>Bursese consider\u00f3 tambi\u00e9n que hay\u00a0 temas cr\u00edticos como el <strong>C\u00f3digo Edilicio<\/strong> que debe ser tratado porque \u201chay vecinos que son muy cr\u00edticos de lo que se aprob\u00f3\u201d.<\/p>\n<p>\u201c<strong>Lo ideal es trabajar con las asociaciones y los vecinos para enriquecer el debate<\/strong>, porque al haber muchas voces, las soluciones son mucho m\u00e1s ricas. Lan\u00fas es una ciudad gris, por eso <strong>debemos pensar en el medio\u00a0 ambiental \u00a0y, ver c\u00f3mo adquirir espacios verdes que hoy no los tenemos<\/strong>\u201d, insisti\u00f3.<\/p>\n<p>El Edil record\u00f3 tambi\u00e9n, que el CD aprob\u00f3 una ordenanza que obliga a modificar un Decreto del Departamento Ejecutivo, a partir de la implementaci\u00f3n de <strong>\u201cterrazas verdes\u201d<\/strong> que obliga a\u00a0 crear en los edificios un jard\u00edn en la tierra y en forma horizontal y: \u201c<strong>Aspiramos a que sea obligatorio, porque hoy es optativo<\/strong>\u201d, describi\u00f3.<\/p>\n<p>Respecto de las <strong>bicisendas<\/strong>, el Concejal record\u00f3 que el bloque Juntos, por pedido de los vecinos, present\u00f3 un proyecto de ordenanza para su creaci\u00f3n que se debe mejorar, que incluye la <strong>creaci\u00f3n de un registro para bicicletas<\/strong> porque servir\u00eda para patentarlas o para un seguimiento por los robos. <strong>(VW)<\/strong><\/p>\n<p><em><strong>EB\/AL<\/strong><\/em><\/p>\n<p>&nbsp;<\/p>\n","protected":false},"excerpt":{"rendered":"<p>El concejal Emiliano Bursese analiz\u00f3 la previa de los posibles pre candidatos a la gobernaci\u00f3n bonaerense, en el marco de la coalici\u00f3n Juntos-UCR y las asignaturas pendientes para este a\u00f1o en el Consejo Deliberante&#46;&#46;&#46;<\/p>\n","protected":false},"author":3,"featured_media":9499,"comment_status":"closed","ping_status":"closed","sticky":false,"template":"","format":"standard","meta":{"_monsterinsights_skip_tracking":false,"_monsterinsights_sitenote_active":false,"_monsterinsights_sitenote_note":"","_monsterinsights_sitenote_category":0,"footnotes":""},"categories":[4],"tags":[1263,264,3948,204],"class_list":["post-9498","post","type-post","status-publish","format-standard","has-post-thumbnail","hentry","category-politica","tag-gobernadores","tag-intendentes","tag-lanus-verde","tag-paso"],"_links":{"self":[{"href":"https:\/\/www.visionweb.com.ar\/index.php?rest_route=\/wp\/v2\/posts\/9498","targetHints":{"allow":["GET"]}}],"collection":[{"href":"https:\/\/www.visionweb.com.ar\/index.php?rest_route=\/wp\/v2\/posts"}],"about":[{"href":"https:\/\/www.visionweb.com.ar\/index.php?rest_route=\/wp\/v2\/types\/post"}],"author":[{"embeddable":true,"href":"https:\/\/www.visionweb.com.ar\/index.php?rest_route=\/wp\/v2\/users\/3"}],"replies":[{"embeddable":true,"href":"https:\/\/www.visionweb.com.ar\/index.php?rest_route=%2Fwp%2Fv2%2Fcomments&post=9498"}],"version-history":[{"count":3,"href":"https:\/\/www.visionweb.com.ar\/index.php?rest_route=\/wp\/v2\/posts\/9498\/revisions"}],"predecessor-version":[{"id":9505,"href":"https:\/\/www.visionweb.com.ar\/index.php?rest_route=\/wp\/v2\/posts\/9498\/revisions\/9505"}],"wp:featuredmedia":[{"embeddable":true,"href":"https:\/\/www.visionweb.com.ar\/index.php?rest_route=\/wp\/v2\/media\/9499"}],"wp:attachment":[{"href":"https:\/\/www.visionweb.com.ar\/index.php?rest_route=%2Fwp%2Fv2%2Fmedia&parent=9498"}],"wp:term":[{"taxonomy":"category","embeddable":true,"href":"https:\/\/www.visionweb.com.ar\/index.php?rest_route=%2Fwp%2Fv2%2Fcategories&post=9498"},{"taxonomy":"post_tag","embeddable":true,"href":"https:\/\/www.visionweb.com.ar\/index.php?rest_route=%2Fwp%2Fv2%2Ftags&post=9498"}],"curies":[{"name":"wp","href":"https:\/\/api.w.org\/{rel}","templated":true}]}}