{"id":9496,"date":"2023-02-10T12:24:14","date_gmt":"2023-02-10T15:24:14","guid":{"rendered":"https:\/\/www.visionweb.com.ar\/?p=9496"},"modified":"2023-02-10T12:24:14","modified_gmt":"2023-02-10T15:24:14","slug":"el-gobierno-nacional-prorroga-hasta-fin-de-ano-los-aportes-patronales-de-los-colegios-privados","status":"publish","type":"post","link":"https:\/\/www.visionweb.com.ar\/?p=9496","title":{"rendered":"El gobierno nacional prorroga hasta fin de a\u00f1o los aportes patronales de los colegios privados"},"content":{"rendered":"<p><em><strong>Lo dispuso el Gobierno, al justificar que el principal costo de los establecimientos est\u00e1 representado por el componente salaria.<\/strong><\/em><!--more--><\/p>\n<p><strong><img loading=\"lazy\" decoding=\"async\" class=\"size-full wp-image-861 alignright\" src=\"https:\/\/www.visionweb.com.ar\/wp-content\/uploads\/2021\/02\/COLEGIOS.bmp\" alt=\"\" width=\"380\" height=\"304\" \/>E<\/strong>l Gobierno nacional prorrog\u00f3 hasta fin de este a\u00f1o la eximici\u00f3n que tienen las instituciones privadas de ense\u00f1anza del pago de contribuciones patronales.<\/p>\n<p>A trav\u00e9s del Decreto 69\/2023 publicado este viernes en el Bolet\u00edn Oficial, el Gobierno destac\u00f3 que \u201cel principal costo operativo y financiero de los establecimientos educativos de gesti\u00f3n privada est\u00e1 representado por el componente salarial, en el que se incluyen las correspondientes contribuciones patronales\u201d.<\/p>\n<p>Adem\u00e1s indic\u00f3 que de no prorrogarse la eximici\u00f3n \u201cse producir\u00eda un incremento desmesurado en las contribuciones patronales a pagar por las instituciones, el que ser\u00eda incluso mayor en jurisdicciones alejadas de la Ciudad y la provincia de Buenos Aires, ya que las reducciones de las que actualmente se benefician estos establecimientos difieren en las diversas \u00e1reas y regiones del pa\u00eds conforme a la normativa vigente\u201d.<\/p>\n<p>En ese sentido, el Decreto subray\u00f3 que \u201cel incremento de las contribuciones patronales generar\u00e1 un aumento importante en las partidas presupuestarias de las provincias, ya que el aporte estatal no solo contribuye para el pago de los sueldos de los y las docentes curriculares sino tambi\u00e9n al pago de las contribuciones patronales de aquellos salarios\u201d.<\/p>\n<h3 style=\"text-align: center;\"><span style=\"color: #3366ff;\"><em><strong>La eximici\u00f3n de los aportes patronales regir\u00e1 hasta fines de 2023<\/strong><\/em><\/span><\/h3>\n<p>Se\u00f1al\u00f3 adem\u00e1s, que \u201cen los casos en los cuales el instituto educativo no reciba aporte estatal, o lo reciba parcialmente, el significativo aumento de las contribuciones patronales originar\u00e1 incrementos importantes en el valor de los aranceles que abonan las familias por los servicios educativos y afectar\u00e1 su econom\u00eda\u201d.<\/p>\n<p>Esta semana, el ministro de Econom\u00eda, Sergio Massa, anunci\u00f3 un acuerdo con las c\u00e1maras de colegios privados que contiene \u201cuna pauta de aumento que pretende establecer un mecanismo hasta junio que no supere la meta inflacionaria\u201d.<\/p>\n<p>Este acuerdo \u201cnos permite bajar hasta m\u00e1s de la mitad el aumento de inicio en 16,38% y a partir de ah\u00ed recorrer un sendero de 3,35% hasta junio\u201d, anunci\u00f3 Massa.<\/p>\n<p>Junto con esto, Massa anticip\u00f3 que buscar\u00e1 un acuerdo con todas las jurisdicciones para que los colegios privados paguen los servicios de luz y gas bajo un esquema similar al que existe para los clubes de barrio, enmarcado en la tarea social que realizan<strong>(VW)<\/strong>.<\/p>\n","protected":false},"excerpt":{"rendered":"<p>Lo dispuso el Gobierno, al justificar que el principal costo de los establecimientos est\u00e1 representado por el componente salaria.<\/p>\n","protected":false},"author":3,"featured_media":861,"comment_status":"closed","ping_status":"closed","sticky":false,"template":"","format":"standard","meta":{"_monsterinsights_skip_tracking":false,"_monsterinsights_sitenote_active":false,"_monsterinsights_sitenote_note":"","_monsterinsights_sitenote_category":0,"footnotes":""},"categories":[7],"tags":[1692,374,3946,3947],"class_list":["post-9496","post","type-post","status-publish","format-standard","has-post-thumbnail","hentry","category-educacion-y-cultura","tag-aportes","tag-colegios","tag-patronales","tag-privados"],"_links":{"self":[{"href":"https:\/\/www.visionweb.com.ar\/index.php?rest_route=\/wp\/v2\/posts\/9496","targetHints":{"allow":["GET"]}}],"collection":[{"href":"https:\/\/www.visionweb.com.ar\/index.php?rest_route=\/wp\/v2\/posts"}],"about":[{"href":"https:\/\/www.visionweb.com.ar\/index.php?rest_route=\/wp\/v2\/types\/post"}],"author":[{"embeddable":true,"href":"https:\/\/www.visionweb.com.ar\/index.php?rest_route=\/wp\/v2\/users\/3"}],"replies":[{"embeddable":true,"href":"https:\/\/www.visionweb.com.ar\/index.php?rest_route=%2Fwp%2Fv2%2Fcomments&post=9496"}],"version-history":[{"count":1,"href":"https:\/\/www.visionweb.com.ar\/index.php?rest_route=\/wp\/v2\/posts\/9496\/revisions"}],"predecessor-version":[{"id":9497,"href":"https:\/\/www.visionweb.com.ar\/index.php?rest_route=\/wp\/v2\/posts\/9496\/revisions\/9497"}],"wp:featuredmedia":[{"embeddable":true,"href":"https:\/\/www.visionweb.com.ar\/index.php?rest_route=\/wp\/v2\/media\/861"}],"wp:attachment":[{"href":"https:\/\/www.visionweb.com.ar\/index.php?rest_route=%2Fwp%2Fv2%2Fmedia&parent=9496"}],"wp:term":[{"taxonomy":"category","embeddable":true,"href":"https:\/\/www.visionweb.com.ar\/index.php?rest_route=%2Fwp%2Fv2%2Fcategories&post=9496"},{"taxonomy":"post_tag","embeddable":true,"href":"https:\/\/www.visionweb.com.ar\/index.php?rest_route=%2Fwp%2Fv2%2Ftags&post=9496"}],"curies":[{"name":"wp","href":"https:\/\/api.w.org\/{rel}","templated":true}]}}