{"id":9485,"date":"2023-02-10T11:14:08","date_gmt":"2023-02-10T14:14:08","guid":{"rendered":"https:\/\/www.visionweb.com.ar\/?p=9485"},"modified":"2023-02-10T11:14:08","modified_gmt":"2023-02-10T14:14:08","slug":"esteban-echeverria-acumar-acompana-la-entrega-de-viviendas-para-familias-en-riesgo-ambiental","status":"publish","type":"post","link":"https:\/\/www.visionweb.com.ar\/?p=9485","title":{"rendered":"Esteban Echeverr\u00eda: ACUMAR\u00a0acompa\u00f1a la entrega de viviendas para familias en riesgo ambiental \u00a0"},"content":{"rendered":"<p><em><strong>Soluciones habitacionales: A lo largo de las pr\u00f3ximas semanas se mudar\u00e1n al Barrio Montecarlo 76 grupos familiares provenientes de los asentamientos San Ignacio y La Morita, en Esteban Echeverr\u00eda.<\/strong><\/em><!--more--><\/p>\n<div id=\"attachment_9487\" style=\"width: 310px\" class=\"wp-caption alignright\"><img loading=\"lazy\" decoding=\"async\" aria-describedby=\"caption-attachment-9487\" class=\"wp-image-9487 size-medium\" src=\"https:\/\/www.visionweb.com.ar\/wp-content\/uploads\/2023\/02\/Acumar-viviendas-300x200.jpg\" alt=\"\" width=\"300\" height=\"200\" srcset=\"https:\/\/www.visionweb.com.ar\/wp-content\/uploads\/2023\/02\/Acumar-viviendas-300x200.jpg 300w, https:\/\/www.visionweb.com.ar\/wp-content\/uploads\/2023\/02\/Acumar-viviendas.bmp 462w\" sizes=\"auto, (max-width: 300px) 100vw, 300px\" \/><p id=\"caption-attachment-9487\" class=\"wp-caption-text\">Foto: Prensa de ACUMAR<\/p><\/div>\n<p><strong>E<\/strong>l Ministerio de Desarrollo Territorial y H\u00e1bitat de la Naci\u00f3n y el gobierno de Esteban Echeverr\u00eda, iniciaron\u00a0en articulaci\u00f3n con la Autoridad de la Cuenca Matanza Riachuelo (ACUMAR), una <strong>nueva entrega de viviendas para familias que viv\u00edan en riesgo ambiental.<\/strong><\/p>\n<p>En esa l\u00ednea, <strong>ACUMAR\u00a0acompa\u00f1a el ingreso a las viviendas y realiza su verificaci\u00f3n t\u00e9cnica<\/strong>, conforme indic\u00f3 Prensa del organismo.<\/p>\n<p>Al respecto, el presidente de ACUMAR, Mart\u00edn Sabbatella, destac\u00f3:\u00a0\u201c<strong>Cada nueva mudanza es un logro colectivo que nos acerca a una etapa distinta en el saneamiento<\/strong>, ya que adem\u00e1s de garantizar un h\u00e1bitat adecuado, permitir\u00e1n continuar la puesta en valor y recuperaci\u00f3n de las riberas\u201d.<\/p>\n<p>Las soluciones habitacionales se suman a las 114 entregadas en el distrito a fin de a\u00f1o. <strong>El Barrio Montecarlo abarca 240 casas<\/strong> de 2 a 5 dormitorios, con ba\u00f1o, cocina comedor, servicios de agua potable, cloacas y gas natural. Cuenta con accesos y calles pavimentadas, se\u00f1al\u00e9tica urbana e iluminaci\u00f3n LED.<\/p>\n<p><strong>Obras en marcha en Barrio Juan Pablo II<\/strong>: ACUMAR<strong>\u00a0<\/strong>verific\u00f3 el avance de las obras del <strong>barrio Juan Pablo II<\/strong>, en donde se encuentran en ejecuci\u00f3n 308 viviendas de 2, 3, 4 y 5 dormitorios <strong>con fecha estimada de finalizaci\u00f3n en el segundo semestre de 2023<\/strong>.<\/p>\n<p>A la vez, ACUMAR detall\u00f3 que: \u201cLas nuevas viviendas forman parte de las obras que se reactivaron a trav\u00e9s del Programa Reconstruir del Ministerio de Desarrollo Territorial y H\u00e1bitat de la Naci\u00f3n, que tiene como objetivo la finalizaci\u00f3n de aquellas iniciativas que fueron paralizadas en su ejecuci\u00f3n entre los a\u00f1os 2016 y 2019, como asimismo aquellas que, habiendo sido proyectadas o aprobadas, no fueron iniciadas\u201d. <strong>(VW)<\/strong><\/p>\n<p>&nbsp;<\/p>\n","protected":false},"excerpt":{"rendered":"<p>Soluciones habitacionales: A lo largo de las pr\u00f3ximas semanas se mudar\u00e1n al Barrio Montecarlo 76 grupos familiares provenientes de los asentamientos San Ignacio y La Morita, en Esteban Echeverr\u00eda.<\/p>\n","protected":false},"author":4,"featured_media":9487,"comment_status":"closed","ping_status":"closed","sticky":false,"template":"","format":"standard","meta":{"_monsterinsights_skip_tracking":false,"_monsterinsights_sitenote_active":false,"_monsterinsights_sitenote_note":"","_monsterinsights_sitenote_category":0,"footnotes":""},"categories":[8,5],"tags":[442,834,3944,3943,270],"class_list":["post-9485","post","type-post","status-publish","format-standard","has-post-thumbnail","hentry","category-interes-general","category-sociedad","tag-acumar","tag-esteban-echeverria","tag-martin-sabbatella","tag-ministerio-de-habitat","tag-viviendas"],"_links":{"self":[{"href":"https:\/\/www.visionweb.com.ar\/index.php?rest_route=\/wp\/v2\/posts\/9485","targetHints":{"allow":["GET"]}}],"collection":[{"href":"https:\/\/www.visionweb.com.ar\/index.php?rest_route=\/wp\/v2\/posts"}],"about":[{"href":"https:\/\/www.visionweb.com.ar\/index.php?rest_route=\/wp\/v2\/types\/post"}],"author":[{"embeddable":true,"href":"https:\/\/www.visionweb.com.ar\/index.php?rest_route=\/wp\/v2\/users\/4"}],"replies":[{"embeddable":true,"href":"https:\/\/www.visionweb.com.ar\/index.php?rest_route=%2Fwp%2Fv2%2Fcomments&post=9485"}],"version-history":[{"count":2,"href":"https:\/\/www.visionweb.com.ar\/index.php?rest_route=\/wp\/v2\/posts\/9485\/revisions"}],"predecessor-version":[{"id":9488,"href":"https:\/\/www.visionweb.com.ar\/index.php?rest_route=\/wp\/v2\/posts\/9485\/revisions\/9488"}],"wp:featuredmedia":[{"embeddable":true,"href":"https:\/\/www.visionweb.com.ar\/index.php?rest_route=\/wp\/v2\/media\/9487"}],"wp:attachment":[{"href":"https:\/\/www.visionweb.com.ar\/index.php?rest_route=%2Fwp%2Fv2%2Fmedia&parent=9485"}],"wp:term":[{"taxonomy":"category","embeddable":true,"href":"https:\/\/www.visionweb.com.ar\/index.php?rest_route=%2Fwp%2Fv2%2Fcategories&post=9485"},{"taxonomy":"post_tag","embeddable":true,"href":"https:\/\/www.visionweb.com.ar\/index.php?rest_route=%2Fwp%2Fv2%2Ftags&post=9485"}],"curies":[{"name":"wp","href":"https:\/\/api.w.org\/{rel}","templated":true}]}}