{"id":9481,"date":"2023-02-10T10:27:01","date_gmt":"2023-02-10T13:27:01","guid":{"rendered":"https:\/\/www.visionweb.com.ar\/?p=9481"},"modified":"2023-02-10T10:27:01","modified_gmt":"2023-02-10T13:27:01","slug":"educacion-la-provincia-retiro-el-proyecto-de-flexibilizacion-de-repitencia-en-la-secundaria","status":"publish","type":"post","link":"https:\/\/www.visionweb.com.ar\/?p=9481","title":{"rendered":"Educaci\u00f3n: La Provincia retir\u00f3 el proyecto de flexibilizaci\u00f3n de repitencia en la secundaria"},"content":{"rendered":"<p><em><strong>En la primera sesi\u00f3n del a\u00f1o el CGE posterg\u00f3 el tratamiento de la reforma educativa, tras la pol\u00e9mica. La resoluci\u00f3n buscaba flexibilizar la posibilidad de repetir el a\u00f1o escolar.<\/strong><\/em><!--more--><\/p>\n<p><strong> <img loading=\"lazy\" decoding=\"async\" class=\"size-medium wp-image-9483 alignright\" src=\"https:\/\/www.visionweb.com.ar\/wp-content\/uploads\/2023\/02\/alumnos-secundarios-300x183.jpg\" alt=\"\" width=\"300\" height=\"183\" srcset=\"https:\/\/www.visionweb.com.ar\/wp-content\/uploads\/2023\/02\/alumnos-secundarios-300x183.jpg 300w, https:\/\/www.visionweb.com.ar\/wp-content\/uploads\/2023\/02\/alumnos-secundarios.bmp 412w\" sizes=\"auto, (max-width: 300px) 100vw, 300px\" \/>\u00a0\u00a0 E<\/strong>l <strong>Consejo General de Educaci\u00f3n<\/strong> (CGE)\u00a0<strong>sac\u00f3 ayer del orden del d\u00eda de la primera sesi\u00f3n del a\u00f1o, el tratamiento del cambio educativo que permite avanzar a los estudiantes con m\u00e1s materias adeudadas <\/strong>y que fomenta espacios de refuerzo de aprendizajes para aquellos alumnos m\u00e1s apremiados.<\/p>\n<p><strong>La iniciativa se posterg\u00f3 y no tiene fecha de debate a ra\u00edz de la repercusi\u00f3n que gener\u00f3 la propuesta de la reforma<\/strong>. El objetivo de la medida era lograr que los estudiantes permanezcan en la escuela, a\u00fan pese a un mal desempe\u00f1o.<\/p>\n<p>El proyecto iba a tratarse ayer jueves en la sesi\u00f3n de ese organismo colegiado que asesora al gobierno en pol\u00edticas educativas. El argumento principal que sostienen las autoridades es que la repitencia empuja a la deserci\u00f3n. \u00abDe cada 10 chicos que ingresan s\u00f3lo 6 terminan en tiempo; 2 lo hacen fuera del per\u00edodo establecido y 2 abandonan\u00bb, dijo Axel Kicillof para defender la medida.<\/p>\n<p>En esa l\u00ednea y pese a la pol\u00e9mica, el ministro de Educaci\u00f3n nacional, Jaime Perczyk,<strong> respald\u00f3 el proyecto al argumentar que hay evidencia cient\u00edfica que prueba que no es \u00fatil que alumnos vuelvan a cursar contenidos ya aprobados.<\/strong><\/p>\n<p>\u201cTenemos que lograr una escuela\u00a0<strong>a la que vayan todos, que sea m\u00e1s exigente, pero que todos aprendan y encuentren all\u00ed su proyecto de vida<\/strong>\u201c, sostuvo Perczyk en sinton\u00eda con las modificaciones que impulsa el gobernador Kicillof.<\/p>\n<p>\u201cNosotros tenemos\u00a0<strong>que lograr que sean m\u00e1s y que aprendan m\u00e1s<\/strong>, que encuentren un sentido en la escuela\u201d, puntualiz\u00f3 Perczyk.<\/p>\n<p>Por su parte, Alberto Sileoni, ministro de Educaci\u00f3n de la Provincia,\u00a0explic\u00f3: \u201cNo va a comenzar ma\u00f1ana ni mucho menos. Nos vamos a dedicar este a\u00f1o a trabajar en las escuelas\u201d y se\u00f1al\u00f3 que \u201cde ning\u00fan modo es un camino facilista,\u00a0<strong>nadie que no apruebe todas y cada una de las materias va a tener el t\u00edtulo secundario<\/strong>\u201c, asegur\u00f3.<\/p>\n<p><strong>De qu\u00e9 se trata el proyecto de la Provincia de Buenos Aires:<\/strong> La reforma educativa del gobierno bonaerense\u00a0<strong>apunta a erradicar la repitencia en las escuelas y<\/strong> plantea un cambio en la modalidad en la que los estudiantes secundarios pasan de a\u00f1o.<\/p>\n<p>La norma contempla la posibilidad de pasar con m\u00e1s de tres\u00a0previas. Se establece que las materias quedan\u00a0contenidas en agrupamientos (Ejemplo biolog\u00eda, f\u00edsica y qu\u00edmica).\u00a0Llegado el caso, el alumno pasar\u00e1 con dos de esas materias del agrupamiento sin haberlas aprobado en el curso.\u00a0En otros agrupamientos (historia, geograf\u00eda) puede ocurrir lo mismo.\u00a0En total son 8 agrupamientos.<\/p>\n<p>A partir de all\u00ed\u00a0<strong>podr\u00e1n adeudar muchas materias denominados \u201cagrupamientos\u201d y mientras se fomentan espacios de refuerzo<\/strong><strong>\u00a0<\/strong>de aprendizajes para aquellos alumnos m\u00e1s apremiados.<\/p>\n<p>A la vez, una de las modificaciones urgentes que se introdujo durante la pandemia se mantendr\u00eda, ya que\u00a0<strong>las calificaciones num\u00e9ricas convivir\u00e1n con el Registro Institucional de Trayectorias Educativas (RITE)<\/strong>, que es lo que determinar\u00e1 si una materia est\u00e1 \u201caprobada\u201d o no, en cada bimestre.<\/p>\n<p>Por otra parte,\u00a0las 13 materias tradicionales del secundario, con esta reforma pasar\u00edan a englobarse en 8 o 9 agrupamientos verticales, que atravesar\u00e1n los seis a\u00f1os que dura el nivel. <strong>(VW)<\/strong><\/p>\n<p>&nbsp;<\/p>\n","protected":false},"excerpt":{"rendered":"<p>En la primera sesi\u00f3n del a\u00f1o el CGE posterg\u00f3 el tratamiento de la reforma educativa, tras la pol\u00e9mica. La resoluci\u00f3n buscaba flexibilizar la posibilidad de repetir el a\u00f1o escolar.<\/p>\n","protected":false},"author":4,"featured_media":9483,"comment_status":"closed","ping_status":"closed","sticky":false,"template":"","format":"standard","meta":{"_monsterinsights_skip_tracking":false,"_monsterinsights_sitenote_active":false,"_monsterinsights_sitenote_note":"","_monsterinsights_sitenote_category":0,"footnotes":""},"categories":[4,5],"tags":[2047,356,3942,2915,1648,2160],"class_list":["post-9481","post","type-post","status-publish","format-standard","has-post-thumbnail","hentry","category-politica","category-sociedad","tag-jaime-perczyk","tag-provincia","tag-reforma-educativa","tag-repitencia","tag-secundarios","tag-sileoni"],"_links":{"self":[{"href":"https:\/\/www.visionweb.com.ar\/index.php?rest_route=\/wp\/v2\/posts\/9481","targetHints":{"allow":["GET"]}}],"collection":[{"href":"https:\/\/www.visionweb.com.ar\/index.php?rest_route=\/wp\/v2\/posts"}],"about":[{"href":"https:\/\/www.visionweb.com.ar\/index.php?rest_route=\/wp\/v2\/types\/post"}],"author":[{"embeddable":true,"href":"https:\/\/www.visionweb.com.ar\/index.php?rest_route=\/wp\/v2\/users\/4"}],"replies":[{"embeddable":true,"href":"https:\/\/www.visionweb.com.ar\/index.php?rest_route=%2Fwp%2Fv2%2Fcomments&post=9481"}],"version-history":[{"count":2,"href":"https:\/\/www.visionweb.com.ar\/index.php?rest_route=\/wp\/v2\/posts\/9481\/revisions"}],"predecessor-version":[{"id":9484,"href":"https:\/\/www.visionweb.com.ar\/index.php?rest_route=\/wp\/v2\/posts\/9481\/revisions\/9484"}],"wp:featuredmedia":[{"embeddable":true,"href":"https:\/\/www.visionweb.com.ar\/index.php?rest_route=\/wp\/v2\/media\/9483"}],"wp:attachment":[{"href":"https:\/\/www.visionweb.com.ar\/index.php?rest_route=%2Fwp%2Fv2%2Fmedia&parent=9481"}],"wp:term":[{"taxonomy":"category","embeddable":true,"href":"https:\/\/www.visionweb.com.ar\/index.php?rest_route=%2Fwp%2Fv2%2Fcategories&post=9481"},{"taxonomy":"post_tag","embeddable":true,"href":"https:\/\/www.visionweb.com.ar\/index.php?rest_route=%2Fwp%2Fv2%2Ftags&post=9481"}],"curies":[{"name":"wp","href":"https:\/\/api.w.org\/{rel}","templated":true}]}}