{"id":9478,"date":"2023-02-10T08:55:45","date_gmt":"2023-02-10T11:55:45","guid":{"rendered":"https:\/\/www.visionweb.com.ar\/?p=9478"},"modified":"2023-02-10T08:55:45","modified_gmt":"2023-02-10T11:55:45","slug":"hubo-al-menos-233-femicidios-en-argentina-durante-2022-2","status":"publish","type":"post","link":"https:\/\/www.visionweb.com.ar\/?p=9478","title":{"rendered":"Hubo al menos 233 femicidios en Argentina durante 2022"},"content":{"rendered":"<p><em><strong>Desde la organizaci\u00f3n feminista MuMaL\u00e1 se\u00f1alaron un incremento de casi el 10 por ciento con respecto al 2021.\u00a0<\/strong><\/em><!--more--><\/p>\n<p><img loading=\"lazy\" decoding=\"async\" class=\"size-medium wp-image-9479 alignright\" src=\"https:\/\/www.visionweb.com.ar\/wp-content\/uploads\/2023\/02\/FEMICIDIOS-300x164.png\" alt=\"\" width=\"300\" height=\"164\" srcset=\"https:\/\/www.visionweb.com.ar\/wp-content\/uploads\/2023\/02\/FEMICIDIOS-300x164.png 300w, https:\/\/www.visionweb.com.ar\/wp-content\/uploads\/2023\/02\/FEMICIDIOS.png 730w\" sizes=\"auto, (max-width: 300px) 100vw, 300px\" \/>El\u00a0<strong><em><a href=\"https:\/\/twitter.com\/MuMaLaNacional\" target=\"_blank\" rel=\"noreferrer noopener\" data-type=\"URL\" data-id=\"https:\/\/twitter.com\/MuMaLaNacional\">Observatorio de Mujeres de la Matria Latinoamericana (MuMaL\u00e1)<\/a><\/em><\/strong>\u00a0registr\u00f3\u00a0<strong>233 femicidios y trans-travesticidios\u00a0<\/strong>a nivel nacional en el 2022.<\/p>\n<p>Seg\u00fan estas estad\u00edsticas, <strong>cada 38 horas una mujer es asesinada por violencia de g\u00e9nero en el pa\u00eds<\/strong>. Se contabilizaron 194 femicidios directos, 30 femicidios vinculados de ni\u00f1as\/mujeres y ni\u00f1os\/varones, y 9 trans-travesticidios.<\/p>\n<p>Victoria Aguirre, vocera nacional de\u00a0<strong><em>MuMaL\u00e1<\/em><\/strong>\u00a0y abogada transfeminista, asegur\u00f3 en di\u00e1logo con\u00a0<strong>AUNO\u00a0<\/strong>que \u201cla situaci\u00f3n de emergencia se sostiene\u201d, porque\u00a0<strong>\u201cse han incrementado los femicidios y trans-travesticios respecto al cierre del 2021\u201d<\/strong>. Y resalt\u00f3: \u201cTambi\u00e9n hubo un crecimiento sustancial de los intentos de femicidios\u201d, en referencia a los 425 ataques cometidos en el a\u00f1o, consign\u00f3 el trabajo publicado por la agencia AUNO.<\/p>\n<p>En ese sentido, Aguirre indic\u00f3 que esto representa un aumento \u201cde casi el 10 por ciento en los femicidios, y<strong>\u00a0casi un 30 por ciento en los intentos de femicidio\u201d<\/strong>. El a\u00f1o pasado se hab\u00edan registrado 222 femicidios, la cifra m\u00e1s baja de los \u00faltimos cinco a\u00f1os: en 2017 hubo 304 casos; en 2018, 260; en 2019, 287; y en 2020, 270 femicidios.<\/p>\n<p>Cabe destacar que,<strong>\u00a0el 91 por ciento de los femicidios fue cometido por parejas o ex parejas, familiares y\/o conocidos de la v\u00edctima<\/strong>; y el 65 por ciento fue incurrido en la vivienda de la v\u00edctima o compartida.<\/p>\n<p>Por otro lado,\u00a0<strong>el 16,5 por ciento de las mujeres v\u00edctimas de femicidios hab\u00eda denunciado a su agresor previamente<\/strong>, obteniendo en el 54 por ciento casos orden de restricci\u00f3n de contacto o perimetral, y en el 13,5 por ciento adem\u00e1s bot\u00f3n antip\u00e1nico.<\/p>\n<p>En paralelo, se produjeron\u00a0<strong>89 muertes violentas asociadas al g\u00e9nero<\/strong>\u00a0vinculadas a econom\u00edas delictivas y a delitos comunes; 266 ni\u00f1xs y adolescentes se quedaron sin su madre; y el 6 por ciento de los femicidas pertenec\u00eda a una fuerza de seguridad.<\/p>\n<h3 style=\"text-align: center;\"><span style=\"color: #0000ff;\"><em><strong>Chaco lidera las estad\u00edsticas con el 3,8% de los casos de femicidios.<\/strong><\/em>\u00a0<\/span><\/h3>\n<p><strong>\u00a0Las provincias que presentaron tasas m\u00e1s altas de femicidios en diciembre fueron:<\/strong>\u00a0Chaco con 3,8, Tierra del Fuego (2,2), La Pampa (1,6), La Rioja y Jujuy (1,5), Catamarca y Santiago del Estero, con 1,4 femicidios cada 100 mil mujeres.<\/p>\n<p>\u201cEsto solo es el reflejo de que no hubo pol\u00edticas p\u00fablicas conducentes para erradicar la violencia. Refleja que\u00a0<strong>todav\u00eda falta mucho por hacer y que, sobre todo, no hay llegada de estas pol\u00edticas a los territorios<\/strong>\u201d, evalu\u00f3 la vocera nacional de\u00a0<strong>MuMaL\u00e1<\/strong>. Al ser consultada sobre cu\u00e1les ser\u00e1n los ejes de la organizaci\u00f3n en 2023, respondi\u00f3 que ser\u00e1n de \u201cmucha militancia\u201d de cara a las elecciones presidenciales, y de \u201cseguir creciendo con el an\u00e1lisis de datos\u201d<strong>(VW)<\/strong>.<\/p>\n","protected":false},"excerpt":{"rendered":"<p>Desde la organizaci\u00f3n feminista MuMaL\u00e1 se\u00f1alaron un incremento de casi el 10 por ciento con respecto al 2021.\u00a0<\/p>\n","protected":false},"author":3,"featured_media":9479,"comment_status":"closed","ping_status":"closed","sticky":false,"template":"","format":"standard","meta":{"_monsterinsights_skip_tracking":false,"_monsterinsights_sitenote_active":false,"_monsterinsights_sitenote_note":"","_monsterinsights_sitenote_category":0,"footnotes":""},"categories":[5],"tags":[411,3920,217],"class_list":["post-9478","post","type-post","status-publish","format-standard","has-post-thumbnail","hentry","category-sociedad","tag-femicidios","tag-provincias","tag-tasas"],"_links":{"self":[{"href":"https:\/\/www.visionweb.com.ar\/index.php?rest_route=\/wp\/v2\/posts\/9478","targetHints":{"allow":["GET"]}}],"collection":[{"href":"https:\/\/www.visionweb.com.ar\/index.php?rest_route=\/wp\/v2\/posts"}],"about":[{"href":"https:\/\/www.visionweb.com.ar\/index.php?rest_route=\/wp\/v2\/types\/post"}],"author":[{"embeddable":true,"href":"https:\/\/www.visionweb.com.ar\/index.php?rest_route=\/wp\/v2\/users\/3"}],"replies":[{"embeddable":true,"href":"https:\/\/www.visionweb.com.ar\/index.php?rest_route=%2Fwp%2Fv2%2Fcomments&post=9478"}],"version-history":[{"count":1,"href":"https:\/\/www.visionweb.com.ar\/index.php?rest_route=\/wp\/v2\/posts\/9478\/revisions"}],"predecessor-version":[{"id":9480,"href":"https:\/\/www.visionweb.com.ar\/index.php?rest_route=\/wp\/v2\/posts\/9478\/revisions\/9480"}],"wp:featuredmedia":[{"embeddable":true,"href":"https:\/\/www.visionweb.com.ar\/index.php?rest_route=\/wp\/v2\/media\/9479"}],"wp:attachment":[{"href":"https:\/\/www.visionweb.com.ar\/index.php?rest_route=%2Fwp%2Fv2%2Fmedia&parent=9478"}],"wp:term":[{"taxonomy":"category","embeddable":true,"href":"https:\/\/www.visionweb.com.ar\/index.php?rest_route=%2Fwp%2Fv2%2Fcategories&post=9478"},{"taxonomy":"post_tag","embeddable":true,"href":"https:\/\/www.visionweb.com.ar\/index.php?rest_route=%2Fwp%2Fv2%2Ftags&post=9478"}],"curies":[{"name":"wp","href":"https:\/\/api.w.org\/{rel}","templated":true}]}}