{"id":9474,"date":"2023-02-09T12:34:54","date_gmt":"2023-02-09T15:34:54","guid":{"rendered":"https:\/\/www.visionweb.com.ar\/?p=9474"},"modified":"2023-02-09T12:34:54","modified_gmt":"2023-02-09T15:34:54","slug":"habra-precios-justos-para-300-productos-escolares","status":"publish","type":"post","link":"https:\/\/www.visionweb.com.ar\/?p=9474","title":{"rendered":"Habr\u00e1 Precios Justos para 300 productos escolares"},"content":{"rendered":"<p><em><strong>Estar\u00e1n hasta el 31 de marzo en supermercados y librer\u00edas\u00a0pertenecientes a la C\u00e1mara Capla. <\/strong><\/em><!--more--><\/p>\n<p><strong>\u00a0 <img loading=\"lazy\" decoding=\"async\" class=\"size-medium wp-image-9476 alignleft\" src=\"https:\/\/www.visionweb.com.ar\/wp-content\/uploads\/2023\/02\/canasta-escolar-precios-justos-300x170.jpg\" alt=\"\" width=\"300\" height=\"170\" srcset=\"https:\/\/www.visionweb.com.ar\/wp-content\/uploads\/2023\/02\/canasta-escolar-precios-justos-300x170.jpg 300w, https:\/\/www.visionweb.com.ar\/wp-content\/uploads\/2023\/02\/canasta-escolar-precios-justos.jpg 418w\" sizes=\"auto, (max-width: 300px) 100vw, 300px\" \/> E<\/strong>l secretario de Comercio,\u00a0<strong>Mat\u00edas Tombolini, inform\u00f3 que se incluir\u00e1n m\u00e1s de 300 productos de canasta escolar con precios fijos hasta el 31 de marzo<\/strong>, y destac\u00f3 que la medida llevar\u00e1 \u201corden y previsibilidad, y alivio al bolsillo\u201d.<\/p>\n<p><strong>Tombolini<\/strong> asegur\u00f3 que \u201c310 productos que forman parte de la canasta escolar, productos de librer\u00eda y papeler\u00eda, tendr\u00e1n un precio fijo hasta el 31 marzo y luego una pauta de\u00a0<strong>3,2 % hasta junio<\/strong>, en el marco de lo que ayer se firm\u00f3 (en relaci\u00f3n con el tope de aumento en cuotas a colegios privados de 16,8% en marzo).<\/p>\n<p>En esa l\u00ednea detall\u00f3 que esta medida \u201cllevar\u00e1 alivio al bolsillo de mam\u00e1s y pap\u00e1s que van a enfrentar la vuelta a clases con una cuota en marzo que\u00a0<strong>crece mucho menos de lo que estaba previsto<\/strong>\u201c.<\/p>\n<p>Destac\u00f3 que ser\u00e1n m\u00e1s de\u00a0<strong>300 productos de la canasta escolar<\/strong><strong>\u00a0que estar\u00e1n <\/strong>con precios fijos hasta el 31 de marzo, y que esto \u201cpermite construir un poco de orden y llevar previsibilidad\u201d.<\/p>\n<p>Asimismo, resalt\u00f3 que los productos incluidos estar\u00e1n disponibles tanto en los\u00a0<strong>supermercados<\/strong><strong>\u00a0<\/strong>de la Asociaci\u00f3n de Supermercados Unidos (<strong>ASU<\/strong>), como en las\u00a0<strong>librer\u00edas<\/strong><strong>\u00a0<\/strong>pertenecientes a la C\u00e1mara Argentina de Papeler\u00edas, Librer\u00edas y Afines (<strong>Capla<\/strong>).<\/p>\n<p>\u201cEsto supone un alcance que llegar\u00e1 hasta la\u00a0<strong>librer\u00eda del barrio<\/strong>\u201c, afirm\u00f3, y precis\u00f3 que \u201cno van a estar identificados con Precios Justos en las librer\u00edas, pero s\u00ed en los supermercados\u201d. <strong>(VW)<\/strong><\/p>\n","protected":false},"excerpt":{"rendered":"<p>Estar\u00e1n hasta el 31 de marzo en supermercados y librer\u00edas\u00a0pertenecientes a la C\u00e1mara Capla.<\/p>\n","protected":false},"author":4,"featured_media":9476,"comment_status":"closed","ping_status":"closed","sticky":false,"template":"","format":"standard","meta":{"_monsterinsights_skip_tracking":false,"_monsterinsights_sitenote_active":false,"_monsterinsights_sitenote_note":"","_monsterinsights_sitenote_category":0,"footnotes":""},"categories":[6,5],"tags":[3696,3939,3941,3940],"class_list":["post-9474","post","type-post","status-publish","format-standard","has-post-thumbnail","hentry","category-economia","category-sociedad","tag-asu","tag-canasta-escolar-en-precios-justos","tag-capla","tag-matias-tombollini"],"_links":{"self":[{"href":"https:\/\/www.visionweb.com.ar\/index.php?rest_route=\/wp\/v2\/posts\/9474","targetHints":{"allow":["GET"]}}],"collection":[{"href":"https:\/\/www.visionweb.com.ar\/index.php?rest_route=\/wp\/v2\/posts"}],"about":[{"href":"https:\/\/www.visionweb.com.ar\/index.php?rest_route=\/wp\/v2\/types\/post"}],"author":[{"embeddable":true,"href":"https:\/\/www.visionweb.com.ar\/index.php?rest_route=\/wp\/v2\/users\/4"}],"replies":[{"embeddable":true,"href":"https:\/\/www.visionweb.com.ar\/index.php?rest_route=%2Fwp%2Fv2%2Fcomments&post=9474"}],"version-history":[{"count":1,"href":"https:\/\/www.visionweb.com.ar\/index.php?rest_route=\/wp\/v2\/posts\/9474\/revisions"}],"predecessor-version":[{"id":9477,"href":"https:\/\/www.visionweb.com.ar\/index.php?rest_route=\/wp\/v2\/posts\/9474\/revisions\/9477"}],"wp:featuredmedia":[{"embeddable":true,"href":"https:\/\/www.visionweb.com.ar\/index.php?rest_route=\/wp\/v2\/media\/9476"}],"wp:attachment":[{"href":"https:\/\/www.visionweb.com.ar\/index.php?rest_route=%2Fwp%2Fv2%2Fmedia&parent=9474"}],"wp:term":[{"taxonomy":"category","embeddable":true,"href":"https:\/\/www.visionweb.com.ar\/index.php?rest_route=%2Fwp%2Fv2%2Fcategories&post=9474"},{"taxonomy":"post_tag","embeddable":true,"href":"https:\/\/www.visionweb.com.ar\/index.php?rest_route=%2Fwp%2Fv2%2Ftags&post=9474"}],"curies":[{"name":"wp","href":"https:\/\/api.w.org\/{rel}","templated":true}]}}