{"id":9473,"date":"2023-02-09T12:30:10","date_gmt":"2023-02-09T15:30:10","guid":{"rendered":"https:\/\/www.visionweb.com.ar\/?p=9473"},"modified":"2023-02-09T12:30:10","modified_gmt":"2023-02-09T15:30:10","slug":"el-calor-agobiante-en-caba-y-gran-buenos-aires-no-da-tregua","status":"publish","type":"post","link":"https:\/\/www.visionweb.com.ar\/?p=9473","title":{"rendered":"El calor agobiante en CABA y gran Buenos Aires no da tregua"},"content":{"rendered":"<p><em><strong>Por estos d\u00edas Argentina se convirti\u00f3 en el pa\u00eds m\u00e1s caliento del globo. El calor se extender\u00e1 por m\u00e1s de una semana.<\/strong><\/em><!--more--><\/p>\n<p><img loading=\"lazy\" decoding=\"async\" class=\"size-medium wp-image-9040 alignright\" src=\"https:\/\/www.visionweb.com.ar\/wp-content\/uploads\/2023\/01\/smn-ola-de-calor-300x227.jpg\" alt=\"\" width=\"300\" height=\"227\" srcset=\"https:\/\/www.visionweb.com.ar\/wp-content\/uploads\/2023\/01\/smn-ola-de-calor-300x227.jpg 300w, https:\/\/www.visionweb.com.ar\/wp-content\/uploads\/2023\/01\/smn-ola-de-calor.bmp 556w\" sizes=\"auto, (max-width: 300px) 100vw, 300px\" \/>El Servicio Meteorol\u00f3gico Nacional (SMN) elev\u00f3 en los \u00faltimos el alerta de amarillo a naranja, frente a las altas temperaturas que se esperan para los pr\u00f3ximas d\u00edas y con muy pocas\u00a0 posibilidades de lluvias.<\/p>\n<p>El Servicio Meteorol\u00f3gico Nacional (SMN) hab\u00eda avisado sobre una alerta \u201camarilla\u201d por temperaturas extremas de calor para gran parte de la provincia, exceptuando mayormente la parte costera.<\/p>\n<p>Ahora, esa advertencia \u201camarilla\u201d trep\u00f3 a \u201cnaranja\u201d en varios sectores y alcanza a m\u00e1s de 30 distritos, entre los que se encuentran La Plata y municipios del centro y el sudoeste bonaerense, indic\u00f3 la agencia DIB.<\/p>\n<p>Adem\u00e1s de la capital provincial, se encuentran bajo alerta \u201cnaranja\u201d Berisso, Ensenada, General Alvear, General Belgrano, General Paz, Las Flores, Lobos, Monte, Navarro, Roque P\u00e9rez y Saladillo.<\/p>\n<p>Tambi\u00e9n Alberti, Bragado, Chivilcoy, General Viamonte, 9 de Julio, 25 de Mayo, Bol\u00edvar, Carlos Casares, Carlos Tejedor, Hip\u00f3lito Yrigoyen, Pehuaj\u00f3, Adolfo Alsina, Daireaux, Guamin\u00ed, Pelligrini, Salliquel\u00f3, Trenque Lauquen y Tres Lomas.<\/p>\n<p>Asimismo, el aviso \u201cnaranja\u201d alcanza a Puan, la zona norte de Bah\u00eda Blanca, el oeste de Patagones y Villarino, y la zona baja de Coronel Pringles, Coronel Su\u00e1rez, Saavedra y Tornquist.<\/p>\n<p>En muchos de estos distritos, entre hoy y el s\u00e1bado, las m\u00e1ximas alcanzar\u00e1n o superar\u00e1n los 37 grados y las m\u00ednimas estar\u00e1n por encima de los 20.<\/p>\n<p>En tanto, casi todo el resto de la provincia se encuentra en alerta \u201camarilla\u201d. Solo se mantienen sin advertencias por calor los sectores de 19 partidos con costa mar\u00edtima o cercanos a ella.<\/p>\n<p>Las alertas \u201camarillas\u201d suelen \u201cser peligrosas, sobre todo para los grupos de riesgo, como ni\u00f1os y ni\u00f1as, personas mayores de 65 a\u00f1os, con enfermedades cr\u00f3nicas\u201d, mientras que las \u201cnaranjas\u201d pueden \u201cser muy peligrosas\u201d.<\/p>\n<h3><strong>Otras provincias<\/strong><\/h3>\n<p>Tambi\u00e9n rigen alertas \u201camarillas\u201d por calor para territorios de las provincias de Tucum\u00e1n, Catamarca, La Rioja, San Juan, C\u00f3rdoba, Santa Fe, Entre R\u00edos, Corrientes, San Luis, La Pampa y Neuqu\u00e9n.<\/p>\n<p>Para partes de Neuqu\u00e9n y Mendoza m\u00e1s cercanas a la cordillera hay avisos tambi\u00e9n de alerta \u201cnaranja\u201d. En tanto, en el este de Mendoza rige una alerta \u201croja\u201d. En este caso, las temperaturas \u201cpueden afectar a todas las personas, incluso a las saludables\u201d<strong>(VW)<\/strong>.<\/p>\n<p>&nbsp;<\/p>\n","protected":false},"excerpt":{"rendered":"<p>Por estos d\u00edas Argentina se convirti\u00f3 en el pa\u00eds m\u00e1s caliento del globo. El calor se extender\u00e1 por m\u00e1s de una semana.<\/p>\n","protected":false},"author":3,"featured_media":9040,"comment_status":"closed","ping_status":"closed","sticky":false,"template":"","format":"standard","meta":{"_monsterinsights_skip_tracking":false,"_monsterinsights_sitenote_active":false,"_monsterinsights_sitenote_note":"","_monsterinsights_sitenote_category":0,"footnotes":""},"categories":[3],"tags":[3451,3592,3937,3938,100],"class_list":["post-9473","post","type-post","status-publish","format-standard","has-post-thumbnail","hentry","category-actualidad","tag-alertas","tag-calor","tag-clima","tag-riesgo","tag-salud"],"_links":{"self":[{"href":"https:\/\/www.visionweb.com.ar\/index.php?rest_route=\/wp\/v2\/posts\/9473","targetHints":{"allow":["GET"]}}],"collection":[{"href":"https:\/\/www.visionweb.com.ar\/index.php?rest_route=\/wp\/v2\/posts"}],"about":[{"href":"https:\/\/www.visionweb.com.ar\/index.php?rest_route=\/wp\/v2\/types\/post"}],"author":[{"embeddable":true,"href":"https:\/\/www.visionweb.com.ar\/index.php?rest_route=\/wp\/v2\/users\/3"}],"replies":[{"embeddable":true,"href":"https:\/\/www.visionweb.com.ar\/index.php?rest_route=%2Fwp%2Fv2%2Fcomments&post=9473"}],"version-history":[{"count":1,"href":"https:\/\/www.visionweb.com.ar\/index.php?rest_route=\/wp\/v2\/posts\/9473\/revisions"}],"predecessor-version":[{"id":9475,"href":"https:\/\/www.visionweb.com.ar\/index.php?rest_route=\/wp\/v2\/posts\/9473\/revisions\/9475"}],"wp:featuredmedia":[{"embeddable":true,"href":"https:\/\/www.visionweb.com.ar\/index.php?rest_route=\/wp\/v2\/media\/9040"}],"wp:attachment":[{"href":"https:\/\/www.visionweb.com.ar\/index.php?rest_route=%2Fwp%2Fv2%2Fmedia&parent=9473"}],"wp:term":[{"taxonomy":"category","embeddable":true,"href":"https:\/\/www.visionweb.com.ar\/index.php?rest_route=%2Fwp%2Fv2%2Fcategories&post=9473"},{"taxonomy":"post_tag","embeddable":true,"href":"https:\/\/www.visionweb.com.ar\/index.php?rest_route=%2Fwp%2Fv2%2Ftags&post=9473"}],"curies":[{"name":"wp","href":"https:\/\/api.w.org\/{rel}","templated":true}]}}