{"id":9438,"date":"2023-02-08T08:36:25","date_gmt":"2023-02-08T11:36:25","guid":{"rendered":"https:\/\/www.visionweb.com.ar\/?p=9438"},"modified":"2023-02-08T08:37:32","modified_gmt":"2023-02-08T11:37:32","slug":"lomas-de-zamora-vecinos-de-villa-benquez-reclaman-continuar-con-obras-en-una-unidad-sanitaria","status":"publish","type":"post","link":"https:\/\/www.visionweb.com.ar\/?p=9438","title":{"rendered":"Lomas de Zamora: Vecinos de Villa Benquez reclaman continuar con obras en una unidad sanitaria"},"content":{"rendered":"<p><em><strong>Las obras de mejoras del centro de salud fueron licitadas por un monto de 59 millones de pesos y adjudicadas a la empresa Bauco. \u00bfQu\u00e9 pas\u00f3?<\/strong><\/em><!--more--><\/p>\n<div id=\"attachment_9439\" style=\"width: 310px\" class=\"wp-caption alignright\"><img loading=\"lazy\" decoding=\"async\" aria-describedby=\"caption-attachment-9439\" class=\"wp-image-9439 size-medium\" src=\"https:\/\/www.visionweb.com.ar\/wp-content\/uploads\/2023\/02\/CONCEJAL-VILLALBA-300x225.jpeg\" alt=\"\" width=\"300\" height=\"225\" srcset=\"https:\/\/www.visionweb.com.ar\/wp-content\/uploads\/2023\/02\/CONCEJAL-VILLALBA-300x225.jpeg 300w, https:\/\/www.visionweb.com.ar\/wp-content\/uploads\/2023\/02\/CONCEJAL-VILLALBA-320x240.jpeg 320w, https:\/\/www.visionweb.com.ar\/wp-content\/uploads\/2023\/02\/CONCEJAL-VILLALBA.jpeg 640w\" sizes=\"auto, (max-width: 300px) 100vw, 300px\" \/><p id=\"caption-attachment-9439\" class=\"wp-caption-text\"><em><strong>Vecinos de Villa Benquez exponen su preocupaci\u00f3n por la demora en la continuidad de las obras de la unidad sanitaria (Foto Gentileza concejal Villalba)<\/strong><\/em><\/p><\/div>\n<p><strong>U<\/strong>n grupo de vecinos de Villa Benquez, ubicada a unas 20 cuadras del centro de Banfield Este, reclamaron la continuidad de las obras de mejora de una sala de primeros auxilios, cerrada tres a\u00f1os atr\u00e1s.<\/p>\n<p>Las obras de mejora se hab\u00edan retomado en agosto del a\u00f1o pasado, pero los trabajos, quedaron paralizadas desde hace varias semanas.<\/p>\n<p>\u00abHace ya m\u00e1s de 3 a\u00f1os que se cerr\u00f3 la sala para arreglarla. La trasladaron a unas cuadras, a un local donde las condiciones no son las mejores y adem\u00e1s se quedaron sin guardia medica\u00bb. se\u00f1al\u00f3 el concejal Jorge\u00a0 Villalba , de la alianza\u00a0 JUNTOS .<\/p>\n<p>El Edil ya hab\u00eda expresado su preocupaci\u00f3n por el cierre del centro de salud, tres a\u00f1os atr\u00e1s en el programa Visi\u00f3n de Radio que se emite por AM 1470, radio Cadena.<\/p>\n<p>\u00abD\u00edas atr\u00e1s me acerque a la puerta de la Unidad Sanitaria Alicia Moreau de Justo, en Villa Benquez donde los vecinos presentes expresaron su preocupaci\u00f3n por la paralizaci\u00f3n de las obras.\u00bb<\/p>\n<p>Desde hace m\u00e1s de\u00a0 de 3 a\u00f1os, el centro de atenci\u00f3n se traslad\u00f3\u00a0 a un galp\u00f3n tabicado, con un ba\u00f1o qu\u00edmico para los pacientes, condiciones no dignas para la atenci\u00f3n y sin guardia m\u00e9dica.<\/p>\n<p>Es hora de que terminen de una vez las obras de la esquina de Nahuel Huapi y Lynch, se\u00f1al\u00f3 el edil, referente de la Coalici\u00f3n C\u00edvica Ari de Lomas.<\/p>\n<p>\u00abSi en Agosto 2022 le fue adjudicada la nueva licitaci\u00f3n a la empresa BAUCO por m\u00e1s de $59.000.000 \u00bfCu\u00e1l es el motivo por el cual no se est\u00e1 trabajando? Esto es lo que consultar\u00e9 a las autoridades municipales y pedir\u00e9 la pronta finalizaci\u00f3n de la misma\u00bb, cerr\u00f3 el edil, referente de ARI &#8211;\u00a0 Coalici\u00f3n C\u00edvica <strong>(VW)<\/strong><\/p>\n","protected":false},"excerpt":{"rendered":"<p>Las obras de mejoras del centro de salud fueron licitadas por un monto de 59 millones de pesos y adjudicadas a la empresa Bauco. \u00bfQu\u00e9 pas\u00f3?<\/p>\n","protected":false},"author":3,"featured_media":9439,"comment_status":"closed","ping_status":"closed","sticky":false,"template":"","format":"standard","meta":{"_monsterinsights_skip_tracking":false,"_monsterinsights_sitenote_active":false,"_monsterinsights_sitenote_note":"","_monsterinsights_sitenote_category":0,"footnotes":""},"categories":[8],"tags":[100,3766,3764],"class_list":["post-9438","post","type-post","status-publish","format-standard","has-post-thumbnail","hentry","category-interes-general","tag-salud","tag-unidad-sanitaria","tag-villalba"],"_links":{"self":[{"href":"https:\/\/www.visionweb.com.ar\/index.php?rest_route=\/wp\/v2\/posts\/9438","targetHints":{"allow":["GET"]}}],"collection":[{"href":"https:\/\/www.visionweb.com.ar\/index.php?rest_route=\/wp\/v2\/posts"}],"about":[{"href":"https:\/\/www.visionweb.com.ar\/index.php?rest_route=\/wp\/v2\/types\/post"}],"author":[{"embeddable":true,"href":"https:\/\/www.visionweb.com.ar\/index.php?rest_route=\/wp\/v2\/users\/3"}],"replies":[{"embeddable":true,"href":"https:\/\/www.visionweb.com.ar\/index.php?rest_route=%2Fwp%2Fv2%2Fcomments&post=9438"}],"version-history":[{"count":3,"href":"https:\/\/www.visionweb.com.ar\/index.php?rest_route=\/wp\/v2\/posts\/9438\/revisions"}],"predecessor-version":[{"id":9442,"href":"https:\/\/www.visionweb.com.ar\/index.php?rest_route=\/wp\/v2\/posts\/9438\/revisions\/9442"}],"wp:featuredmedia":[{"embeddable":true,"href":"https:\/\/www.visionweb.com.ar\/index.php?rest_route=\/wp\/v2\/media\/9439"}],"wp:attachment":[{"href":"https:\/\/www.visionweb.com.ar\/index.php?rest_route=%2Fwp%2Fv2%2Fmedia&parent=9438"}],"wp:term":[{"taxonomy":"category","embeddable":true,"href":"https:\/\/www.visionweb.com.ar\/index.php?rest_route=%2Fwp%2Fv2%2Fcategories&post=9438"},{"taxonomy":"post_tag","embeddable":true,"href":"https:\/\/www.visionweb.com.ar\/index.php?rest_route=%2Fwp%2Fv2%2Ftags&post=9438"}],"curies":[{"name":"wp","href":"https:\/\/api.w.org\/{rel}","templated":true}]}}