{"id":9435,"date":"2023-02-08T07:57:38","date_gmt":"2023-02-08T10:57:38","guid":{"rendered":"https:\/\/www.visionweb.com.ar\/?p=9435"},"modified":"2023-02-08T07:57:38","modified_gmt":"2023-02-08T10:57:38","slug":"precios-justos-el-gobierno-cerro-acuerdo-con-los-colegios-privados","status":"publish","type":"post","link":"https:\/\/www.visionweb.com.ar\/?p=9435","title":{"rendered":"Precios justos: El Gobierno cerr\u00f3 acuerdo con los colegios privados"},"content":{"rendered":"<p><em><strong>En marzo subir\u00e1n las cuotas 16,38% y luego subas de 3,35% mensuales hasta junio. En julio, la suba ser\u00e1 del 4%. El Ministro Massa les prometi\u00f3 beneficios.<\/strong><\/em><!--more--><\/p>\n<div id=\"attachment_9436\" style=\"width: 310px\" class=\"wp-caption alignright\"><img loading=\"lazy\" decoding=\"async\" aria-describedby=\"caption-attachment-9436\" class=\"wp-image-9436 size-medium\" src=\"https:\/\/www.visionweb.com.ar\/wp-content\/uploads\/2023\/02\/ACUERDO-DE-PRECIOS-PARA-LAS-ESCUELAS-PRIVADAS-300x200.png\" alt=\"\" width=\"300\" height=\"200\" srcset=\"https:\/\/www.visionweb.com.ar\/wp-content\/uploads\/2023\/02\/ACUERDO-DE-PRECIOS-PARA-LAS-ESCUELAS-PRIVADAS-300x200.png 300w, https:\/\/www.visionweb.com.ar\/wp-content\/uploads\/2023\/02\/ACUERDO-DE-PRECIOS-PARA-LAS-ESCUELAS-PRIVADAS.png 640w\" sizes=\"auto, (max-width: 300px) 100vw, 300px\" \/><p id=\"caption-attachment-9436\" class=\"wp-caption-text\"><em><strong>Los colegios privados se sumaron al programa Precios Justos, pactaron ajustes peri\u00f3dicos y recibir\u00e1 subsidios al gas y la luz (Foto Prensa Econom\u00eda) <\/strong><\/em><\/p><\/div>\n<p><strong>L<\/strong>uego de varias idas y vueltas, el Gobierno nacional cerr\u00f3 un acuerdo de precios con las entidades que presentan a los colegios privados y pactaron un ajuste inicial de poco m\u00e1s de 16 puntos porcetuales para marzo.<\/p>\n<p>En ese sentido, la cartera de Econom\u00eda, convoc\u00f3 a las c\u00e1maras que representan a los colegios privados al Palacio de Hacienda y\u00a0 en la v\u00edspera, cerr\u00f3 un acuerdo en el marco del programa Precios Justos y defini\u00f3 una pauta de ajustes de las cuotas hasta junio de este a\u00f1o.<\/p>\n<p>A su vez, el ministro de Econom\u00eda Sergio Massa, prometi\u00f3 mejorar los subsidios a la luz y el gas, para evitar que el aumento de esos costos se trasladen a los valores de las cuotas\u00a0 que deber\u00e1n pagar los padres de los alumnos.<\/p>\n<p>Las provincias, en tanto,\u00a0 deber\u00e1n adherir al convenio para que el sendero establecido por el Gobierno entre en vigencia.<\/p>\n<p>En Econom\u00eda aclararon que habr\u00e1 un aumento de inicio de 16,38% en marzo. A partir de ese primer incremento, se avanzar\u00eda con un 3,35% mensual hasta junio pr\u00f3ximo.<\/p>\n<p>En julio, \u201ccomo compensaci\u00f3n\u201d, el alza ser\u00eda de 4%, seg\u00fan indicaron. Ese mes volver\u00e1n a negociar por el segundo semestre.<\/p>\n<p>En Econom\u00eda agregaron que adem\u00e1s el Estado va a hacer \u201cun esfuerzo\u201d alrededor de lo que muchas provincias argentinas pagan en materia de subsidios.\u00a0 El acuerdo regir\u00e1 con los colegios que reciben alg\u00fan subsidio estatal, que representan el 80% del total de los 14.000 establecimientos, que funcionan en el pa\u00eds.<\/p>\n<p>Del encuentro en el Palacio de Hacienda participaron, adem\u00e1s de Massa, su par de Educaci\u00f3n, Jaime Perczyk, y representantes de la C\u00e1mara Argentina de Instituciones Privadas (Caiep), la Junta Coordinadora de Asociaciones de la ense\u00f1anza Privada de la Rep\u00fablica Argentina (Coordiep) y el Consejo Superior de Educaci\u00f3n Cat\u00f3lica (Consudec).<\/p>\n<p>Adem\u00e1s estuvieron en el c\u00f3nclave \u00a0el secretario de Comercio, Mat\u00edas Tombolini; el asesor ejecutivo del Ministerio de Educaci\u00f3n, Mario Caputo; la directora de Educaci\u00f3n P\u00fablica de Gesti\u00f3n Privada, Mar\u00eda Gloria Zingoni. <strong>(VW)<\/strong><\/p>\n","protected":false},"excerpt":{"rendered":"<p>En marzo subir\u00e1n las cuotas 16,38% y luego subas de 3,35% mensuales hasta junio. En julio, la suba ser\u00e1 del 4%. El Ministro Massa les prometi\u00f3 beneficios.<\/p>\n","protected":false},"author":3,"featured_media":9436,"comment_status":"closed","ping_status":"closed","sticky":false,"template":"","format":"standard","meta":{"_monsterinsights_skip_tracking":false,"_monsterinsights_sitenote_active":false,"_monsterinsights_sitenote_note":"","_monsterinsights_sitenote_category":0,"footnotes":""},"categories":[6,7],"tags":[3923,374,1711,869],"class_list":["post-9435","post","type-post","status-publish","format-standard","has-post-thumbnail","hentry","category-economia","category-educacion-y-cultura","tag-ajsutes","tag-colegios","tag-cuotas","tag-massa"],"_links":{"self":[{"href":"https:\/\/www.visionweb.com.ar\/index.php?rest_route=\/wp\/v2\/posts\/9435","targetHints":{"allow":["GET"]}}],"collection":[{"href":"https:\/\/www.visionweb.com.ar\/index.php?rest_route=\/wp\/v2\/posts"}],"about":[{"href":"https:\/\/www.visionweb.com.ar\/index.php?rest_route=\/wp\/v2\/types\/post"}],"author":[{"embeddable":true,"href":"https:\/\/www.visionweb.com.ar\/index.php?rest_route=\/wp\/v2\/users\/3"}],"replies":[{"embeddable":true,"href":"https:\/\/www.visionweb.com.ar\/index.php?rest_route=%2Fwp%2Fv2%2Fcomments&post=9435"}],"version-history":[{"count":1,"href":"https:\/\/www.visionweb.com.ar\/index.php?rest_route=\/wp\/v2\/posts\/9435\/revisions"}],"predecessor-version":[{"id":9437,"href":"https:\/\/www.visionweb.com.ar\/index.php?rest_route=\/wp\/v2\/posts\/9435\/revisions\/9437"}],"wp:featuredmedia":[{"embeddable":true,"href":"https:\/\/www.visionweb.com.ar\/index.php?rest_route=\/wp\/v2\/media\/9436"}],"wp:attachment":[{"href":"https:\/\/www.visionweb.com.ar\/index.php?rest_route=%2Fwp%2Fv2%2Fmedia&parent=9435"}],"wp:term":[{"taxonomy":"category","embeddable":true,"href":"https:\/\/www.visionweb.com.ar\/index.php?rest_route=%2Fwp%2Fv2%2Fcategories&post=9435"},{"taxonomy":"post_tag","embeddable":true,"href":"https:\/\/www.visionweb.com.ar\/index.php?rest_route=%2Fwp%2Fv2%2Ftags&post=9435"}],"curies":[{"name":"wp","href":"https:\/\/api.w.org\/{rel}","templated":true}]}}