{"id":9428,"date":"2023-02-06T18:36:17","date_gmt":"2023-02-06T21:36:17","guid":{"rendered":"https:\/\/www.visionweb.com.ar\/?p=9428"},"modified":"2023-02-06T18:36:40","modified_gmt":"2023-02-06T21:36:40","slug":"la-mesa-nacional-de-juntos-se-concentro-en-las-criticas-economicas","status":"publish","type":"post","link":"https:\/\/www.visionweb.com.ar\/?p=9428","title":{"rendered":"La mesa Nacional de Juntos se concentr\u00f3 en las cr\u00edticas econ\u00f3micas"},"content":{"rendered":"<p><em><strong>En lo electoral, solo hablaron de la situaci\u00f3n de las provincias con cronograma anticipado. Advierten que el Gobierno dejar\u00e1\u00a0 \u00abUna bomba armada\u00bb en materia econ\u00f3mica.<\/strong><\/em><!--more--><\/p>\n<div id=\"attachment_9429\" style=\"width: 310px\" class=\"wp-caption alignright\"><img loading=\"lazy\" decoding=\"async\" aria-describedby=\"caption-attachment-9429\" class=\"wp-image-9429 size-medium\" src=\"https:\/\/www.visionweb.com.ar\/wp-content\/uploads\/2023\/02\/CUMBRE-PRO-300x200.png\" alt=\"\" width=\"300\" height=\"200\" srcset=\"https:\/\/www.visionweb.com.ar\/wp-content\/uploads\/2023\/02\/CUMBRE-PRO-300x200.png 300w, https:\/\/www.visionweb.com.ar\/wp-content\/uploads\/2023\/02\/CUMBRE-PRO.png 640w\" sizes=\"auto, (max-width: 300px) 100vw, 300px\" \/><p id=\"caption-attachment-9429\" class=\"wp-caption-text\"><em><strong>Los principales referentes de Juntos en su primer encuentro presencial del a\u00f1o tuvieron duras cr\u00edticas a la gesti\u00f3n de Alberto Fern\u00e1ndez (Foto Internet)<\/strong><\/em><\/p><\/div>\n<p><strong>C<\/strong>on duras cr\u00edticas a la actual gesti\u00f3n del ministro de Econom\u00eda Sergio Massa, la Mesa Nacional de Juntos x el Cambio, realiz\u00f3 este lunes su primer encuentro presencial en el barrio de Palermo.<\/p>\n<p>El c\u00f3nclave se realiz\u00f3 sin la presencia del ex presidente Mauricio Macri, pero estuvieron los principales referentes de la coalici\u00f3n opositora al oficialismo.<\/p>\n<p>En cuanto a la agenda de trabajo, los popes de la principal fuerza opositora al oficialismo evitaron ahondar detalles respecto de las definiciones electorales, pero se avanz\u00f3 sobre algunos criterios para las provincias con calendarios anticipados.<\/p>\n<p>El centro de los consensos gir\u00f3 en torno a una serie de cr\u00edticas hacia las pol\u00edticas econ\u00f3micas del gobierno de Alberto Fern\u00e1ndez y las \u00faltimas medidas tomadas por el s\u00faper ministro Sergio Massa.<\/p>\n<p>De manera directa, acusaron al Frente de Todos de dejar una situaci\u00f3n <strong>\u201cpeor que en el 2015\u201d<\/strong> y una \u201cbomba armada para el pueblo argentino\u201d.<\/p>\n<p>A trav\u00e9s de un documento, se refirieron a la \u201cgrave situaci\u00f3n econ\u00f3mica que el gobierno nacional dejar\u00e1 al pr\u00f3ximo gobierno\u201d y acusaron a la actual gesti\u00f3n de \u201c<strong>condenar a los argentinos a un estancamiento permanente\u201d.<\/strong><\/p>\n<p>En en los temas puntuales de econom\u00eda, el documento se concentro en las cr\u00edticas \u00aba\u00a0 la utilizaci\u00f3n de instrumentos financieros en pesos ajustados en d\u00f3lares con tasas de intereses imposibles de pagar o en d\u00f3lares a tasas usurarias. Especulan con dejar una bomba de tiempo al pr\u00f3ximo gobierno\u201d advirti\u00f3.<\/p>\n<p>Fuentes cercanas al encuentro, advirtieron hay\u00a0 un \u201caumento r\u00e9cord del endeudamiento p\u00fablico que alcanza a los en 83 mil millones de d\u00f3lares lo que genera una crisis de financiamiento en pesos\u201d dijeron, como modo de respuesta a las habituales cr\u00edticas por el endeudamiento generado durante la \u00faltima administraci\u00f3n de Cambiemos.<\/p>\n<p>Para la Mesa de Juntos, los canjes de deuda \u201cmaquillan la falta de financiamiento genuino\u201d y buscan \u201cdesplazar su impacto al d\u00eda posterior a las elecciones\u201d.<\/p>\n<p>En otro orden de temas hubo un repudio a \u201cla entrega de tierras del Estado a supuestos mapuches\u201d y ratificaron la decisi\u00f3n de dejar la medida sin efecto en un pr\u00f3ximo gobierno de Juntos.<\/p>\n<p>Tambi\u00e9n ratificaron el cumplimiento de las reglas electorales \u201cpara todos los distritos establecidos por la mesa nacional\u201d y anticiparon la creaci\u00f3n de una \u201cmesa pol\u00edtica con dos representantes de cada partido para abordar la situaci\u00f3n de las provincias con elecciones desdobladas\u201d.<\/p>\n<p><strong>Los protagonistas<\/strong><\/p>\n<p>Participaron los titulares de la UCR, Gerardo Morales (UCR), Patricia Bullrich (PRO), Miguel \u00c1ngel Pichetto (Peronismo Republicano) y Maximiliano Ferraro (Coalici\u00f3n C\u00edvica). Adem\u00e1s estuvieron el Jefe de Gobierno de la Ciudad Horacio Rodr\u00edguez Larreta, la exgobernadora bonaerense Mar\u00eda Eugenia Vidal junto a los gobernadores radicales Rodolfo Su\u00e1rez (Mendoza) y Gustavo Vald\u00e9s (Corrientes).<\/p>\n<p>Tambi\u00e9n estuvieron los diputados Cristian Ritondo (PRO), Mario Negri (UCR), Juan Manuel L\u00f3pez (UCR) y los senadores nacionales Humberto Schiavoni (PRO); Luis Naidenoff (UCR).<\/p>\n<p>Emiliano Yacobitti asisti\u00f3 en representaci\u00f3n de Mart\u00edn Lousteau y Ricardo L\u00f3pez Murphy por Republicanos Unidos. Sergio Abrevaya lo hizo como titular del GEN.<\/p>\n<p>Adem\u00e1s estuvieron los economistas Hern\u00e1n Lacunza y Luciano Laspina (PRO); Eduardo Levy Yeyati (UCR); Mat\u00edas Surt (Coalici\u00f3n C\u00edvica); y Juan Carlos S\u00e1nchez Arnaud (Encuentro Republicano Federal), entre otros referentes de lo Coalici\u00f3n. <strong>(VW)<\/strong>.<\/p>\n","protected":false},"excerpt":{"rendered":"<p>En lo electoral, solo hablaron de la situaci\u00f3n de las provincias con cronograma anticipado. Advierten que el Gobierno dejar\u00e1\u00a0 \u00abUna bomba armada\u00bb en materia econ\u00f3mica.<\/p>\n","protected":false},"author":3,"featured_media":9429,"comment_status":"closed","ping_status":"closed","sticky":false,"template":"","format":"standard","meta":{"_monsterinsights_skip_tracking":false,"_monsterinsights_sitenote_active":false,"_monsterinsights_sitenote_note":"","_monsterinsights_sitenote_category":0,"footnotes":""},"categories":[4],"tags":[340,999,3920,3921],"class_list":["post-9428","post","type-post","status-publish","format-standard","has-post-thumbnail","hentry","category-politica","tag-elecciones","tag-juntos","tag-provincias","tag-referentes"],"_links":{"self":[{"href":"https:\/\/www.visionweb.com.ar\/index.php?rest_route=\/wp\/v2\/posts\/9428","targetHints":{"allow":["GET"]}}],"collection":[{"href":"https:\/\/www.visionweb.com.ar\/index.php?rest_route=\/wp\/v2\/posts"}],"about":[{"href":"https:\/\/www.visionweb.com.ar\/index.php?rest_route=\/wp\/v2\/types\/post"}],"author":[{"embeddable":true,"href":"https:\/\/www.visionweb.com.ar\/index.php?rest_route=\/wp\/v2\/users\/3"}],"replies":[{"embeddable":true,"href":"https:\/\/www.visionweb.com.ar\/index.php?rest_route=%2Fwp%2Fv2%2Fcomments&post=9428"}],"version-history":[{"count":2,"href":"https:\/\/www.visionweb.com.ar\/index.php?rest_route=\/wp\/v2\/posts\/9428\/revisions"}],"predecessor-version":[{"id":9431,"href":"https:\/\/www.visionweb.com.ar\/index.php?rest_route=\/wp\/v2\/posts\/9428\/revisions\/9431"}],"wp:featuredmedia":[{"embeddable":true,"href":"https:\/\/www.visionweb.com.ar\/index.php?rest_route=\/wp\/v2\/media\/9429"}],"wp:attachment":[{"href":"https:\/\/www.visionweb.com.ar\/index.php?rest_route=%2Fwp%2Fv2%2Fmedia&parent=9428"}],"wp:term":[{"taxonomy":"category","embeddable":true,"href":"https:\/\/www.visionweb.com.ar\/index.php?rest_route=%2Fwp%2Fv2%2Fcategories&post=9428"},{"taxonomy":"post_tag","embeddable":true,"href":"https:\/\/www.visionweb.com.ar\/index.php?rest_route=%2Fwp%2Fv2%2Ftags&post=9428"}],"curies":[{"name":"wp","href":"https:\/\/api.w.org\/{rel}","templated":true}]}}