{"id":9421,"date":"2023-02-07T10:32:15","date_gmt":"2023-02-07T13:32:15","guid":{"rendered":"https:\/\/www.visionweb.com.ar\/?p=9421"},"modified":"2023-02-06T17:43:05","modified_gmt":"2023-02-06T20:43:05","slug":"las-ventas-minoristas-pyme-cayeron-03-en-enero","status":"publish","type":"post","link":"https:\/\/www.visionweb.com.ar\/?p=9421","title":{"rendered":"Las ventas minoristas pyme cayeron 0,3% en enero"},"content":{"rendered":"<p><em><strong>Los negocios consultados marcaron que la gente finaliz\u00f3 el a\u00f1o con las tarjetas muy cargadas y eso hizo prevalecer compras de bajos montos.<\/strong><\/em><!--more--><\/p>\n<p><strong><img loading=\"lazy\" decoding=\"async\" class=\"size-medium wp-image-9422 alignright\" src=\"https:\/\/www.visionweb.com.ar\/wp-content\/uploads\/2023\/02\/INDICE-DE-VENTAS-MINORISTAS-300x149.png\" alt=\"\" width=\"300\" height=\"149\" srcset=\"https:\/\/www.visionweb.com.ar\/wp-content\/uploads\/2023\/02\/INDICE-DE-VENTAS-MINORISTAS-300x149.png 300w, https:\/\/www.visionweb.com.ar\/wp-content\/uploads\/2023\/02\/INDICE-DE-VENTAS-MINORISTAS.png 640w\" sizes=\"auto, (max-width: 300px) 100vw, 300px\" \/>L<\/strong>as ventas minoristas pymes descendieron 0,3% en enero, respecto de igual per\u00edodo del a\u00f1o pasado,\u00a0 medidas a precios constantes.<\/p>\n<p>La recuperaci\u00f3n del consumo registrada en diciembre, que hab\u00eda cortado una tendencia negativa durante el \u00faltimo semestre del 2022, no logr\u00f3 mantenerse.<\/p>\n<p>En la comparaci\u00f3n mensual, frente a diciembre de 2022, las ventas se retrajeron 3,4%, aunque esa baja se explica mayormente por la estacionalidad t\u00edpica de enero.<\/p>\n<p>En el primer mes de 2023, el gasto se volc\u00f3 m\u00e1s a servicios como turismo, ocio, recreaci\u00f3n o gastronom\u00eda, postergando compras de bienes habituales de temporada, como indumentaria o calzado. Esos dos rubros vieron mermar sus niveles de ventas frente a enero del a\u00f1o pasado.<\/p>\n<p>De los siete sectores relevados en enero, tres se retrajeron en la comparaci\u00f3n interanual y los cuatro restantes se incrementaron.<\/p>\n<p>Entre los que mostraron retracciones aparecen Textiles e indumentarias (-14,4%) y Calzado y marroquiner\u00eda (-2,5%) fueron los de peor performance y parecieran haber vuelto a la din\u00e1mica vigente previa a diciembre 2022.<\/p>\n<p>Mientras los rubros de Farmacia, con un aumento real anual de 10,7%, seguido Perfumer\u00edas (+5,3%) y Alimentos y Bebidas (+3,6%) y tuvieron el mejor rendimiento.<\/p>\n<p>Los negocios consultados marcaron que la gente finaliz\u00f3 el a\u00f1o con las tarjetas muy cargadas y eso hizo prevalecer compras de bajos montos.<\/p>\n<p>As\u00ed surge del \u00cdndice de Ventas Minoristas Pymes de la Confederaci\u00f3n Argentina de la Mediana Empresa (CAME), elaborado en base a su relevamiento mensual entre 1.051 comercios minoristas de todo el pa\u00eds, realizado entre el 1 y 3 de febrero.<\/p>\n","protected":false},"excerpt":{"rendered":"<p>Los negocios consultados marcaron que la gente finaliz\u00f3 el a\u00f1o con las tarjetas muy cargadas y eso hizo prevalecer compras de bajos montos.<\/p>\n","protected":false},"author":3,"featured_media":9422,"comment_status":"closed","ping_status":"closed","sticky":false,"template":"","format":"standard","meta":{"_monsterinsights_skip_tracking":false,"_monsterinsights_sitenote_active":false,"_monsterinsights_sitenote_note":"","_monsterinsights_sitenote_category":0,"footnotes":""},"categories":[749],"tags":[3918,3917,1455,758],"class_list":["post-9421","post","type-post","status-publish","format-standard","has-post-thumbnail","hentry","category-pymes","tag-farmacia","tag-minoristas","tag-textiles","tag-ventas"],"_links":{"self":[{"href":"https:\/\/www.visionweb.com.ar\/index.php?rest_route=\/wp\/v2\/posts\/9421","targetHints":{"allow":["GET"]}}],"collection":[{"href":"https:\/\/www.visionweb.com.ar\/index.php?rest_route=\/wp\/v2\/posts"}],"about":[{"href":"https:\/\/www.visionweb.com.ar\/index.php?rest_route=\/wp\/v2\/types\/post"}],"author":[{"embeddable":true,"href":"https:\/\/www.visionweb.com.ar\/index.php?rest_route=\/wp\/v2\/users\/3"}],"replies":[{"embeddable":true,"href":"https:\/\/www.visionweb.com.ar\/index.php?rest_route=%2Fwp%2Fv2%2Fcomments&post=9421"}],"version-history":[{"count":3,"href":"https:\/\/www.visionweb.com.ar\/index.php?rest_route=\/wp\/v2\/posts\/9421\/revisions"}],"predecessor-version":[{"id":9425,"href":"https:\/\/www.visionweb.com.ar\/index.php?rest_route=\/wp\/v2\/posts\/9421\/revisions\/9425"}],"wp:featuredmedia":[{"embeddable":true,"href":"https:\/\/www.visionweb.com.ar\/index.php?rest_route=\/wp\/v2\/media\/9422"}],"wp:attachment":[{"href":"https:\/\/www.visionweb.com.ar\/index.php?rest_route=%2Fwp%2Fv2%2Fmedia&parent=9421"}],"wp:term":[{"taxonomy":"category","embeddable":true,"href":"https:\/\/www.visionweb.com.ar\/index.php?rest_route=%2Fwp%2Fv2%2Fcategories&post=9421"},{"taxonomy":"post_tag","embeddable":true,"href":"https:\/\/www.visionweb.com.ar\/index.php?rest_route=%2Fwp%2Fv2%2Ftags&post=9421"}],"curies":[{"name":"wp","href":"https:\/\/api.w.org\/{rel}","templated":true}]}}