{"id":9403,"date":"2023-02-06T07:32:33","date_gmt":"2023-02-06T10:32:33","guid":{"rendered":"https:\/\/www.visionweb.com.ar\/?p=9403"},"modified":"2023-02-06T07:37:24","modified_gmt":"2023-02-06T10:37:24","slug":"elecciones-fernandez-convoco-a-la-formacion-de-una-mesa-politica","status":"publish","type":"post","link":"https:\/\/www.visionweb.com.ar\/?p=9403","title":{"rendered":"Elecciones: Fern\u00e1ndez convoc\u00f3 a la formaci\u00f3n de una Mesa Pol\u00edtica"},"content":{"rendered":"<p><strong><em>El Presidente sostuvo que la idea es establecer \u201clas reglas de competencia que sostengan la unidad\u201d en la coalici\u00f3n oficialista, de cara a los comicios de este a\u00f1o.<\/em><\/strong><!--more--><\/p>\n<p><strong><img loading=\"lazy\" decoding=\"async\" class=\"size-medium wp-image-9405 alignright\" src=\"https:\/\/www.visionweb.com.ar\/wp-content\/uploads\/2023\/02\/PJ-NACIONAL-300x168.png\" alt=\"\" width=\"300\" height=\"168\" srcset=\"https:\/\/www.visionweb.com.ar\/wp-content\/uploads\/2023\/02\/PJ-NACIONAL-300x168.png 300w, https:\/\/www.visionweb.com.ar\/wp-content\/uploads\/2023\/02\/PJ-NACIONAL.png 640w\" sizes=\"auto, (max-width: 300px) 100vw, 300px\" \/>E<\/strong>l presidente Alberto Fern\u00e1ndez confirm\u00f3 este domingo que en los pr\u00f3ximos d\u00edas llamar\u00e1 a la conformaci\u00f3n de una mesa pol\u00edtica para establecer \u201clas reglas de competencia que sostengan la unidad\u201d en el Frente de Todos, de cara a las elecciones primarias (PASO) de este a\u00f1o.<\/p>\n<p>\u201cComo presidente del PJ, el partido m\u00e1s importante de nuestra coalici\u00f3n de Gobierno, he decidido convocar en los pr\u00f3ximos d\u00edas a la conformaci\u00f3n de una mesa que dise\u00f1e las reglas electorales del Frente y la estrategia a seguir con miras a las distintas elecciones de este a\u00f1o\u201d, se\u00f1al\u00f3 el Presidente en una carta publicada en su p\u00e1gina web.<\/p>\n<p>Fern\u00e1ndez solicit\u00f3 \u201cque dicho \u00e1mbito de debate sirva para abrir la convocatoria a los sectores sociales, de la producci\u00f3n y del trabajo que acompa\u00f1an a nuestra coalici\u00f3n de Gobierno con los que compartimos un mismo proyecto de pa\u00eds\u201d.<\/p>\n<p>En esta l\u00ednea, explic\u00f3 que \u201cnuestros gobernadores y gobernadoras y nuestros intendentes e intendentas deber\u00e1n definir el n\u00facleo dirigencial que represente a la fuerza territorial del Frente de Todos\u201d.<\/p>\n<p>\u201cEs mi intenci\u00f3n que los referentes que confluimos con miradas diversas en el peronismo, junto a referentes del Frente Renovador y de otras fuerzas pol\u00edticas que participan del espacio, establezcamos las reglas de competencia que sostengan la unidad que nos lleve a la victoria\u201d, explic\u00f3.<\/p>\n<p>Fern\u00e1ndez consider\u00f3 que para lograr el objetivo de la mesa es necesario \u201ctrabajar para que nuestro Frente se consolide alrededor de un proyecto de pa\u00eds inclusivo que se desarrolle respetando el federalismo\u201d y tambi\u00e9n en \u00a0\u201cun pa\u00eds que recupere tribunales que impartan justicia y no se sometan a poderes f\u00e1cticos\u201d<\/p>\n<p>\u201cNo queremos que la Argentina vuelva a un pasado de persecuci\u00f3n de opositores, de endeudamiento, de fuga de sus capitales, de ca\u00edda de los salarios y de desindustrializaci\u00f3n como el que padecimos durante el Gobierno de Juntos por el Cambio\u201d, finaliza el escrito<strong>(VW)<\/strong>.<\/p>\n","protected":false},"excerpt":{"rendered":"<p>El Presidente sostuvo que la idea es establecer \u201clas reglas de competencia que sostengan la unidad\u201d en la coalici\u00f3n oficialista, de cara a los comicios de este a\u00f1o.<\/p>\n","protected":false},"author":3,"featured_media":9405,"comment_status":"closed","ping_status":"closed","sticky":false,"template":"","format":"standard","meta":{"_monsterinsights_skip_tracking":false,"_monsterinsights_sitenote_active":false,"_monsterinsights_sitenote_note":"","_monsterinsights_sitenote_category":0,"footnotes":""},"categories":[4],"tags":[340,3911,204,3912],"class_list":["post-9403","post","type-post","status-publish","format-standard","has-post-thumbnail","hentry","category-politica","tag-elecciones","tag-mesa","tag-paso","tag-politica"],"_links":{"self":[{"href":"https:\/\/www.visionweb.com.ar\/index.php?rest_route=\/wp\/v2\/posts\/9403","targetHints":{"allow":["GET"]}}],"collection":[{"href":"https:\/\/www.visionweb.com.ar\/index.php?rest_route=\/wp\/v2\/posts"}],"about":[{"href":"https:\/\/www.visionweb.com.ar\/index.php?rest_route=\/wp\/v2\/types\/post"}],"author":[{"embeddable":true,"href":"https:\/\/www.visionweb.com.ar\/index.php?rest_route=\/wp\/v2\/users\/3"}],"replies":[{"embeddable":true,"href":"https:\/\/www.visionweb.com.ar\/index.php?rest_route=%2Fwp%2Fv2%2Fcomments&post=9403"}],"version-history":[{"count":3,"href":"https:\/\/www.visionweb.com.ar\/index.php?rest_route=\/wp\/v2\/posts\/9403\/revisions"}],"predecessor-version":[{"id":9407,"href":"https:\/\/www.visionweb.com.ar\/index.php?rest_route=\/wp\/v2\/posts\/9403\/revisions\/9407"}],"wp:featuredmedia":[{"embeddable":true,"href":"https:\/\/www.visionweb.com.ar\/index.php?rest_route=\/wp\/v2\/media\/9405"}],"wp:attachment":[{"href":"https:\/\/www.visionweb.com.ar\/index.php?rest_route=%2Fwp%2Fv2%2Fmedia&parent=9403"}],"wp:term":[{"taxonomy":"category","embeddable":true,"href":"https:\/\/www.visionweb.com.ar\/index.php?rest_route=%2Fwp%2Fv2%2Fcategories&post=9403"},{"taxonomy":"post_tag","embeddable":true,"href":"https:\/\/www.visionweb.com.ar\/index.php?rest_route=%2Fwp%2Fv2%2Ftags&post=9403"}],"curies":[{"name":"wp","href":"https:\/\/api.w.org\/{rel}","templated":true}]}}