{"id":9400,"date":"2023-02-04T09:36:52","date_gmt":"2023-02-04T12:36:52","guid":{"rendered":"https:\/\/www.visionweb.com.ar\/?p=9400"},"modified":"2023-02-03T15:51:10","modified_gmt":"2023-02-03T18:51:10","slug":"ezeiza-el-presidente-fernandez-entrego-maquinas-y-herramientas","status":"publish","type":"post","link":"https:\/\/www.visionweb.com.ar\/?p=9400","title":{"rendered":"Ezeiza: El Presidente Fern\u00e1ndez entreg\u00f3 m\u00e1quinas y herramientas"},"content":{"rendered":"<p><em><strong>El titular del Ejecutivo nacional particip\u00f3 este viernes en el municipio de Ezeiza de la entrega de herramientas destinadas a fortalecer emprendimientos productivos.<\/strong><\/em> <!--more--><\/p>\n<div id=\"attachment_9401\" style=\"width: 310px\" class=\"wp-caption alignright\"><img loading=\"lazy\" decoding=\"async\" aria-describedby=\"caption-attachment-9401\" class=\"wp-image-9401 size-medium\" src=\"https:\/\/www.visionweb.com.ar\/wp-content\/uploads\/2023\/02\/Ezeiza2-300x200.jpg\" alt=\"\" width=\"300\" height=\"200\" srcset=\"https:\/\/www.visionweb.com.ar\/wp-content\/uploads\/2023\/02\/Ezeiza2-300x200.jpg 300w, https:\/\/www.visionweb.com.ar\/wp-content\/uploads\/2023\/02\/Ezeiza2.jpg 640w\" sizes=\"auto, (max-width: 300px) 100vw, 300px\" \/><p id=\"caption-attachment-9401\" class=\"wp-caption-text\"><em><strong>El Presidente Fern\u00e1ndez particip\u00f2 en la entrega de herramientas en un acto realizado en el municipio de Ezeiza (Imagen: Prensa Presidencia)<\/strong><\/em><\/p><\/div>\n<p><strong>E<\/strong>l presidente Alberto Fern\u00e1ndez particip\u00f3 este viernes, en el municipio de Ezeiza, de la entrega de herramientas destinadas a fortalecer emprendimientos productivos que llevan adelante personas en situaci\u00f3n de vulnerabilidad social y econ\u00f3mica.<\/p>\n<p>\u201cLlegamos con una Argentina con 12 puntos de desocupaci\u00f3n y eso ya se ha reducido a menos de la mitad. Tenemos que seguir trabajando todos los d\u00edas para que el trabajo llegue a cada argentino y argentina porque el trabajo es dignidad\u201d, afirm\u00f3 el presidente, en di\u00e1logo con la prensa local.<\/p>\n<p>En ese sentido, el titular del Ejecutivo nacional agreg\u00f3 que: \u00abTenemos que acostumbrarnos a bajar el griter\u00edo y escuchar este murmullo de alegr\u00eda y de demanda; de alegr\u00eda por los problemas que podemos ir resolviendo, de demanda para saber que todav\u00eda nos queda mucho por hacer y que solo podemos lograr si todos trabajamos juntos, unidos\u00bb.<\/p>\n<p>Acompa\u00f1ado de la ministra de Desarrollo Social, Victoria Tolosa Paz y del intendente local, Alejandro Granados, el mandatario recorri\u00f3 las instalaciones del Centro Log\u00edstico Municipal y particip\u00f3 de la entrega de elementos para emprendimientos productivos del programa Banco de Maquinarias, Herramientas y Materiales, de la cartera social.<\/p>\n<p>Por su parte, Tolosa Paz explic\u00f3 que \u00abhay un equipo de gobierno que reconoce en el pueblo trabajador esa enorme capacidad de ponerse de pie todos los d\u00edas\u201d, al tiempo que afirm\u00f3 que \u00abesta es la Argentina que queremos, en la que confiamos y por la que trabajamos todos los d\u00edas\u201d.<\/p>\n<p>Asimismo, Granados agradeci\u00f3 la visita del presidente \u00abque una vez m\u00e1s viene a traerle felicidad a la gente de Ezeiza; la has tra\u00eddo con un puente, un t\u00fanel, con plazas. Y esta vez con esto que es lindo porque es trabajo y es lo que quiere la gente, trabajar\u201d.<\/p>\n<p>Esta pol\u00edtica beneficia a 91 emprendedoras y emprendedores de 42 emprendimientos del municipio, que llevan adelante proyectos productivos, de servicios y que se encuentran en situaci\u00f3n de vulnerabilidad. Es una inversi\u00f3n del Gobierno nacional de m\u00e1s de 18 millones de pesos.<\/p>\n<p>El Programa fortalece diferentes emprendimientos de la econom\u00eda social de todo el pa\u00eds, enmarcados en distintas modalidades de producci\u00f3n: textil, construcci\u00f3n, limpieza, agricultura o comercializaci\u00f3n, entre otras. Son fondos con car\u00e1cter de subsidio no reintegrable a organismos gubernamentales y organizaciones no gubernamentales.<\/p>\n<p>Tambi\u00e9n estuvieron presentes la presidenta del Honorable Concejo Deliberante de Ezeiza, Dulce Granados, y la directora nacional de Articulaci\u00f3n Social Productiva, Natalia Mainoldi<strong>(VW)<\/strong>.<\/p>\n<p>&nbsp;<\/p>\n<p>&nbsp;<\/p>\n","protected":false},"excerpt":{"rendered":"<p>El titular del Ejecutivo nacional particip\u00f3 este viernes en el municipio de Ezeiza de la entrega de herramientas destinadas a fortalecer emprendimientos productivos.<\/p>\n","protected":false},"author":3,"featured_media":9401,"comment_status":"closed","ping_status":"closed","sticky":false,"template":"","format":"standard","meta":{"_monsterinsights_skip_tracking":false,"_monsterinsights_sitenote_active":false,"_monsterinsights_sitenote_note":"","_monsterinsights_sitenote_category":0,"footnotes":""},"categories":[4,5],"tags":[1691,661,39],"class_list":["post-9400","post","type-post","status-publish","format-standard","has-post-thumbnail","hentry","category-politica","category-sociedad","tag-emprendimientos","tag-ezeiza","tag-herramientas"],"_links":{"self":[{"href":"https:\/\/www.visionweb.com.ar\/index.php?rest_route=\/wp\/v2\/posts\/9400","targetHints":{"allow":["GET"]}}],"collection":[{"href":"https:\/\/www.visionweb.com.ar\/index.php?rest_route=\/wp\/v2\/posts"}],"about":[{"href":"https:\/\/www.visionweb.com.ar\/index.php?rest_route=\/wp\/v2\/types\/post"}],"author":[{"embeddable":true,"href":"https:\/\/www.visionweb.com.ar\/index.php?rest_route=\/wp\/v2\/users\/3"}],"replies":[{"embeddable":true,"href":"https:\/\/www.visionweb.com.ar\/index.php?rest_route=%2Fwp%2Fv2%2Fcomments&post=9400"}],"version-history":[{"count":1,"href":"https:\/\/www.visionweb.com.ar\/index.php?rest_route=\/wp\/v2\/posts\/9400\/revisions"}],"predecessor-version":[{"id":9402,"href":"https:\/\/www.visionweb.com.ar\/index.php?rest_route=\/wp\/v2\/posts\/9400\/revisions\/9402"}],"wp:featuredmedia":[{"embeddable":true,"href":"https:\/\/www.visionweb.com.ar\/index.php?rest_route=\/wp\/v2\/media\/9401"}],"wp:attachment":[{"href":"https:\/\/www.visionweb.com.ar\/index.php?rest_route=%2Fwp%2Fv2%2Fmedia&parent=9400"}],"wp:term":[{"taxonomy":"category","embeddable":true,"href":"https:\/\/www.visionweb.com.ar\/index.php?rest_route=%2Fwp%2Fv2%2Fcategories&post=9400"},{"taxonomy":"post_tag","embeddable":true,"href":"https:\/\/www.visionweb.com.ar\/index.php?rest_route=%2Fwp%2Fv2%2Ftags&post=9400"}],"curies":[{"name":"wp","href":"https:\/\/api.w.org\/{rel}","templated":true}]}}