{"id":9396,"date":"2023-02-03T15:25:50","date_gmt":"2023-02-03T18:25:50","guid":{"rendered":"https:\/\/www.visionweb.com.ar\/?p=9396"},"modified":"2023-02-03T15:26:28","modified_gmt":"2023-02-03T18:26:28","slug":"el-gobierno-amplio-el-programa-precios-justos","status":"publish","type":"post","link":"https:\/\/www.visionweb.com.ar\/?p=9396","title":{"rendered":"El Gobierno ampli\u00f3 el programa \u00abPrecios Justos\u00bb"},"content":{"rendered":"<p><strong><em>El relanzamiento del programa adelanta a febrero los lineamientos centrales del acuerdo anunciado en noviembre del a\u00f1o pasado, que en principio se iba a extender hasta marzo,<\/em><\/strong><!--more--><\/p>\n<p><strong><img loading=\"lazy\" decoding=\"async\" class=\"size-medium wp-image-9397 alignright\" src=\"https:\/\/www.visionweb.com.ar\/wp-content\/uploads\/2023\/02\/MASSA-300x169.png\" alt=\"\" width=\"300\" height=\"169\" srcset=\"https:\/\/www.visionweb.com.ar\/wp-content\/uploads\/2023\/02\/MASSA-300x169.png 300w, https:\/\/www.visionweb.com.ar\/wp-content\/uploads\/2023\/02\/MASSA-768x432.png 768w, https:\/\/www.visionweb.com.ar\/wp-content\/uploads\/2023\/02\/MASSA.png 800w\" sizes=\"auto, (max-width: 300px) 100vw, 300px\" \/>E<\/strong>l ministro de Econom\u00eda, Sergio Massa, anunci\u00f3 este viernes la ampliaci\u00f3n del programa Precios Justos, que se extender\u00e1 hasta el\u00a0 30 de junio pr\u00f3ximo, con una pauta promedio de aumento mensual del 3,2% para 49.832 productos elaborados por un total de 482 empresas.<\/p>\n<p>Este programa pretende, al 86% de los productos que consumen los argentinos, darles dos certezas: que hay casi 50 mil productos que del primero de febrero al 30 de junio van a aumentar s\u00f3lo 3,2% mensual.<\/p>\n<p>Adem\u00e1s, como se dio en la primera etapa del programa, hay 2 mil productos que van a seguir teniendo precio fijo, lo que le permite al consumidor cuidar su salario a la hora de elegir en la g\u00f3ndola del supermercado, afirm\u00f3.<\/p>\n<p>\u00abEsta segunda etapa tiene m\u00e1s premios y m\u00e1s castigos\u00bb, subray\u00f3 el ministro de Econom\u00eda, Sergio Massa,\u00a0 durante el acto realizado en el CCK, para agregar que \u00abesas pymes\u00bb que conforman \u00abel complejo de producci\u00f3n, van a tener un programa de cr\u00e9dito para aumento de la producci\u00f3n de bienes de capital\u00bb, que se suma al \u00abr\u00e9gimen acelerado de acceso al mercado libre de cambio\u00bb.<\/p>\n<h3 style=\"text-align: center;\"><span style=\"color: #0000ff;\"><em><strong>La ampliaci\u00f3n del programa \u00abPrecios Cuidados\u00bb tendr\u00e1 m\u00e1s de 49.800 productos<\/strong><\/em><\/span><\/h3>\n<p>Este relanzamiento del programa adelanta a febrero los lineamientos centrales del acuerdo anunciado en noviembre del a\u00f1o pasado, que en principio se iba a extender hasta marzo, en el que se estipulaba un promedio de aumento mensual del 4% con la participaci\u00f3n de 102 empresas.<\/p>\n<p>El programa contar\u00e1 con 49.832 productos, de 482 empresas distintas de 15 rubros que aumentar\u00e1n a partir de febrero y hasta junio al ritmo del 3,2% mensual promedio. As\u00ed se unifican acuerdos de consumos masivos, insumos difundidos, calzado, medicamentos, peque\u00f1os electrodom\u00e9sticos, indumentaria, combustibles y celulares, entre otros.<\/p>\n<p>La fiscalizaci\u00f3n digital va funcionar\u00e1 de dos maneras. Por un lado, tomar\u00e1 los datos del sistema de precios (SEPA) que las cadenas de supermercados comparten a diario con la Secretar\u00eda de Comercio. Y les permitir\u00e1 conocer cada d\u00eda qu\u00e9 precios subieron por encima de la pauta de 3,2%.<\/p>\n<p>Esto es para los productos de consumo masivo que forman parte del acuerdo y tendr\u00e1 una capacidad para relevar m\u00e1s de 3,6 millones de productos.<\/p>\n<p>Al respecto se tomar\u00e1n datos de 943 sucursales de 13 cadenas de todo el pa\u00eds. Los datos no ser\u00e1n de acceso p\u00fablico y ser\u00e1n verificados en forma cotidiana por un grupo de 15 personas dentro de la Secretar\u00eda de Comercio.<\/p>\n<p>Otra herramienta realizar\u00e1 un barrido online por todos los valores que difunden en las plataformas de comercio electr\u00f3nico las empresas que forman parte del acuerdo. Por ejemplo, precios de ropa, productos de construcci\u00f3n o calzado. Cuando estos precios se ubiquen por encima la pauta mensual, habr\u00e1 una \u201calarma\u201d.<\/p>\n<p><strong>\u00c1mbito escolar<\/strong><\/p>\n<p>Por otra parte, Massa aprovecho el escenario del CCK para anunciar tambi\u00e9n los precios justos para los \u00fatiles escolares.<\/p>\n<p>En ese sentido, el Jefe del Palacio de Hacienda explic\u00f3 que\u00a0el acuerdo incluye una canasta escolar para el inicio de clases y un criterio \u00fanico para el aumento de cuotas de colegios privados.<\/p>\n<p>\u201cAmpliamos el programa porque el acuerdo incluye la canasta escolar. Esto es importante porque en marzo empiezan las clases\u201d, destac\u00f3 Massa durante el anuncio.<\/p>\n<p>Massa dijo que \u00abalgunas provincias hab\u00edan autorizado aumentos (de cuotas) de hasta 40% para marzo\u00bb, y que ahora \u00abse estableci\u00f3 un criterio \u00fanico para todo el pa\u00eds, que se anunciar\u00e1 el mi\u00e9rcoles que viene en el Consejo Federal de Educaci\u00f3n, que baja un 40% en promedio el aumento inicial y establece hasta el 30 de junio un sendero de 3,5%\u00bb<strong>(VW)<\/strong>.<\/p>\n<p>&nbsp;<\/p>\n<p>&nbsp;<\/p>\n","protected":false},"excerpt":{"rendered":"<p>El relanzamiento del programa adelanta a febrero los lineamientos centrales del acuerdo anunciado en noviembre del a\u00f1o pasado, que en principio se iba a extender hasta marzo,<\/p>\n","protected":false},"author":3,"featured_media":9397,"comment_status":"closed","ping_status":"closed","sticky":false,"template":"","format":"standard","meta":{"_monsterinsights_skip_tracking":false,"_monsterinsights_sitenote_active":false,"_monsterinsights_sitenote_note":"","_monsterinsights_sitenote_category":0,"footnotes":""},"categories":[6],"tags":[3910,774,47,192],"class_list":["post-9396","post","type-post","status-publish","format-standard","has-post-thumbnail","hentry","category-economia","tag-cuidados","tag-junio","tag-precios","tag-productos"],"_links":{"self":[{"href":"https:\/\/www.visionweb.com.ar\/index.php?rest_route=\/wp\/v2\/posts\/9396","targetHints":{"allow":["GET"]}}],"collection":[{"href":"https:\/\/www.visionweb.com.ar\/index.php?rest_route=\/wp\/v2\/posts"}],"about":[{"href":"https:\/\/www.visionweb.com.ar\/index.php?rest_route=\/wp\/v2\/types\/post"}],"author":[{"embeddable":true,"href":"https:\/\/www.visionweb.com.ar\/index.php?rest_route=\/wp\/v2\/users\/3"}],"replies":[{"embeddable":true,"href":"https:\/\/www.visionweb.com.ar\/index.php?rest_route=%2Fwp%2Fv2%2Fcomments&post=9396"}],"version-history":[{"count":2,"href":"https:\/\/www.visionweb.com.ar\/index.php?rest_route=\/wp\/v2\/posts\/9396\/revisions"}],"predecessor-version":[{"id":9399,"href":"https:\/\/www.visionweb.com.ar\/index.php?rest_route=\/wp\/v2\/posts\/9396\/revisions\/9399"}],"wp:featuredmedia":[{"embeddable":true,"href":"https:\/\/www.visionweb.com.ar\/index.php?rest_route=\/wp\/v2\/media\/9397"}],"wp:attachment":[{"href":"https:\/\/www.visionweb.com.ar\/index.php?rest_route=%2Fwp%2Fv2%2Fmedia&parent=9396"}],"wp:term":[{"taxonomy":"category","embeddable":true,"href":"https:\/\/www.visionweb.com.ar\/index.php?rest_route=%2Fwp%2Fv2%2Fcategories&post=9396"},{"taxonomy":"post_tag","embeddable":true,"href":"https:\/\/www.visionweb.com.ar\/index.php?rest_route=%2Fwp%2Fv2%2Ftags&post=9396"}],"curies":[{"name":"wp","href":"https:\/\/api.w.org\/{rel}","templated":true}]}}