{"id":9393,"date":"2023-02-03T11:30:55","date_gmt":"2023-02-03T14:30:55","guid":{"rendered":"https:\/\/www.visionweb.com.ar\/?p=9393"},"modified":"2023-02-03T11:30:55","modified_gmt":"2023-02-03T14:30:55","slug":"comienza-la-inoculacion-con-vacunas-bivalentes","status":"publish","type":"post","link":"https:\/\/www.visionweb.com.ar\/?p=9393","title":{"rendered":"Comienza la inoculaci\u00f3n con vacunas bivalentes"},"content":{"rendered":"<p><em><strong>Ser\u00e1n aplicadas como dosis de refuerzo a los mayores de 12 a\u00f1os. Las autoridades sanitarias remarcaron que esta nueva vacuna bivalente, es segura y efectiva.<\/strong><\/em><!--more--><\/p>\n<p><strong><img loading=\"lazy\" decoding=\"async\" class=\"size-medium wp-image-9394 alignright\" src=\"https:\/\/www.visionweb.com.ar\/wp-content\/uploads\/2023\/02\/BIVALENTE-CONVID-300x175.png\" alt=\"\" width=\"300\" height=\"175\" srcset=\"https:\/\/www.visionweb.com.ar\/wp-content\/uploads\/2023\/02\/BIVALENTE-CONVID-300x175.png 300w, https:\/\/www.visionweb.com.ar\/wp-content\/uploads\/2023\/02\/BIVALENTE-CONVID.png 640w\" sizes=\"auto, (max-width: 300px) 100vw, 300px\" \/>A<\/strong> partir del lunes pr\u00f3ximo comenzar\u00e1n a aplicarse las vacunas bivalentes, que\u00a0 protegen contra dos variantes de la Covid-19 -la original, detectada en Wuhan, China, y la mutaci\u00f3n denominada \u00d3micron y, se suman a la estrategia como dosis de refuerzo, informn\u00f3 la cartera de salud bonaerense.<\/p>\n<p>Desde este jueves 2 de Febrero, la Provincia comenz\u00f3 a distribuir 449.280 dosis de la vacuna Pfizer Bivalente en las 12 regiones sanitarias, centros de vacunaci\u00f3n y hospitales.<\/p>\n<p>La vacuna que se suma al Plan provincial p\u00fablico, gratuito y optativo contra COVID-19 Buenos Aires Vacunate es la Comirnaty Bivalente Original\/\u00d3micron BA.4-5, del laboratorio Pfizer\/BioNtech, autorizada para su uso en poblaci\u00f3n general de 12 a\u00f1os o m\u00e1s, seg\u00fan los lineamientos de la cartera sanitaria nacional.<\/p>\n<p>Se denomina bivalente porque est\u00e1 producida con material gen\u00e9tico que codifica para la prote\u00edna S (Spike) del virus SARS-CoV-2 variante ancestral y de SARS-CoV-2 variante \u00d3micron BA.4-5.<\/p>\n<p>Las autoridades sanitarias remarcaron que esta nueva vacuna bivalente, -as\u00ed como las monovalentes- es segura y efectiva para dar protecci\u00f3n ante internaciones, complicaciones y muertes frente a todas las variantes circulantes. Ambos tipos de sueros coexistir\u00e1n en la estrategia de vacunaci\u00f3n nacional y provincial.<\/p>\n<p><strong>\u00bfQui\u00e9nes pueden recibir esta vacuna?<\/strong><\/p>\n<p>Todas las personas mayores de 12 a\u00f1os que hayan recibido alguna vacuna monovalente (de esquema primario o refuerzo) hace 4 meses o m\u00e1s. Al igual que las dem\u00e1s dosis, debe mantenerse el intervalo m\u00ednimo de cuatro meses desde la \u00faltima dosis recibida.<\/p>\n<p>Vacunas COVID a utilizar seg\u00fan los grupos de edad:<\/p>\n<p>Para pedi\u00e1tricos hasta 5 a\u00f1os: Vacuna pedi\u00e1trica.<\/p>\n<p>Para pedi\u00e1tricos de 6 a 11 a\u00f1os: Vacuna monovalente pedi\u00e1trica.<\/p>\n<p>Para mayores de 12 a\u00f1os:<br \/>\nPara dosis de esquema primario,\u00a0 monovalente.<br \/>\nPara refuerzos, monovalente y bivalente.<br \/>\nConsult\u00e1 los vacunatorios haciendo click\u00a0<a href=\"https:\/\/portal-coronavirus.gba.gob.ar\/vacunatorios-de-la-campana-covid-19\" target=\"_blank\" rel=\"noopener noreferrer\">aqu\u00ed<\/a>.<\/p>\n<p><strong>(VW)<\/strong><\/p>\n<p>&nbsp;<\/p>\n","protected":false},"excerpt":{"rendered":"<p>Ser\u00e1n aplicadas como dosis de refuerzo a los mayores de 12 a\u00f1os. Las autoridades sanitarias remarcaron que esta nueva vacuna bivalente, es segura y efectiva.<\/p>\n","protected":false},"author":3,"featured_media":9394,"comment_status":"closed","ping_status":"closed","sticky":false,"template":"","format":"standard","meta":{"_monsterinsights_skip_tracking":false,"_monsterinsights_sitenote_active":false,"_monsterinsights_sitenote_note":"","_monsterinsights_sitenote_category":0,"footnotes":""},"categories":[5],"tags":[3908,367,3909,100,178],"class_list":["post-9393","post","type-post","status-publish","format-standard","has-post-thumbnail","hentry","category-sociedad","tag-bivalente","tag-covid","tag-omicrom","tag-salud","tag-vacunas"],"_links":{"self":[{"href":"https:\/\/www.visionweb.com.ar\/index.php?rest_route=\/wp\/v2\/posts\/9393","targetHints":{"allow":["GET"]}}],"collection":[{"href":"https:\/\/www.visionweb.com.ar\/index.php?rest_route=\/wp\/v2\/posts"}],"about":[{"href":"https:\/\/www.visionweb.com.ar\/index.php?rest_route=\/wp\/v2\/types\/post"}],"author":[{"embeddable":true,"href":"https:\/\/www.visionweb.com.ar\/index.php?rest_route=\/wp\/v2\/users\/3"}],"replies":[{"embeddable":true,"href":"https:\/\/www.visionweb.com.ar\/index.php?rest_route=%2Fwp%2Fv2%2Fcomments&post=9393"}],"version-history":[{"count":1,"href":"https:\/\/www.visionweb.com.ar\/index.php?rest_route=\/wp\/v2\/posts\/9393\/revisions"}],"predecessor-version":[{"id":9395,"href":"https:\/\/www.visionweb.com.ar\/index.php?rest_route=\/wp\/v2\/posts\/9393\/revisions\/9395"}],"wp:featuredmedia":[{"embeddable":true,"href":"https:\/\/www.visionweb.com.ar\/index.php?rest_route=\/wp\/v2\/media\/9394"}],"wp:attachment":[{"href":"https:\/\/www.visionweb.com.ar\/index.php?rest_route=%2Fwp%2Fv2%2Fmedia&parent=9393"}],"wp:term":[{"taxonomy":"category","embeddable":true,"href":"https:\/\/www.visionweb.com.ar\/index.php?rest_route=%2Fwp%2Fv2%2Fcategories&post=9393"},{"taxonomy":"post_tag","embeddable":true,"href":"https:\/\/www.visionweb.com.ar\/index.php?rest_route=%2Fwp%2Fv2%2Ftags&post=9393"}],"curies":[{"name":"wp","href":"https:\/\/api.w.org\/{rel}","templated":true}]}}