{"id":9389,"date":"2023-02-03T01:09:03","date_gmt":"2023-02-03T04:09:03","guid":{"rendered":"https:\/\/www.visionweb.com.ar\/?p=9389"},"modified":"2023-02-03T07:46:50","modified_gmt":"2023-02-03T10:46:50","slug":"el-banco-central-aprobo-el-billete-de-2000","status":"publish","type":"post","link":"https:\/\/www.visionweb.com.ar\/?p=9389","title":{"rendered":"El Banco Central aprob\u00f3 el billete de $2000"},"content":{"rendered":"<p><em><strong>En el anverso del billete estar\u00e1n las figuras de Grierson y Carrillo y en el reverso del billete se representa al edificio del Instituto Nacional de Microbiolog\u00eda Dr. Carlos G. Malbr\u00e1n.<\/strong><\/em><!--more--><\/p>\n<p class=\"post-pagina-interior\"><img loading=\"lazy\" decoding=\"async\" class=\"size-medium wp-image-9390 alignright\" src=\"https:\/\/www.visionweb.com.ar\/wp-content\/uploads\/2023\/02\/BILLETE-DE-DOS-MIL-PESOS-300x156.png\" alt=\"\" width=\"300\" height=\"156\" srcset=\"https:\/\/www.visionweb.com.ar\/wp-content\/uploads\/2023\/02\/BILLETE-DE-DOS-MIL-PESOS-300x156.png 300w, https:\/\/www.visionweb.com.ar\/wp-content\/uploads\/2023\/02\/BILLETE-DE-DOS-MIL-PESOS.png 640w\" sizes=\"auto, (max-width: 300px) 100vw, 300px\" \/>El Banco Central de la Rep\u00fablica Argentina (BCRA) aprob\u00f3 la emisi\u00f3n de un nuevo billete que incorpora la denominaci\u00f3n $ 2000 y que se integrar\u00e1 a la actual L\u00ednea Peso.<\/p>\n<p class=\"post-pagina-interior\">El nuevo billete, dise\u00f1ado en colaboraci\u00f3n con la Casa de Moneda, conmemora el desarrollo de la ciencia y de la medicina en la Argentina.<\/p>\n<p class=\"post-pagina-interior\">Tendr\u00e1 como protagonistas al Instituto Malbr\u00e1n, y a la Dra. Cecilia Grierson y al Dr. Ram\u00f3n Carrillo, precursores en el desarrollo de la medicina en nuestro pa\u00eds.<\/p>\n<p class=\"post-pagina-interior\">En el anverso del billete estar\u00e1n las figuras de Grierson y Carrillo y en el reverso del billete se representa al edificio del Instituto Nacional de Microbiolog\u00eda Dr. Carlos G. Malbr\u00e1n.<\/p>\n<p class=\"post-pagina-interior\"><img loading=\"lazy\" decoding=\"async\" class=\"size-medium wp-image-9391 alignleft\" src=\"https:\/\/www.visionweb.com.ar\/wp-content\/uploads\/2023\/02\/BILLETE-DOS-300x127.png\" alt=\"\" width=\"300\" height=\"127\" srcset=\"https:\/\/www.visionweb.com.ar\/wp-content\/uploads\/2023\/02\/BILLETE-DOS-300x127.png 300w, https:\/\/www.visionweb.com.ar\/wp-content\/uploads\/2023\/02\/BILLETE-DOS.png 640w\" sizes=\"auto, (max-width: 300px) 100vw, 300px\" \/>Mientras avanza el proceso de digitalizaci\u00f3n de los pagos, este billete de mayor denominaci\u00f3n permitir\u00e1 mejorar el funcionamiento de los cajeros autom\u00e1ticos y al mismo tiempo optimizar el traslado del efectivo.<\/p>\n<p class=\"post-pagina-interior\"><strong>El instituto y las personas homenajeadas en el nuevo billete<\/strong><\/p>\n<p class=\"post-pagina-interior\">La Administraci\u00f3n Nacional de Laboratorios e Instituto de Salud Dr. Carlos Malbr\u00e1n es un organismo p\u00fablico descentralizado, que tiene por misi\u00f3n fundamental participar en las pol\u00edticas cient\u00edficas y t\u00e9cnicas vinculadas a los aspectos sanitarios del \u00e1mbito p\u00fablico. Fue fundado formalmente en el a\u00f1o 1893 con el objetivo de elaborar productos biol\u00f3gicos para tratar enfermedades infectocontagiosas.<\/p>\n<p class=\"post-pagina-interior\">La Dra. Cecilia Grierson naci\u00f3 en Buenos Aires el 22 de noviembre de 1859 y falleci\u00f3 en la misma ciudad el 10 de abril de 1934. Ella fue la primera m\u00e9dica de la Argentina, graduada en 1886, de la Facultad de Medicina de la Universidad de Buenos Aires.<\/p>\n<p class=\"post-pagina-interior\">Grierson desempe\u00f1\u00f3 un rol clave durante la epidemia de c\u00f3lera que afect\u00f3 a la Ciudad de Buenos Aires en 1886.<\/p>\n<p class=\"post-pagina-interior\">Nacido el 7 de marzo de 1906 en Santiago del Estero, el Dr. Ram\u00f3n Carrillo fue neurocirujano, neurobi\u00f3logo, m\u00e9dico sanitarista y el primer Ministro de Salud de la Naci\u00f3n. Carrillo egres\u00f3 de la Facultad de Medicina de la Universidad de Buenos Aires, en el a\u00f1o 1929, con Medalla de Honor.<\/p>\n<p class=\"post-pagina-interior\">El m\u00e9dico fue tambi\u00e9n Profesor Titular de la C\u00e1tedra de Neurocirug\u00eda de la Facultad de Medicina y abandon\u00f3 su brillante carrera de neur\u00f3logo para dedicarse al desarrollo de la medicina social (sanitarismo).<\/p>\n<p class=\"post-pagina-interior\">Carrillo realiz\u00f3 una gran transformaci\u00f3n en la salud p\u00fablica de nuestro pa\u00eds desde una concepci\u00f3n social de la medicina.<\/p>\n<p class=\"post-pagina-interior\">Durante su gesti\u00f3n como Ministro de Salud P\u00fablica, que dur\u00f3 ocho a\u00f1os y comenz\u00f3 en 1946, se realizaron campa\u00f1as masivas de vacunaci\u00f3n, imponi\u00e9ndose la obligatoriedad del uso del certificado de vacunaci\u00f3n para las escuelas<strong>(VW)<\/strong>.<\/p>\n<p>&nbsp;<\/p>\n<p class=\"post-pagina-interior\">\n","protected":false},"excerpt":{"rendered":"<p>En el anverso del billete estar\u00e1n las figuras de Grierson y Carrillo y en el reverso del billete se representa al edificio del Instituto Nacional de Microbiolog\u00eda Dr. Carlos G. Malbr\u00e1n.<\/p>\n","protected":false},"author":3,"featured_media":9390,"comment_status":"closed","ping_status":"closed","sticky":false,"template":"","format":"standard","meta":{"_monsterinsights_skip_tracking":false,"_monsterinsights_sitenote_active":false,"_monsterinsights_sitenote_note":"","_monsterinsights_sitenote_category":0,"footnotes":""},"categories":[6,5],"tags":[3905,3906,3907,3903,3904],"class_list":["post-9389","post","type-post","status-publish","format-standard","has-post-thumbnail","hentry","category-economia","category-sociedad","tag-carrillo","tag-grierson","tag-malbran","tag-nuevo-billete","tag-pesos"],"_links":{"self":[{"href":"https:\/\/www.visionweb.com.ar\/index.php?rest_route=\/wp\/v2\/posts\/9389","targetHints":{"allow":["GET"]}}],"collection":[{"href":"https:\/\/www.visionweb.com.ar\/index.php?rest_route=\/wp\/v2\/posts"}],"about":[{"href":"https:\/\/www.visionweb.com.ar\/index.php?rest_route=\/wp\/v2\/types\/post"}],"author":[{"embeddable":true,"href":"https:\/\/www.visionweb.com.ar\/index.php?rest_route=\/wp\/v2\/users\/3"}],"replies":[{"embeddable":true,"href":"https:\/\/www.visionweb.com.ar\/index.php?rest_route=%2Fwp%2Fv2%2Fcomments&post=9389"}],"version-history":[{"count":1,"href":"https:\/\/www.visionweb.com.ar\/index.php?rest_route=\/wp\/v2\/posts\/9389\/revisions"}],"predecessor-version":[{"id":9392,"href":"https:\/\/www.visionweb.com.ar\/index.php?rest_route=\/wp\/v2\/posts\/9389\/revisions\/9392"}],"wp:featuredmedia":[{"embeddable":true,"href":"https:\/\/www.visionweb.com.ar\/index.php?rest_route=\/wp\/v2\/media\/9390"}],"wp:attachment":[{"href":"https:\/\/www.visionweb.com.ar\/index.php?rest_route=%2Fwp%2Fv2%2Fmedia&parent=9389"}],"wp:term":[{"taxonomy":"category","embeddable":true,"href":"https:\/\/www.visionweb.com.ar\/index.php?rest_route=%2Fwp%2Fv2%2Fcategories&post=9389"},{"taxonomy":"post_tag","embeddable":true,"href":"https:\/\/www.visionweb.com.ar\/index.php?rest_route=%2Fwp%2Fv2%2Ftags&post=9389"}],"curies":[{"name":"wp","href":"https:\/\/api.w.org\/{rel}","templated":true}]}}