{"id":9386,"date":"2023-02-03T08:53:08","date_gmt":"2023-02-03T11:53:08","guid":{"rendered":"https:\/\/www.visionweb.com.ar\/?p=9386"},"modified":"2023-02-02T21:00:40","modified_gmt":"2023-02-03T00:00:40","slug":"se-cumplieron-137-anos-de-la-inauguracion-de-monumento-a-guillermo-brown","status":"publish","type":"post","link":"https:\/\/www.visionweb.com.ar\/?p=9386","title":{"rendered":"Se cumplieron 137 a\u00f1os de la inauguraci\u00f3n de monumento a Guillermo Brown"},"content":{"rendered":"<p><em><strong>El pr\u00f3ximo 30 de septiembre, se conmemora el 150 aniversario de la creaci\u00f3n del Partido de Almirante Brown.<\/strong><\/em><!--more--><\/p>\n<p class=\"yiv4099011020MsoNormal\"><strong><img loading=\"lazy\" decoding=\"async\" class=\"size-medium wp-image-9387 alignright\" src=\"https:\/\/www.visionweb.com.ar\/wp-content\/uploads\/2023\/02\/ALMIRANTE-BROWN-300x183.png\" alt=\"\" width=\"300\" height=\"183\" srcset=\"https:\/\/www.visionweb.com.ar\/wp-content\/uploads\/2023\/02\/ALMIRANTE-BROWN-300x183.png 300w, https:\/\/www.visionweb.com.ar\/wp-content\/uploads\/2023\/02\/ALMIRANTE-BROWN.png 640w\" sizes=\"auto, (max-width: 300px) 100vw, 300px\" \/>E<\/strong>ste jueves 2 de febrero se conmemor\u00f3 el 137\u00b0 aniversario del emplazamiento del Monumento en memoria al Almirante Guillermo Brown, considerado el Padre de la Patria en el Mar, ubicado en la hist\u00f3rica plaza que tambi\u00e9n lleva su nombre en Adrogu\u00e9.<\/p>\n<p class=\"yiv4099011020MsoNormal\">La obra, que es el primer monumento a Brown erigido en el pa\u00eds, fue realizada por el escultor Francisco Cafferata en Florencia, Italia, haciendo posteriormente el ensamble de sus piezas en Argentina. El pedestal de m\u00e1rmol de carrara, en tanto, fue creado por Jos\u00e9 Canale.<\/p>\n<p class=\"yiv4099011020MsoNormal\">Las calles del partido de Almirante Brown en sus doce localidades llevan los nombres, en muchos casos, de pr\u00f3ceres, nav\u00edos y combates navales que formaron parte de nuestra emancipaci\u00f3n y el monumento emplazado en la hist\u00f3rica Plaza Brown no sale de esa l\u00f3gica.<\/p>\n<p class=\"yiv4099011020MsoNormal\">Mariano Cascallares destac\u00f3 que \u00abfue el propio Don Esteban Adrogu\u00e9 quien luego de inaugurar la plaza que lleva el nombre del padre de la Patria en el Mar decidi\u00f3 colocar un monumento en homenaje a su persona,\u00a0 un 2 de febrero de 1886\u00bb.<\/p>\n<div class=\"yiv4099011020gmail_default\">Vale recordar que este a\u00f1o, el pr\u00f3ximo 30 de septiembre, se conmemora el 150 aniversario de la creaci\u00f3n del Partido de Almirante Brown.<strong>(VW)<\/strong><\/div>\n","protected":false},"excerpt":{"rendered":"<p>El pr\u00f3ximo 30 de septiembre, se conmemora el 150 aniversario de la creaci\u00f3n del Partido de Almirante Brown.<\/p>\n","protected":false},"author":3,"featured_media":9387,"comment_status":"closed","ping_status":"closed","sticky":false,"template":"","format":"standard","meta":{"_monsterinsights_skip_tracking":false,"_monsterinsights_sitenote_active":false,"_monsterinsights_sitenote_note":"","_monsterinsights_sitenote_category":0,"footnotes":""},"categories":[8],"tags":[1506,92,1305,187],"class_list":["post-9386","post","type-post","status-publish","format-standard","has-post-thumbnail","hentry","category-interes-general","tag-adrogue","tag-aniversario","tag-brown","tag-monumento"],"_links":{"self":[{"href":"https:\/\/www.visionweb.com.ar\/index.php?rest_route=\/wp\/v2\/posts\/9386","targetHints":{"allow":["GET"]}}],"collection":[{"href":"https:\/\/www.visionweb.com.ar\/index.php?rest_route=\/wp\/v2\/posts"}],"about":[{"href":"https:\/\/www.visionweb.com.ar\/index.php?rest_route=\/wp\/v2\/types\/post"}],"author":[{"embeddable":true,"href":"https:\/\/www.visionweb.com.ar\/index.php?rest_route=\/wp\/v2\/users\/3"}],"replies":[{"embeddable":true,"href":"https:\/\/www.visionweb.com.ar\/index.php?rest_route=%2Fwp%2Fv2%2Fcomments&post=9386"}],"version-history":[{"count":1,"href":"https:\/\/www.visionweb.com.ar\/index.php?rest_route=\/wp\/v2\/posts\/9386\/revisions"}],"predecessor-version":[{"id":9388,"href":"https:\/\/www.visionweb.com.ar\/index.php?rest_route=\/wp\/v2\/posts\/9386\/revisions\/9388"}],"wp:featuredmedia":[{"embeddable":true,"href":"https:\/\/www.visionweb.com.ar\/index.php?rest_route=\/wp\/v2\/media\/9387"}],"wp:attachment":[{"href":"https:\/\/www.visionweb.com.ar\/index.php?rest_route=%2Fwp%2Fv2%2Fmedia&parent=9386"}],"wp:term":[{"taxonomy":"category","embeddable":true,"href":"https:\/\/www.visionweb.com.ar\/index.php?rest_route=%2Fwp%2Fv2%2Fcategories&post=9386"},{"taxonomy":"post_tag","embeddable":true,"href":"https:\/\/www.visionweb.com.ar\/index.php?rest_route=%2Fwp%2Fv2%2Ftags&post=9386"}],"curies":[{"name":"wp","href":"https:\/\/api.w.org\/{rel}","templated":true}]}}