{"id":9381,"date":"2023-02-02T15:35:31","date_gmt":"2023-02-02T18:35:31","guid":{"rendered":"https:\/\/www.visionweb.com.ar\/?p=9381"},"modified":"2023-02-07T22:10:26","modified_gmt":"2023-02-08T01:10:26","slug":"radicales-bonaerenses-juntan-firmas-por-internas-abiertas","status":"publish","type":"post","link":"https:\/\/www.visionweb.com.ar\/?p=9381","title":{"rendered":"Radicales bonaerenses juntan firmas por internas abiertas"},"content":{"rendered":"<p><em><strong>La presentaci\u00f3n fue hecha por un grupo de militantes ante el comit\u00e9 Provincia de la UCR y el presidente Maximiliano Abad<\/strong><\/em><!--more--><\/p>\n<p><img loading=\"lazy\" decoding=\"async\" class=\"size-medium wp-image-9383 alignright\" src=\"https:\/\/www.visionweb.com.ar\/wp-content\/uploads\/2023\/02\/COMITE-PBA-UCR-300x225.png\" alt=\"\" width=\"300\" height=\"225\" srcset=\"https:\/\/www.visionweb.com.ar\/wp-content\/uploads\/2023\/02\/COMITE-PBA-UCR-300x225.png 300w, https:\/\/www.visionweb.com.ar\/wp-content\/uploads\/2023\/02\/COMITE-PBA-UCR-320x240.png 320w, https:\/\/www.visionweb.com.ar\/wp-content\/uploads\/2023\/02\/COMITE-PBA-UCR.png 640w\" sizes=\"auto, (max-width: 300px) 100vw, 300px\" \/><strong>M<\/strong>ilitantes y dirigentes radicales juntaron firmas para pedir internas abiertas para elegir el candidato radical a gobernador de la provincia de Buenos Aires que competir\u00e1 despu\u00e9s en las PASO dentro de Juntos por el Cambio.<\/p>\n<p>As\u00ed lo hicieron saber a trav\u00e9s de una carta dirigida a la c\u00fapula del Comit\u00e9 de la Uni\u00f3n C\u00edvica Radical de la provincia de Buenos Aires, bajo el lema \u201cSI a las urnas, NO al dedo\u201d.<\/p>\n<p>En rigor, los dardos tienen un destinatario espec\u00edfico: el presidente del partido a nivel provincial, Maximiliano Abad, quien hace dos semanas d\u00edas lanz\u00f3 una precandidatura a Gobernador en un acto en Mar del Plata, de donde es oriundo.<\/p>\n<p>En un comunicado, se indic\u00f3 que el documento est\u00e1 impulsado por el diputado bonaerense y secretario general de la UCR de la provincia de Buenos Aires, Walter Carusso, alineado pol\u00edticamente con el intendente Gustavo Posse.<\/p>\n<p>En uno de sus p\u00e1rrafos, el texto se\u00f1ala que \u00e9ste es un \u201cun momento clave, que definir\u00e1, no solo el futuro de nuestra\u00a0 fuerza pol\u00edtica, sino el de la sociedad bonaerense\u201d y destaca que \u201cno se puede permitir que la UCR permanezca sometida a mezquinas estrategias personales, o vea limitadas sus posibilidades de desarrollo en funci\u00f3n de las conveniencias de peque\u00f1os grupos de poder\u201d, public\u00f3 la agencia DIB.<\/p>\n<p>Luego, la carta expresa que \u201cno ser\u00e1 leg\u00edtima ninguna candidatura surgida entre cuatro paredes y a espaldas de la gente. Los montajes electorales y los acomodos han derivado en dolorosos fracasos, que trajeron dolor y frustraci\u00f3n a la sociedad. En la Provincia de Buenos Aires lo sabemos bien, y tenemos m\u00faltiples y tristes experiencias en ese sentido.\u201d<\/p>\n<p>Adem\u00e1s, advierte que \u201cser\u00eda de una gravedad extrema que, quienes ocupan cargos de responsabilidad en nuestro partido, trataran de impedir la realizaci\u00f3n de elecciones por miedo a perder\u201d y agrega que \u201cno hay ning\u00fan motivo que pueda negarnos el derecho a votar para elegir al mejor candidato, a ese dirigente que est\u00e1 a la altura de encarar el desaf\u00edo que implica gobernar nuestra Provincia, y que adem\u00e1s, es el que mayor adhesi\u00f3n despierta en la sociedad\u201d.<\/p>\n<p>D\u00edas atr\u00e1s, Carusso hab\u00eda se\u00f1alado a los medios que la realizaci\u00f3n de internas abiertas no ten\u00eda ning\u00fan costo para la sociedad y que, por otra parte, m\u00e1s caro hab\u00eda sido elegir candidatos que demostraron no estar preparados para gobernar la Provincia.<\/p>\n<p>\u201cLa solicitud de los militantes y dirigentes radicales de la provincia de Buenos Aires apunta a que se elija mediante el voto, en una interna abierta, al candidato radical a gobernador para, luego, participar de las PASO en el \u00e1mbito de Juntos por el Cambio\u201d, se remarc\u00f3.<\/p>\n<p>El link para acceder a la convocatoria: https:\/\/docs.google.com\/forms\/d\/e\/1FAIpQLScmsiLWFFuBFWgxPT1nvz2ael7epw_exMgL5SE2FABA5JBO6Q\/viewform?usp=send_form. <strong>(VW)<\/strong><\/p>\n","protected":false},"excerpt":{"rendered":"<p>La presentaci\u00f3n fue hecha por un grupo de militantes ante el comit\u00e9 Provincia de la UCR y el presidente Maximiliano Abad<\/p>\n","protected":false},"author":3,"featured_media":9383,"comment_status":"closed","ping_status":"closed","sticky":false,"template":"","format":"standard","meta":{"_monsterinsights_skip_tracking":false,"_monsterinsights_sitenote_active":false,"_monsterinsights_sitenote_note":"","_monsterinsights_sitenote_category":0,"footnotes":""},"categories":[4],"tags":[340,3902,3901],"class_list":["post-9381","post","type-post","status-publish","format-standard","has-post-thumbnail","hentry","category-politica","tag-elecciones","tag-nota","tag-s-gobernador"],"_links":{"self":[{"href":"https:\/\/www.visionweb.com.ar\/index.php?rest_route=\/wp\/v2\/posts\/9381","targetHints":{"allow":["GET"]}}],"collection":[{"href":"https:\/\/www.visionweb.com.ar\/index.php?rest_route=\/wp\/v2\/posts"}],"about":[{"href":"https:\/\/www.visionweb.com.ar\/index.php?rest_route=\/wp\/v2\/types\/post"}],"author":[{"embeddable":true,"href":"https:\/\/www.visionweb.com.ar\/index.php?rest_route=\/wp\/v2\/users\/3"}],"replies":[{"embeddable":true,"href":"https:\/\/www.visionweb.com.ar\/index.php?rest_route=%2Fwp%2Fv2%2Fcomments&post=9381"}],"version-history":[{"count":4,"href":"https:\/\/www.visionweb.com.ar\/index.php?rest_route=\/wp\/v2\/posts\/9381\/revisions"}],"predecessor-version":[{"id":9434,"href":"https:\/\/www.visionweb.com.ar\/index.php?rest_route=\/wp\/v2\/posts\/9381\/revisions\/9434"}],"wp:featuredmedia":[{"embeddable":true,"href":"https:\/\/www.visionweb.com.ar\/index.php?rest_route=\/wp\/v2\/media\/9383"}],"wp:attachment":[{"href":"https:\/\/www.visionweb.com.ar\/index.php?rest_route=%2Fwp%2Fv2%2Fmedia&parent=9381"}],"wp:term":[{"taxonomy":"category","embeddable":true,"href":"https:\/\/www.visionweb.com.ar\/index.php?rest_route=%2Fwp%2Fv2%2Fcategories&post=9381"},{"taxonomy":"post_tag","embeddable":true,"href":"https:\/\/www.visionweb.com.ar\/index.php?rest_route=%2Fwp%2Fv2%2Ftags&post=9381"}],"curies":[{"name":"wp","href":"https:\/\/api.w.org\/{rel}","templated":true}]}}