{"id":9372,"date":"2023-02-02T08:55:18","date_gmt":"2023-02-02T11:55:18","guid":{"rendered":"https:\/\/www.visionweb.com.ar\/?p=9372"},"modified":"2023-02-02T08:56:20","modified_gmt":"2023-02-02T11:56:20","slug":"lanus-el-gobierno-municipal-presenta-el-programa-plazas-23","status":"publish","type":"post","link":"https:\/\/www.visionweb.com.ar\/?p=9372","title":{"rendered":"Lan\u00fas: El Gobierno municipal presenta el programa \u00abPlazas 23\u00bb"},"content":{"rendered":"<p><em><strong>Esta iniciativa incluye la incorporaci\u00f3n de pictogramas dentro del \u00e1rea de juego para promover la Inclusi\u00f3n Social de las personas con alg\u00fan Trastorno del Lenguaje de la Comunidad.<\/strong><\/em><!--more--><\/p>\n<div id=\"attachment_9373\" style=\"width: 310px\" class=\"wp-caption alignright\"><img loading=\"lazy\" decoding=\"async\" aria-describedby=\"caption-attachment-9373\" class=\"wp-image-9373 size-medium\" src=\"https:\/\/www.visionweb.com.ar\/wp-content\/uploads\/2023\/02\/CRIPTOGRAMAS-300x200.jpeg\" alt=\"\" width=\"300\" height=\"200\" srcset=\"https:\/\/www.visionweb.com.ar\/wp-content\/uploads\/2023\/02\/CRIPTOGRAMAS-300x200.jpeg 300w, https:\/\/www.visionweb.com.ar\/wp-content\/uploads\/2023\/02\/CRIPTOGRAMAS.jpeg 640w\" sizes=\"auto, (max-width: 300px) 100vw, 300px\" \/><p id=\"caption-attachment-9373\" class=\"wp-caption-text\"><em><strong>Grindetti, junto a Kravetz, reciben las explicaciones sobre el funcionamiento de este programa (Prensa Lan\u00fas)<\/strong><\/em><\/p><\/div>\n<p><strong>C<\/strong>on la mirada puesta en la consolidaci\u00f3n y la inclusi\u00f3n social de ni\u00f1os con dificultades para la comunicaci\u00f3n, el municipio de Lanus puso en\u00a0 marcha el programa \u00abPlazas 23\u00bb<\/p>\n<p>La presentaci\u00f3n de la iniciativas municipal estuvo a cargo del intendente de Lan\u00fas, N\u00e9stor Grindetti, junto al Jefe de Gabinete, Diego Kravetz,, en un acto que se realiz\u00f3 en\u00a0 en la Plaza Alajar\u00edn ubicada en Coronel Rauch y Dr. Melo, Remedios de Escalada.<\/p>\n<p>A partir de la inclusi\u00f3n de los pictogramas dentro de las zonas de juego como herramienta visual que facilita la Comprensi\u00f3n y la Comunicaci\u00f3n y sirve de apoyo para los ni\u00f1os de Espectro Autista, el jefe comunal destac\u00f3 que \u201cesto sirve para los chicos con dificultades para comunicarse. Todas las plazas van a estar con estos carteles inclusivos\u201d.<\/p>\n<p>\u201cSomos muchos vecino en Lan\u00fas, tenemos pocos espacios verdes. Ya se ven\u00eda trabajando en la remodelaci\u00f3n de plazas, pero este es mucho m\u00e1s intensivo. Vamos a estar interviniendo 15 plazas, m\u00e1s plazoletas con juegos inclusivos, bien enrejadas, etc\u201d, destac\u00f3 Grindetti.<\/p>\n<p><img loading=\"lazy\" decoding=\"async\" class=\"size-medium wp-image-9374 alignleft\" src=\"https:\/\/www.visionweb.com.ar\/wp-content\/uploads\/2023\/02\/CRIPTO-CHICOS-300x200.jpeg\" alt=\"\" width=\"300\" height=\"200\" srcset=\"https:\/\/www.visionweb.com.ar\/wp-content\/uploads\/2023\/02\/CRIPTO-CHICOS-300x200.jpeg 300w, https:\/\/www.visionweb.com.ar\/wp-content\/uploads\/2023\/02\/CRIPTO-CHICOS.jpeg 448w\" sizes=\"auto, (max-width: 300px) 100vw, 300px\" \/>Con respecto al enrejado en las mismas y su seguridad, Kravetz agreg\u00f3 que \u201ces para la seguridad de los chicos y evitar la vandalizaci\u00f3n. Es un resguardo para las familias de estar en un lugar adecuado y seguro\u201d.<\/p>\n<p>Entre las tareas contempladas, figuran la readecuaci\u00f3n de caminos, canteros, veredas, rampas, cordones, rejas, cestos y solados de caucho, como as\u00ed tambi\u00e9n, colocaci\u00f3n de mobiliario urbano, luminarias, zona de juegos y parquizaci\u00f3n.<\/p>\n<p>Las plazas alcanzadas por este programa son las siguientes: Alajar\u00edn, Gardel, Tacuar\u00ed, Arias, Constituci\u00f3n, Villa Obrera, 1\u00ba de Mayo, Ricardo\u00a0 Rojas, Dorrego, Sarmiento, Monteagudo y el Parque Lineal.<\/p>\n<p>Participaron del evento el secretario de Educaci\u00f3n, Empleo y Deportes, Dami\u00e1n Sala, la secretaria de Proyectos Estrat\u00e9gicos, Tamara Paladino, el secretario de Espacios y Servicios P\u00fablicos, Gast\u00f3n Cochello, el presidente del consejo escolar, Gustavo Lavezzi , el subsecretario de Control Comuna, Carlos Tagliafico y representantes de la secretar\u00eda de Desarrollo Urbano<strong>(VW)<\/strong>.<\/p>\n","protected":false},"excerpt":{"rendered":"<p>Esta iniciativa incluye la incorporaci\u00f3n de pictogramas dentro del \u00e1rea de juego para promover la Inclusi\u00f3n Social de las personas con alg\u00fan Trastorno del Lenguaje de la Comunidad.<\/p>\n","protected":false},"author":3,"featured_media":9373,"comment_status":"closed","ping_status":"closed","sticky":false,"template":"","format":"standard","meta":{"_monsterinsights_skip_tracking":false,"_monsterinsights_sitenote_active":false,"_monsterinsights_sitenote_note":"","_monsterinsights_sitenote_category":0,"footnotes":""},"categories":[1],"tags":[],"class_list":["post-9372","post","type-post","status-publish","format-standard","has-post-thumbnail","hentry","category-uncategorized"],"_links":{"self":[{"href":"https:\/\/www.visionweb.com.ar\/index.php?rest_route=\/wp\/v2\/posts\/9372","targetHints":{"allow":["GET"]}}],"collection":[{"href":"https:\/\/www.visionweb.com.ar\/index.php?rest_route=\/wp\/v2\/posts"}],"about":[{"href":"https:\/\/www.visionweb.com.ar\/index.php?rest_route=\/wp\/v2\/types\/post"}],"author":[{"embeddable":true,"href":"https:\/\/www.visionweb.com.ar\/index.php?rest_route=\/wp\/v2\/users\/3"}],"replies":[{"embeddable":true,"href":"https:\/\/www.visionweb.com.ar\/index.php?rest_route=%2Fwp%2Fv2%2Fcomments&post=9372"}],"version-history":[{"count":2,"href":"https:\/\/www.visionweb.com.ar\/index.php?rest_route=\/wp\/v2\/posts\/9372\/revisions"}],"predecessor-version":[{"id":9376,"href":"https:\/\/www.visionweb.com.ar\/index.php?rest_route=\/wp\/v2\/posts\/9372\/revisions\/9376"}],"wp:featuredmedia":[{"embeddable":true,"href":"https:\/\/www.visionweb.com.ar\/index.php?rest_route=\/wp\/v2\/media\/9373"}],"wp:attachment":[{"href":"https:\/\/www.visionweb.com.ar\/index.php?rest_route=%2Fwp%2Fv2%2Fmedia&parent=9372"}],"wp:term":[{"taxonomy":"category","embeddable":true,"href":"https:\/\/www.visionweb.com.ar\/index.php?rest_route=%2Fwp%2Fv2%2Fcategories&post=9372"},{"taxonomy":"post_tag","embeddable":true,"href":"https:\/\/www.visionweb.com.ar\/index.php?rest_route=%2Fwp%2Fv2%2Ftags&post=9372"}],"curies":[{"name":"wp","href":"https:\/\/api.w.org\/{rel}","templated":true}]}}