{"id":9363,"date":"2023-02-01T07:47:33","date_gmt":"2023-02-01T10:47:33","guid":{"rendered":"https:\/\/www.visionweb.com.ar\/?p=9363"},"modified":"2023-01-31T22:06:24","modified_gmt":"2023-02-01T01:06:24","slug":"censo-la-argentina-tiene-una-poblacion-de-46-044-703-habitantes","status":"publish","type":"post","link":"https:\/\/www.visionweb.com.ar\/?p=9363","title":{"rendered":"Censo: La Argentina tiene una poblaci\u00f3n de 46.044.703 habitantes"},"content":{"rendered":"<p><strong><em>El c\u00f3mputo definitivo dio un mill\u00f3n doscientos mil habitantes menos que en el provisorio.<\/em> El 51,76% son mujeres y el 48,22% son hombres, seg\u00fan los datos oficiales.<\/strong><!--more--><\/p>\n<p><img loading=\"lazy\" decoding=\"async\" class=\"size-medium wp-image-9364 alignright\" src=\"https:\/\/www.visionweb.com.ar\/wp-content\/uploads\/2023\/01\/CENSO-2022-300x166.png\" alt=\"\" width=\"300\" height=\"166\" srcset=\"https:\/\/www.visionweb.com.ar\/wp-content\/uploads\/2023\/01\/CENSO-2022-300x166.png 300w, https:\/\/www.visionweb.com.ar\/wp-content\/uploads\/2023\/01\/CENSO-2022.png 640w\" sizes=\"auto, (max-width: 300px) 100vw, 300px\" \/>La poblaci\u00f3n total en Argentina \u00abes de 46.044.703\u00bb, inform\u00f3 el director del Instituto Nacional de Estad\u00edstica y Censos (Indec), Marco Lavagna, en la presentaci\u00f3n de los resultados provisionales del Censo Nacional de Poblaci\u00f3n, Hogares y Viviendas 2022 que se realiz\u00f3 en las oficinas centrales del INDEC<\/p>\n<p>De esa cifra, el\u00a0<strong>51,76 por ciento son mujeres, mientras que el\u00a048,22 son hombres,<\/strong> y el 0,02 no se identific\u00f3 con ninguno de los dos g\u00e9neros, indic\u00f3 en la v\u00edspera el titular del INDEC, Marcos Lavagna..<\/p>\n<p>Adem\u00e1s, el organismo confirm\u00f3 que la informaci\u00f3n se\u00a0recab\u00f3 en 17.780.210 viviendas particulares y 25.501 compartidas.<\/p>\n<h3 style=\"text-align: center;\"><span style=\"color: #0000ff;\"><em><strong>La poblaci\u00f3n de Argentina aumento casi 6 millones, respecto del \u00faltimo censo realizado en 2010<\/strong><\/em>\u00a0<\/span><\/h3>\n<p>Respecto de la cantidad de habitantes por distrito, la provincia de <strong>Buenos Aires<\/strong>\u00a0es la m\u00e1s poblada, con un total de\u00a0<strong>17.569.053 habitantes.<\/strong><\/p>\n<p>La cifra incluye\u00a0 el conurbano y el resto de los partidos<strong>.<\/strong>\u00a0En\u00a0segundo lugar aparece\u00a0<strong>C\u00f3rdoba,<\/strong>\u00a0con 3.978.984, luego<strong>\u00a0Santa Fe<\/strong>\u00a0(3.556.522), la\u00a0<strong>Ciudad de Buenos Aires<\/strong>\u00a0(3.120.612) y\u00a0<strong>Mendoza<\/strong>\u00a0(2.014.533).<\/p>\n<div class=\"adserver-zonas-noticias\" data-index=\"2\">\n<div id=\"Parallax\">En el otro extremo, <strong>la provincia menos poblada es Tierra del\u00a0Fuego,<\/strong>\u00a0un distrito que tambi\u00e9n abarca a la Ant\u00e1rtida y las islas\u00a0del Atl\u00e1ntico Sur, con 190.641.<\/div>\n<\/div>\n<p>Se trata de un segundo informe con datos provisorios, que\u00a0muestran alrededor de un mill\u00f3n menos de habitantes en comparaci\u00f3n\u00a0con el anterior, que se hab\u00eda presentando tambi\u00e9n en el mes de\u00a0mayo.<\/p>\n<p>La nueva cifra, con m\u00e1s de 46 millones de pobladores,\u00a0representa un aumento de 5.927.607 personas con respecto al censo\u00a0anterior, que se hab\u00eda realizado en 2010.<\/p>\n<p>Los datos fueron presentados en una conferencia de prensa que\u00a0brind\u00f3 el titular del INDEC,\u00a0<strong>Marco Lavagna<\/strong>, junto a sus\u00a0colaboradores.<\/p>\n<p>El funcionario remarc\u00f3 que la participaci\u00f3n de la ciudadan\u00eda\u00a0<strong>\u00absuper\u00f3 las expectativas\u00bb,<\/strong>\u00a0y agreg\u00f3 que el censo abarc\u00f3 \u00abun\u00a0<strong>98,6\u00a0<\/strong>de los segmentos\u00bb, en referencia a los diferentes distritos de\u00a0todo el pa\u00eds.<\/p>\n<p>Lavagna subray\u00f3 tambi\u00e9n que \u00ab<strong>un 65 por ciento de la gente\u00a0utiliz\u00f3 el tel\u00e9fono celular<\/strong>, mientras que un 35 por ciento complet\u00f3 la informaci\u00f3n a trav\u00e9s de una computadora\u00bb.<strong>(VW)<\/strong><\/p>\n","protected":false},"excerpt":{"rendered":"<p>El c\u00f3mputo definitivo dio un mill\u00f3n doscientos mil habitantes menos que en el provisorio. El 51,76% son mujeres y el 48,22% son hombres, seg\u00fan los datos oficiales.<\/p>\n","protected":false},"author":3,"featured_media":9364,"comment_status":"closed","ping_status":"closed","sticky":false,"template":"","format":"standard","meta":{"_monsterinsights_skip_tracking":false,"_monsterinsights_sitenote_active":false,"_monsterinsights_sitenote_note":"","_monsterinsights_sitenote_category":0,"footnotes":""},"categories":[8],"tags":[553,3897,75,197],"class_list":["post-9363","post","type-post","status-publish","format-standard","has-post-thumbnail","hentry","category-interes-general","tag-censo","tag-habitantes","tag-indec","tag-poblacion"],"_links":{"self":[{"href":"https:\/\/www.visionweb.com.ar\/index.php?rest_route=\/wp\/v2\/posts\/9363","targetHints":{"allow":["GET"]}}],"collection":[{"href":"https:\/\/www.visionweb.com.ar\/index.php?rest_route=\/wp\/v2\/posts"}],"about":[{"href":"https:\/\/www.visionweb.com.ar\/index.php?rest_route=\/wp\/v2\/types\/post"}],"author":[{"embeddable":true,"href":"https:\/\/www.visionweb.com.ar\/index.php?rest_route=\/wp\/v2\/users\/3"}],"replies":[{"embeddable":true,"href":"https:\/\/www.visionweb.com.ar\/index.php?rest_route=%2Fwp%2Fv2%2Fcomments&post=9363"}],"version-history":[{"count":2,"href":"https:\/\/www.visionweb.com.ar\/index.php?rest_route=\/wp\/v2\/posts\/9363\/revisions"}],"predecessor-version":[{"id":9366,"href":"https:\/\/www.visionweb.com.ar\/index.php?rest_route=\/wp\/v2\/posts\/9363\/revisions\/9366"}],"wp:featuredmedia":[{"embeddable":true,"href":"https:\/\/www.visionweb.com.ar\/index.php?rest_route=\/wp\/v2\/media\/9364"}],"wp:attachment":[{"href":"https:\/\/www.visionweb.com.ar\/index.php?rest_route=%2Fwp%2Fv2%2Fmedia&parent=9363"}],"wp:term":[{"taxonomy":"category","embeddable":true,"href":"https:\/\/www.visionweb.com.ar\/index.php?rest_route=%2Fwp%2Fv2%2Fcategories&post=9363"},{"taxonomy":"post_tag","embeddable":true,"href":"https:\/\/www.visionweb.com.ar\/index.php?rest_route=%2Fwp%2Fv2%2Ftags&post=9363"}],"curies":[{"name":"wp","href":"https:\/\/api.w.org\/{rel}","templated":true}]}}