{"id":9340,"date":"2023-02-03T07:16:17","date_gmt":"2023-02-03T10:16:17","guid":{"rendered":"https:\/\/www.visionweb.com.ar\/?p=9340"},"modified":"2023-02-03T07:44:42","modified_gmt":"2023-02-03T10:44:42","slug":"la-temperatura-de-los-oceanos-volvio-a-aumentar-en-2022","status":"publish","type":"post","link":"https:\/\/www.visionweb.com.ar\/?p=9340","title":{"rendered":"La temperatura de los oc\u00e9anos volvi\u00f3 a aumentar en 2022"},"content":{"rendered":"<p><em><strong>Con el calentamiento del agua baja el nivel de ox\u00edgeno. El calor total contenido entre la superficie y una profundidad de 2 mil metros aument\u00f3 el a\u00f1o pasado el equivalente a 100 veces la producci\u00f3n de electricidad en todo el mundo.<\/strong><\/em><!--more--><\/p>\n<div id=\"attachment_9341\" style=\"width: 310px\" class=\"wp-caption alignright\"><img loading=\"lazy\" decoding=\"async\" aria-describedby=\"caption-attachment-9341\" class=\"wp-image-9341 size-medium\" src=\"https:\/\/www.visionweb.com.ar\/wp-content\/uploads\/2023\/01\/oceanos-aumento-de-temperatura-300x193.jpg\" alt=\"\" width=\"300\" height=\"193\" srcset=\"https:\/\/www.visionweb.com.ar\/wp-content\/uploads\/2023\/01\/oceanos-aumento-de-temperatura-300x193.jpg 300w, https:\/\/www.visionweb.com.ar\/wp-content\/uploads\/2023\/01\/oceanos-aumento-de-temperatura.bmp 429w\" sizes=\"auto, (max-width: 300px) 100vw, 300px\" \/><p id=\"caption-attachment-9341\" class=\"wp-caption-text\">Imagen de internet<\/p><\/div>\n<p><strong>\u00a0 \u00a0 L<\/strong>a temperatura de los oc\u00e9anos volvi\u00f3 a incrementarse durante 2022 y super\u00f3 el r\u00e9cord anterior de 2021,<strong>\u00a0<\/strong><strong>seg\u00fan un estudio publicado por la revista cient\u00edfica Advances in Atmospheric Sciences.<\/strong><\/p>\n<p><strong>\u00a0<\/strong><strong>E<\/strong>n el informe se advierte que\u00a0<strong>este constante ascenso \u00abes el resultado inevitable del desequilibrio energ\u00e9tico de la Tierra, asociado principalmente con el aumento de las concentraciones de gases de efecto invernadero\u00bb.<\/strong><\/p>\n<p>\u00abLa tendencia del calentamiento global a largo plazo es tan constante y robusta que se siguen estableciendo r\u00e9cords anuales con cada nuevo a\u00f1o. El calentamiento se ha acelerado en las \u00faltimas d\u00e9cadas, con un tasa m\u00e1s r\u00e1pida de calentamiento evidente desde aproximadamente 1990\u00bb, concluy\u00f3 el trabajo cient\u00edfico.<\/p>\n<p>Seg\u00fan los investigadores,\u00a0<strong>el calor total contenido en los oc\u00e9anos entre la superficie y una profundidad de 2.000 metros aument\u00f3 el a\u00f1o pasado en 10 zettajulios<\/strong>, es decir, 1 julio (medida b\u00e1sica de calor) seguido de 22 ceros.<\/p>\n<p>\u00abEl calentamiento se ha acelerado en las \u00faltimas d\u00e9cadas, con un tasa m\u00e1s r\u00e1pida de calentamiento evidente desde aproximadamente 1990\u00bb<\/p>\n<p><strong>Esa cifra equivale aproximadamente a 100 veces la producci\u00f3n de electricidad en todo el mundo en 2022.<\/strong><\/p>\n<p>Entre siete regiones, cuatro cuencas (el Pac\u00edfico Norte, el Atl\u00e1ntico Norte, el Mar Mediterr\u00e1neo y los oc\u00e9anos del sur) registraron el calor m\u00e1s alto desde la d\u00e9cada de 1950.<\/p>\n<p><strong>La investigaci\u00f3n tambi\u00e9n mostr\u00f3 que aument\u00f3 el \u00edndice del sistema de carbonatos<\/strong>\u00a0(SC index) \u00ablo que significa anomal\u00edas de salinidad m\u00e1s extremas y una huella de amplificaci\u00f3n del ciclo global del agua en la parte superior del oc\u00e9ano\u00bb.<\/p>\n<p>Adem\u00e1s,\u00a0<strong>se detect\u00f3 un aumento sostenido en la estratificaci\u00f3n de los oc\u00e9anos<\/strong>, esto es, la separaci\u00f3n de las aguas seg\u00fan sus propiedades (salinidad, oxigenaci\u00f3n, densidad, temperatura), en capas que no se mezclan, lo que puede alterar la forma en que se intercambian el calor, el carbono y el ox\u00edgeno entre el oc\u00e9ano y la atm\u00f3sfera que se encuentra sobre \u00e9l.<\/p>\n<p><strong>\u00abLos oc\u00e9anos absorben casi todo el calor causado por las emisiones de di\u00f3xido de carbono de la humanidad\u00bb, record\u00f3 Michael Mann, profesor de la universidad de Pensilvania y coautor del estudio<\/strong>, seg\u00fan inform\u00f3 la agencia de noticias AFP.<\/p>\n<p>Y continu\u00f3: \u00abEse calentamiento continuar\u00e1 hasta que logremos la neutralidad carbono, por lo que seguiremos batiendo r\u00e9cords.<\/p>\n<p><strong>El fen\u00f3meno de calentamiento empez\u00f3 a ser detectado a finales de la d\u00e9cada de 1950.<\/strong><\/p>\n<p>Con el calentamiento del agua baja el nivel de ox\u00edgeno, lo que es \u00abuna pesadilla no solamente para la vida acu\u00e1tica y los ecosistemas, sino tambi\u00e9n para los seres humanos y nuestros ecosistemas terrestres\u00bb, indicaron los investigadores en el reporte. <strong>(VW)<\/strong><\/p>\n","protected":false},"excerpt":{"rendered":"<p>Con el calentamiento del agua baja el nivel de ox\u00edgeno. El calor total contenido entre la superficie y una profundidad de 2 mil metros aument\u00f3 el a\u00f1o pasado el equivalente a 100 veces la&#46;&#46;&#46;<\/p>\n","protected":false},"author":4,"featured_media":9341,"comment_status":"closed","ping_status":"closed","sticky":false,"template":"","format":"standard","meta":{"_monsterinsights_skip_tracking":false,"_monsterinsights_sitenote_active":false,"_monsterinsights_sitenote_note":"","_monsterinsights_sitenote_category":0,"footnotes":""},"categories":[8],"tags":[3886,3887,74,3888],"class_list":["post-9340","post","type-post","status-publish","format-standard","has-post-thumbnail","hentry","category-interes-general","tag-aumento-de-la-temperatura-de-los-oceanos","tag-calentamiento-del-agua","tag-investigacion","tag-revista-cientifica-advances"],"_links":{"self":[{"href":"https:\/\/www.visionweb.com.ar\/index.php?rest_route=\/wp\/v2\/posts\/9340","targetHints":{"allow":["GET"]}}],"collection":[{"href":"https:\/\/www.visionweb.com.ar\/index.php?rest_route=\/wp\/v2\/posts"}],"about":[{"href":"https:\/\/www.visionweb.com.ar\/index.php?rest_route=\/wp\/v2\/types\/post"}],"author":[{"embeddable":true,"href":"https:\/\/www.visionweb.com.ar\/index.php?rest_route=\/wp\/v2\/users\/4"}],"replies":[{"embeddable":true,"href":"https:\/\/www.visionweb.com.ar\/index.php?rest_route=%2Fwp%2Fv2%2Fcomments&post=9340"}],"version-history":[{"count":1,"href":"https:\/\/www.visionweb.com.ar\/index.php?rest_route=\/wp\/v2\/posts\/9340\/revisions"}],"predecessor-version":[{"id":9342,"href":"https:\/\/www.visionweb.com.ar\/index.php?rest_route=\/wp\/v2\/posts\/9340\/revisions\/9342"}],"wp:featuredmedia":[{"embeddable":true,"href":"https:\/\/www.visionweb.com.ar\/index.php?rest_route=\/wp\/v2\/media\/9341"}],"wp:attachment":[{"href":"https:\/\/www.visionweb.com.ar\/index.php?rest_route=%2Fwp%2Fv2%2Fmedia&parent=9340"}],"wp:term":[{"taxonomy":"category","embeddable":true,"href":"https:\/\/www.visionweb.com.ar\/index.php?rest_route=%2Fwp%2Fv2%2Fcategories&post=9340"},{"taxonomy":"post_tag","embeddable":true,"href":"https:\/\/www.visionweb.com.ar\/index.php?rest_route=%2Fwp%2Fv2%2Ftags&post=9340"}],"curies":[{"name":"wp","href":"https:\/\/api.w.org\/{rel}","templated":true}]}}