{"id":9333,"date":"2023-02-01T07:10:25","date_gmt":"2023-02-01T10:10:25","guid":{"rendered":"https:\/\/www.visionweb.com.ar\/?p=9333"},"modified":"2023-01-27T17:03:19","modified_gmt":"2023-01-27T20:03:19","slug":"dany-pereyra-reflexiones-de-un-impecable-musico-que-no-para","status":"publish","type":"post","link":"https:\/\/www.visionweb.com.ar\/?p=9333","title":{"rendered":"Dany Pereyra: Reflexiones de un impecable m\u00fasico que no para"},"content":{"rendered":"<p><strong><em>Y se las trae: \u201cSiento que la m\u00fasica salva mi vida todo el tiempo\u201d. \u201cLos cantautores en general cotizamos menos que la carne\u201d. \u201cNo solemos tener un mercado muy importante\u201d, expres\u00f3 Dany.<\/em><\/strong><strong><em>\u00a0<\/em><\/strong><!--more--><\/p>\n<div id=\"attachment_9334\" style=\"width: 263px\" class=\"wp-caption alignright\"><img loading=\"lazy\" decoding=\"async\" aria-describedby=\"caption-attachment-9334\" class=\"wp-image-9334 size-medium\" src=\"https:\/\/www.visionweb.com.ar\/wp-content\/uploads\/2023\/01\/Dany-2-253x300.jpg\" alt=\"\" width=\"253\" height=\"300\" srcset=\"https:\/\/www.visionweb.com.ar\/wp-content\/uploads\/2023\/01\/Dany-2-253x300.jpg 253w, https:\/\/www.visionweb.com.ar\/wp-content\/uploads\/2023\/01\/Dany-2.jpg 354w\" sizes=\"auto, (max-width: 253px) 100vw, 253px\" \/><p id=\"caption-attachment-9334\" class=\"wp-caption-text\">Dany Pereyra en el encuentro en Visi\u00f3n de Radio (AM 1470 Radio Cadena)<\/p><\/div>\n<p><strong>U<\/strong>n m\u00fasico con todas las letras, y de su autor\u00eda; una expresi\u00f3n al arte en general que concentra los rasgos de su historia y la ofrece a los dem\u00e1s con pura calidad y sencillez, as\u00ed es Daniel Pereyra: cantautor, compositor, escritor, piloto, m\u00fasico, periodista, pero por sobre todo eso, energ\u00eda pura, ingenio, y tambi\u00e9n humor.<\/p>\n<p>\u201c<strong>Agradezco en nombre de todos los independientes que nos abran las puertas de este m\u00e1gico mundo que es la radio<\/strong>\u201d, as\u00ed comenz\u00f3 el di\u00e1logo con <strong><em>Visi\u00f3n de Radio<\/em><\/strong>.<\/p>\n<p>Y con la sencillez de un grande, disert\u00f3: \u201c<strong>Los desconocidos no tenemos el acceso a medios importantes<\/strong> y la difusi\u00f3n depende de esto, que es el boca en boca, de unos amigos que tienen la generosidad de compartir micr\u00f3fono, y <strong>una radio que se manifiesta para permitir la m\u00fasica<\/strong>\u201d.<\/p>\n<p><em>VR<\/em>: C\u00f3mo fue el papel de la m\u00fasica en pandemia? \u201cA veces pienso que peco de exagerado cuando digo que <strong>la m\u00fasica puede salvar vidas<\/strong>\u201d, arranc\u00f3 Pereyra.<\/p>\n<p>Y sigui\u00f3: \u201cYo soy testigo de vidas que fueron salvadas por la m\u00fasica, y <strong>siento que la m\u00fasica salva mi vida todo el tiempo<\/strong>\u201d.<\/p>\n<p>En pandemia, \u201cCuando la falta de acceso a la comunicaci\u00f3n directa entre las personas (nuevamente bendita sea la radio por ser el medio por excelencia de comunicaci\u00f3n),\u00a0 la m\u00fasica, el arte en general, tom\u00f3 una relevancia important\u00edsima\u201d, detall\u00f3.<\/p>\n<p>Para Dany, la m\u00fasica es un bien intangible: \u201cCu\u00e1nto mide, cu\u00e1nto pesa una canci\u00f3n, cu\u00e1nto vale? Entonces, digo que justamente algo que no se puede pesar, que no se puede medir, y puede hacerte llorar, o puede hacerte sonre\u00edr, es sumamente importante\u201d, expres\u00f3.<\/p>\n<p>Tambi\u00e9n explic\u00f3 c\u00f3mo en pandemia tomaron relevancia los libros, la percepci\u00f3n de las pinturas, los medios, y hubo un gran desarrollo de la tecnolog\u00eda, por ejemplo los streamings.<\/p>\n<p>En ese sentido, record\u00f3 que: \u201cFueron tecnolog\u00edas que se desarrollaron r\u00e1pido y un poco a la fuerza, y las que exist\u00edan se mejoraron. Por eso <strong>en cada crisis aprendemos algo<\/strong>, como por ejemplo, hacer m\u00fasica a distancia, componer v\u00eda zoom, editar partes de canciones para luego hacer videos, y compartir con todos\u201d.<\/p>\n<p>\u201cLa m\u00fasica en la pandemia tuvo un rol protag\u00f3nico en el soporte espiritual de las personas\u201d, dijo Dany.<\/p>\n<p>En cuanto al balance 2022, fue m\u00e1s picante: La industria de la m\u00fasica, ll\u00e1mese el gran mercado de la m\u00fasica, se est\u00e1 nutriendo de muchas cosas que apuntan a un p\u00fablico de baja exigencia\u201d, explic\u00f3.<\/p>\n<p>Y record\u00f3 que \u201cNuestra generaci\u00f3n tuvo la suerte de ser testigo de producciones musicales que empezaron en los 50 a los 80 que era de alt\u00edsima calidad. Y sigue habiendo j\u00f3venes que producen m\u00fasica de excelente calidad, pero es claro que no tienen acceso al mercado masivo\u201d remarc\u00f3.<\/p>\n<p>\u201cLa gente en general compra productos industrializados, que si los\u00a0 vemos finito, se parecen mucho entre s\u00ed, tambi\u00e9n se ha dejado un poco el consumo de la poes\u00eda dentro de la m\u00fasica, que es todo lo que se escucha por ah\u00ed\u201d.<\/p>\n<p>\u201cPor eso agradezco a\u00a0 las radios que aceptan m\u00fasicos independientes en sus micr\u00f3fonos\u201d, dijo, y ahond\u00f3: \u201cLas discogr\u00e1ficas no se interesan en algo que no tenga asegurado un consumo masivo\u201d.<\/p>\n<p><em>VR<\/em>: C\u00f3mo proyectas este a\u00f1o: \u201c<strong>Seguir, es lo que pienso hacer<\/strong>\u201d.<\/p>\n<p>Y habl\u00f3 del d\u00eda a d\u00eda, de los proyectos, vocaci\u00f3n e ilusiones \u201cque te mantienen a flote, y <strong>te sacan de la cabeza la mediocridad a la que estamos expuestos<\/strong>\u201d.<\/p>\n<p>\u201cLas personas que no encuentran como DECIR lo que les pasa, se transforman en lo que la sociedad llama adictos, y la misma palabra lo explica, no poder decir\u201d.<\/p>\n<p>\u201cQuienes encontramos en el arte, ya sea pintar, cantar, tocar un instrumento, escribir, ya <strong>encontramos un camino, y lo mejor es aferrarnos a \u00e9l: a una forma de DECIR<\/strong>\u201d, concluy\u00f3 Daniel Pereyra. <strong>(VW)<\/strong><\/p>\n<p>&nbsp;<\/p>\n<p>&nbsp;<\/p>\n<p>&nbsp;<\/p>\n","protected":false},"excerpt":{"rendered":"<p>Y se las trae: \u201cSiento que la m\u00fasica salva mi vida todo el tiempo\u201d. \u201cLos cantautores en general cotizamos menos que la carne\u201d. \u201cNo solemos tener un mercado muy importante\u201d, expres\u00f3 Dany.\u00a0<\/p>\n","protected":false},"author":4,"featured_media":9334,"comment_status":"closed","ping_status":"closed","sticky":false,"template":"","format":"standard","meta":{"_monsterinsights_skip_tracking":false,"_monsterinsights_sitenote_active":false,"_monsterinsights_sitenote_note":"","_monsterinsights_sitenote_category":0,"footnotes":""},"categories":[8],"tags":[3879,3878,3358,3880],"class_list":["post-9333","post","type-post","status-publish","format-standard","has-post-thumbnail","hentry","category-interes-general","tag-cantautor","tag-daniel-pereyra","tag-musico","tag-vision-de-radio"],"_links":{"self":[{"href":"https:\/\/www.visionweb.com.ar\/index.php?rest_route=\/wp\/v2\/posts\/9333","targetHints":{"allow":["GET"]}}],"collection":[{"href":"https:\/\/www.visionweb.com.ar\/index.php?rest_route=\/wp\/v2\/posts"}],"about":[{"href":"https:\/\/www.visionweb.com.ar\/index.php?rest_route=\/wp\/v2\/types\/post"}],"author":[{"embeddable":true,"href":"https:\/\/www.visionweb.com.ar\/index.php?rest_route=\/wp\/v2\/users\/4"}],"replies":[{"embeddable":true,"href":"https:\/\/www.visionweb.com.ar\/index.php?rest_route=%2Fwp%2Fv2%2Fcomments&post=9333"}],"version-history":[{"count":1,"href":"https:\/\/www.visionweb.com.ar\/index.php?rest_route=\/wp\/v2\/posts\/9333\/revisions"}],"predecessor-version":[{"id":9335,"href":"https:\/\/www.visionweb.com.ar\/index.php?rest_route=\/wp\/v2\/posts\/9333\/revisions\/9335"}],"wp:featuredmedia":[{"embeddable":true,"href":"https:\/\/www.visionweb.com.ar\/index.php?rest_route=\/wp\/v2\/media\/9334"}],"wp:attachment":[{"href":"https:\/\/www.visionweb.com.ar\/index.php?rest_route=%2Fwp%2Fv2%2Fmedia&parent=9333"}],"wp:term":[{"taxonomy":"category","embeddable":true,"href":"https:\/\/www.visionweb.com.ar\/index.php?rest_route=%2Fwp%2Fv2%2Fcategories&post=9333"},{"taxonomy":"post_tag","embeddable":true,"href":"https:\/\/www.visionweb.com.ar\/index.php?rest_route=%2Fwp%2Fv2%2Ftags&post=9333"}],"curies":[{"name":"wp","href":"https:\/\/api.w.org\/{rel}","templated":true}]}}