{"id":9321,"date":"2023-01-27T16:13:30","date_gmt":"2023-01-27T19:13:30","guid":{"rendered":"https:\/\/www.visionweb.com.ar\/?p=9321"},"modified":"2023-01-27T16:13:30","modified_gmt":"2023-01-27T19:13:30","slug":"acumar-publico-un-nuevo-libro-sobre-experiencias-docentes-en-la-cuenca-en-el-dia-de-la-educacion-ambiental","status":"publish","type":"post","link":"https:\/\/www.visionweb.com.ar\/?p=9321","title":{"rendered":"ACUMAR public\u00f3 un nuevo libro sobre experiencias docentes en la Cuenca, en el D\u00eda de la Educaci\u00f3n Ambiental"},"content":{"rendered":"<p><em>La Autoridad<\/em><em> de Cuenca Matanza Riachuelo public\u00f3 un \u00a0nuevo material con relatos en primera persona de docentes que trabajan en la Cuenca con el objetivo de compartir sus experiencias pedag\u00f3gicas y saberes en torno a la educaci\u00f3n ambiental.<\/em><em>\u00a0<\/em><!--more--><\/p>\n<div id=\"attachment_9322\" style=\"width: 310px\" class=\"wp-caption alignright\"><img loading=\"lazy\" decoding=\"async\" aria-describedby=\"caption-attachment-9322\" class=\"wp-image-9322 size-medium\" src=\"https:\/\/www.visionweb.com.ar\/wp-content\/uploads\/2023\/01\/acumar-educac-ambiental2-300x176.jpg\" alt=\"\" width=\"300\" height=\"176\" srcset=\"https:\/\/www.visionweb.com.ar\/wp-content\/uploads\/2023\/01\/acumar-educac-ambiental2-300x176.jpg 300w, https:\/\/www.visionweb.com.ar\/wp-content\/uploads\/2023\/01\/acumar-educac-ambiental2.bmp 462w\" sizes=\"auto, (max-width: 300px) 100vw, 300px\" \/><p id=\"caption-attachment-9322\" class=\"wp-caption-text\">Foto: gentileza Prensa de ACUMAR<\/p><\/div>\n<p><strong> E<\/strong>n el marco del D\u00eda Mundial de la Educaci\u00f3n Ambiental, que se celebra cada 26 de enero, y como parte de las acciones que ACUMAR<strong>\u00a0<\/strong>lleva adelante para promover su desarrollo en el sistema educativo, ya se encuentra disponible la nueva edici\u00f3n del libro \u201c<a href=\"https:\/\/acumar.tr.pemsv04.net\/c\/eyJhIjoiYWN1bWFyIiwibSI6Im1haWxfY2xkZGdmOHlqMDltcjA5NjA5M3NydTYwaSIsImwiOiJsaW5rXzU4MTVhNjk2MzFlYjc2MjZmNTdlNGVhNTAxMzE1OGYyNGYzZGEwOGIiLCJpIjpbXSwidSI6Imh0dHBzOi8vd3d3LmFjdW1hci5nb2IuYXIvbWF0ZXJpYWxlcy9kb2N1bWVudGFjaW9uLW5hcnJhdGl2YS1leHBlcmllbmNpYXMtcGVkYWdvZ2ljYXMtMi8iLCJjIjoiIiwiaCI6ImI1NmE2NSJ9\">Documentaci\u00f3n Narrativa de Experiencias Pedag\u00f3gicas. Relatos de Educaci\u00f3n Ambiental en la Cuenca Matanza Riachuelo. Volumen II<\/a>\u201d.<\/p>\n<p>La iniciativa se enmarca en el programa\u00a0<a href=\"https:\/\/acumar.tr.pemsv04.net\/c\/eyJhIjoiYWN1bWFyIiwibSI6Im1haWxfY2xkZGdmOHlqMDltcjA5NjA5M3NydTYwaSIsImwiOiJsaW5rX2FiZGU2ZDY2NDI1NjQxODQxNDJlMTE4ODIwNmIyMWJhMTMzZWZkYmEiLCJpIjpbXSwidSI6Imh0dHBzOi8vd3d3LmFjdW1hci5nb2IuYXIvZWR1Y2FjaW9uLWFtYmllbnRhbC9lc2N1ZWxhcy1wb3ItbGEtY3VlbmNhLyIsImMiOiIiLCJoIjoiYTlkMWNkIn0\">Escuelas por la Cuenca<\/a>\u00a0y en la l\u00ednea de trabajo de formaci\u00f3n docente que lleva adelante\u00a0ACUMAR, as\u00ed como en el objetivo de la implementaci\u00f3n de la Estrategia Nacional de Educaci\u00f3n Ambiental Integral que plantea la Ley 27.621 vinculado a \u201ccrear un repositorio de experiencias de educaci\u00f3n ambiental integral accesible por procedimientos inform\u00e1ticos v\u00eda internet\u201d, indic\u00f3 Prensa de ACUMAR.<\/p>\n<p>\u201cEs una gran alegr\u00eda presentar un segundo volumen de esta publicaci\u00f3n que busca acercar proyectos y experiencias inspiradoras de Educaci\u00f3n Ambiental\u201d, destaca en el pr\u00f3logo de la publicaci\u00f3n el presidente de\u00a0ACUMAR, Mart\u00edn Sabbatella.<\/p>\n<p>\u201cMis felicitaciones y agradecimiento a cada docente por el profundo compromiso que muestra cada uno de los proyectos que integran esta publicaci\u00f3n y que son parte de una extensa comunidad educativa que, a lo largo de la Cuenca Matanza Riachuelo, trabaja todos los d\u00edas para construir un futuro mejor junto a sus estudiantes\u201d, agrega Sabbatella.<\/p>\n<p>Tras la exitosa experiencia llevada adelante en la elaboraci\u00f3n del\u00a0<a href=\"https:\/\/acumar.tr.pemsv04.net\/c\/eyJhIjoiYWN1bWFyIiwibSI6Im1haWxfY2xkZGdmOHlqMDltcjA5NjA5M3NydTYwaSIsImwiOiJsaW5rXzI1MGYwZmM4NzBlODk5NjFmMGUyNThiN2QxOTJkYTBhMTg4ZGRhYzUiLCJpIjpbXSwidSI6Imh0dHBzOi8vd3d3LmFjdW1hci5nb2IuYXIvcHJlbnNhL3ByZXNlbnRhbW9zLWVsLWxpYnJvLWRlLWV4cGVyaWVuY2lhcy1wZWRhZ29naWNhcy1kZS1sYS1jdWVuY2EvIiwiYyI6IiIsImgiOiJjOTRjMTgifQ\">primer volumen<\/a>\u00a0y la positiva recepci\u00f3n que el material tuvo, la Autoridad de Cuenca decidi\u00f3 impulsar una nueva edici\u00f3n del Taller de Documentaci\u00f3n Narrativa de Experiencias Pedag\u00f3gicas, coordinado por integrantes del Grupo Memoria Docente y Documentaci\u00f3n Pedag\u00f3gica, y el Programa Red de Formaci\u00f3n Docente y Narrativas Pedag\u00f3gicas de la Facultad de Filosof\u00eda y Letras de la Universidad de Buenos Aires.<\/p>\n<p>Comparten sus experiencias en esta segunda edici\u00f3n las, les y los docentes Ale Gre\u00f1o, Alicia Peralta y Andrea Raffa de Avellaneda; M\u00f3nica Lamas, Juan L\u00f3pez, Giselle Romano y Carla Wurman de CABA; Diego Fern\u00e1ndez de La Matanza; Graciela Handrujovicz de Lan\u00fas; Patricia Gonz\u00e1lez y Olga Vera de Merlo; y Raquel Brizuela y Natalia Ocampo de San Vicente. <strong>(VW)<\/strong><\/p>\n<p>&nbsp;<\/p>\n","protected":false},"excerpt":{"rendered":"<p>La Autoridad de Cuenca Matanza Riachuelo public\u00f3 un \u00a0nuevo material con relatos en primera persona de docentes que trabajan en la Cuenca con el objetivo de compartir sus experiencias pedag\u00f3gicas y saberes en torno&#46;&#46;&#46;<\/p>\n","protected":false},"author":4,"featured_media":9322,"comment_status":"closed","ping_status":"closed","sticky":false,"template":"","format":"standard","meta":{"_monsterinsights_skip_tracking":false,"_monsterinsights_sitenote_active":false,"_monsterinsights_sitenote_note":"","_monsterinsights_sitenote_category":0,"footnotes":""},"categories":[8,5],"tags":[442,3869,2305],"class_list":["post-9321","post","type-post","status-publish","format-standard","has-post-thumbnail","hentry","category-interes-general","category-sociedad","tag-acumar","tag-experiencias-docentes","tag-sabbatella"],"_links":{"self":[{"href":"https:\/\/www.visionweb.com.ar\/index.php?rest_route=\/wp\/v2\/posts\/9321","targetHints":{"allow":["GET"]}}],"collection":[{"href":"https:\/\/www.visionweb.com.ar\/index.php?rest_route=\/wp\/v2\/posts"}],"about":[{"href":"https:\/\/www.visionweb.com.ar\/index.php?rest_route=\/wp\/v2\/types\/post"}],"author":[{"embeddable":true,"href":"https:\/\/www.visionweb.com.ar\/index.php?rest_route=\/wp\/v2\/users\/4"}],"replies":[{"embeddable":true,"href":"https:\/\/www.visionweb.com.ar\/index.php?rest_route=%2Fwp%2Fv2%2Fcomments&post=9321"}],"version-history":[{"count":1,"href":"https:\/\/www.visionweb.com.ar\/index.php?rest_route=\/wp\/v2\/posts\/9321\/revisions"}],"predecessor-version":[{"id":9323,"href":"https:\/\/www.visionweb.com.ar\/index.php?rest_route=\/wp\/v2\/posts\/9321\/revisions\/9323"}],"wp:featuredmedia":[{"embeddable":true,"href":"https:\/\/www.visionweb.com.ar\/index.php?rest_route=\/wp\/v2\/media\/9322"}],"wp:attachment":[{"href":"https:\/\/www.visionweb.com.ar\/index.php?rest_route=%2Fwp%2Fv2%2Fmedia&parent=9321"}],"wp:term":[{"taxonomy":"category","embeddable":true,"href":"https:\/\/www.visionweb.com.ar\/index.php?rest_route=%2Fwp%2Fv2%2Fcategories&post=9321"},{"taxonomy":"post_tag","embeddable":true,"href":"https:\/\/www.visionweb.com.ar\/index.php?rest_route=%2Fwp%2Fv2%2Ftags&post=9321"}],"curies":[{"name":"wp","href":"https:\/\/api.w.org\/{rel}","templated":true}]}}