{"id":9314,"date":"2023-01-27T11:27:59","date_gmt":"2023-01-27T14:27:59","guid":{"rendered":"https:\/\/www.visionweb.com.ar\/?p=9314"},"modified":"2023-01-27T11:34:28","modified_gmt":"2023-01-27T14:34:28","slug":"la-laguna-de-san-vicente-casi-sin-agua-en-una-sequia-historica","status":"publish","type":"post","link":"https:\/\/www.visionweb.com.ar\/?p=9314","title":{"rendered":"La Laguna de San Vicente casi sin agua en una sequ\u00eda hist\u00f3rica"},"content":{"rendered":"<p><em><strong>En la actualidad, alrededor de la mitad de las 30 hect\u00e1reas de superficie de la laguna de San Vicente no contienen m\u00e1s agua,\u00a0 afecta a la actividad tur\u00edstica y a la producci\u00f3n agropecuaria.<\/strong><\/em><!--more--><\/p>\n<div id=\"attachment_9315\" style=\"width: 310px\" class=\"wp-caption alignright\"><img loading=\"lazy\" decoding=\"async\" aria-describedby=\"caption-attachment-9315\" class=\"wp-image-9315 size-medium\" src=\"https:\/\/www.visionweb.com.ar\/wp-content\/uploads\/2023\/01\/LAGUNA-SAN-VICENTE-300x169.jpg\" alt=\"\" width=\"300\" height=\"169\" srcset=\"https:\/\/www.visionweb.com.ar\/wp-content\/uploads\/2023\/01\/LAGUNA-SAN-VICENTE-300x169.jpg 300w, https:\/\/www.visionweb.com.ar\/wp-content\/uploads\/2023\/01\/LAGUNA-SAN-VICENTE.bmp 640w\" sizes=\"auto, (max-width: 300px) 100vw, 300px\" \/><p id=\"caption-attachment-9315\" class=\"wp-caption-text\"><em><strong>La Laguna San Vicente, por la sequ\u00eda se convirti\u00f3 en un p\u00e1ramo casi desierto. (Imagen: YouTube)<\/strong><\/em><\/p><\/div>\n<p><strong>\u00a0 \u00a0 \u00a0 \u00a0 L<\/strong>a sequ\u00eda de los\u00a0 \u00faltimos meses, adem\u00e1s de afectar a la producci\u00f3n agropecuaria, sobre cuyos da\u00f1os los periodistas especializados\u00a0 redactaron miles de caracteres, los sistemas lacustres bonaerenses tambi\u00e9n fueron castigados por el fen\u00f3meno clim\u00e1tico.<\/p>\n<p>Lo cierto es que espejos de agua como los\u00a0 Chascom\u00fas, Saladillo, Navarro, Monte, Lobos, 25 de Mayo, Jun\u00edn, Las Flores, Roque P\u00e9rez, Bragado y Villa Ca\u00f1\u00e1s, entre otros, perdieron su brillo y hasta dejaron de ser, al menos por ahora, una alternativa para el miniturismo, con todo lo que trae aparejado.<\/p>\n<p>La combinaci\u00f3n de factores como el calor y la falta de precipitaciones que afecta al territorio bonaerense desde el invierno pasado, gener\u00f3 una sequ\u00eda hist\u00f3rica que afect\u00f3 al espejo de agua de San Vicente en la mitad de su superficie, al tiempo que castiga tambi\u00e9n a las lagunas de Chascom\u00fas, Saladillo, Navarro, Monte y Lobos.<\/p>\n<p>Por la continuidad del fen\u00f3meno de La Ni\u00f1a, que provoca extensos periodos sin lluvia, los espejos de agua bonaerenses registran una importante bajante y para los habitantes de San Vicente, el efecto es solo\u00a0 comparable con la situaci\u00f3n de 2008 cuando la sequ\u00eda de la laguna fue total durante alrededor de ocho meses.<\/p>\n<p>En la actualidad, alrededor de la mitad de las 30 hect\u00e1reas de superficie de la laguna de San Vicente no contienen m\u00e1s agua,\u00a0 afecta a la actividad tur\u00edstica y a la producci\u00f3n agropecuaria.<\/p>\n<p>As\u00ed las cosas, la zona ya fue declarada bajo emergencia y\/o desastre agropecuario por las p\u00e9rdidas que padece el sector rural, mientras que los domicilios particulares sufren el impacto debido a la baja de las napas, a la vez que los riesgos de incendios en los campos progresan en forma geom\u00e9trica.<\/p>\n<div id=\"attachment_9316\" style=\"width: 310px\" class=\"wp-caption alignleft\"><a href=\"https:\/\/www.visionweb.com.ar\/wp-content\/uploads\/2023\/01\/BIEN-VENIDOS.bmp\"><img loading=\"lazy\" decoding=\"async\" aria-describedby=\"caption-attachment-9316\" class=\"wp-image-9316 size-medium\" src=\"https:\/\/www.visionweb.com.ar\/wp-content\/uploads\/2023\/01\/BIEN-VENIDOS-300x149.jpg\" alt=\"\" width=\"300\" height=\"149\" srcset=\"https:\/\/www.visionweb.com.ar\/wp-content\/uploads\/2023\/01\/BIEN-VENIDOS-300x149.jpg 300w, https:\/\/www.visionweb.com.ar\/wp-content\/uploads\/2023\/01\/BIEN-VENIDOS.bmp 640w\" sizes=\"auto, (max-width: 300px) 100vw, 300px\" \/><\/a><p id=\"caption-attachment-9316\" class=\"wp-caption-text\"><em><strong>Esta es la imagen que el fen\u00f3meno La Ni\u00f1a borr\u00f3 de la laguna San Vicente, habr\u00e1 que esperar mucho para recuperar esos d\u00edas(Foto: Facebook)<\/strong><\/em><\/p><\/div>\n<p>La situaci\u00f3n de la Laguna se replica en los arroyos de San Vicente que est\u00e1n completamente secos al igual que muchos de los espejos de agua artificiales de los barrios cerrados.<\/p>\n<p>Hoy es com\u00fan ver a los vecinos caminar por zonas que hasta hace unos meses estaban sumergidos bajo\u00a0 metros de agua.<\/p>\n<p>Lo mismo ocurre en otras lagunas: El fen\u00f3meno de La Ni\u00f1a tambi\u00e9n asola otros espejos de agua\u00a0 de la regi\u00f3n como las de Lobos y Chascom\u00fas. La de Navarro est\u00e1 completamente seca, en tanto que la de de Monte est\u00e1 al menos un metro por debajo de su nivel normal.<\/p>\n<p>En ese sentido, Chascom\u00fas registra una bajante con sectores que no registran siquiera una gota de agua, una situaci\u00f3n que se repite en su conectada, la laguna Vitel, donde s\u00f3lo quedo tierra a la vista.<\/p>\n<p>Los reportes hablan de \u201cdesastre ecol\u00f3gico\u201d en tanto que los expertos anticipan que \u201cel agua va a volver, pero la fauna y la vegetaci\u00f3n va a tardar\u201d en regresar a la normalidad tal como en la laguna Indio Muerto de Saladillo y otros sistemas lacustres de Jun\u00edn, 25 de Mayo, Roque P\u00e9rez, Bragado, Las Flores y Villa Ca\u00f1as, entre otras.<\/p>\n<p>Seg\u00fan estudios de t\u00e9cnicos del Instituto Nacional de Tecnolog\u00eda Agropecuaria (INTA) \u201cse prev\u00e9 el fin del fen\u00f3meno de La Ni\u00f1a para febrero\u201d por lo que las precipitaciones ayudar\u00edan a recomponer el escenario en el que actualmente apenas llueven 500 mil\u00edmetros de los algo m\u00e1s de mil que se precipitan anualmente.<strong> (VW)<\/strong><\/p>\n<p>AR\/EB<\/p>\n<p>&nbsp;<\/p>\n","protected":false},"excerpt":{"rendered":"<p>En la actualidad, alrededor de la mitad de las 30 hect\u00e1reas de superficie de la laguna de San Vicente no contienen m\u00e1s agua,\u00a0 afecta a la actividad tur\u00edstica y a la producci\u00f3n agropecuaria.<\/p>\n","protected":false},"author":3,"featured_media":9315,"comment_status":"closed","ping_status":"closed","sticky":false,"template":"","format":"standard","meta":{"_monsterinsights_skip_tracking":false,"_monsterinsights_sitenote_active":false,"_monsterinsights_sitenote_note":"","_monsterinsights_sitenote_category":0,"footnotes":""},"categories":[3],"tags":[3868,1564,1637],"class_list":["post-9314","post","type-post","status-publish","format-standard","has-post-thumbnail","hentry","category-actualidad","tag-paramo","tag-san-vicente","tag-sequia"],"_links":{"self":[{"href":"https:\/\/www.visionweb.com.ar\/index.php?rest_route=\/wp\/v2\/posts\/9314","targetHints":{"allow":["GET"]}}],"collection":[{"href":"https:\/\/www.visionweb.com.ar\/index.php?rest_route=\/wp\/v2\/posts"}],"about":[{"href":"https:\/\/www.visionweb.com.ar\/index.php?rest_route=\/wp\/v2\/types\/post"}],"author":[{"embeddable":true,"href":"https:\/\/www.visionweb.com.ar\/index.php?rest_route=\/wp\/v2\/users\/3"}],"replies":[{"embeddable":true,"href":"https:\/\/www.visionweb.com.ar\/index.php?rest_route=%2Fwp%2Fv2%2Fcomments&post=9314"}],"version-history":[{"count":4,"href":"https:\/\/www.visionweb.com.ar\/index.php?rest_route=\/wp\/v2\/posts\/9314\/revisions"}],"predecessor-version":[{"id":9320,"href":"https:\/\/www.visionweb.com.ar\/index.php?rest_route=\/wp\/v2\/posts\/9314\/revisions\/9320"}],"wp:featuredmedia":[{"embeddable":true,"href":"https:\/\/www.visionweb.com.ar\/index.php?rest_route=\/wp\/v2\/media\/9315"}],"wp:attachment":[{"href":"https:\/\/www.visionweb.com.ar\/index.php?rest_route=%2Fwp%2Fv2%2Fmedia&parent=9314"}],"wp:term":[{"taxonomy":"category","embeddable":true,"href":"https:\/\/www.visionweb.com.ar\/index.php?rest_route=%2Fwp%2Fv2%2Fcategories&post=9314"},{"taxonomy":"post_tag","embeddable":true,"href":"https:\/\/www.visionweb.com.ar\/index.php?rest_route=%2Fwp%2Fv2%2Ftags&post=9314"}],"curies":[{"name":"wp","href":"https:\/\/api.w.org\/{rel}","templated":true}]}}