{"id":9307,"date":"2023-01-26T09:25:33","date_gmt":"2023-01-26T12:25:33","guid":{"rendered":"https:\/\/www.visionweb.com.ar\/?p=9307"},"modified":"2023-01-26T09:26:32","modified_gmt":"2023-01-26T12:26:32","slug":"en-los-supermercados-se-recuperan-los-consumois","status":"publish","type":"post","link":"https:\/\/www.visionweb.com.ar\/?p=9307","title":{"rendered":"Los supermercados recuperan las ventas"},"content":{"rendered":"<p><em><strong>Pero caen en las grandes bocas de expendio\u00a0 \u00a0mayoristas. As\u00ed lo revel\u00f3 un informe del INDEC.<\/strong><\/em><!--more--><\/p>\n<p><strong><img loading=\"lazy\" decoding=\"async\" class=\"size-medium wp-image-8137 alignleft\" src=\"https:\/\/www.visionweb.com.ar\/wp-content\/uploads\/2022\/11\/IMAGEN-SUPER-300x169.jpg\" alt=\"\" width=\"300\" height=\"169\" srcset=\"https:\/\/www.visionweb.com.ar\/wp-content\/uploads\/2022\/11\/IMAGEN-SUPER-300x169.jpg 300w, https:\/\/www.visionweb.com.ar\/wp-content\/uploads\/2022\/11\/IMAGEN-SUPER.bmp 768w\" sizes=\"auto, (max-width: 300px) 100vw, 300px\" \/>S<\/strong>ubieron las ventas en los supermercados, que concentra su actividad en alimentos, y en los centros de compras o shoppings, donde se comercializan principalmente prendas de vestir, subieron en noviembre, mientras que cay\u00f3 en los autoservicios mayoristas, seg\u00fan inform\u00f3 hoy el INDEC.<\/p>\n<p>La venta por cantidades en los supermercados creci\u00f3 en noviembre un 2,0% y en los centros de compras o shoppings mejor\u00f3 un 7,2% en ambos casos respecto de noviembre del a\u00f1o anterior.<\/p>\n<p>En los autoservicios mayoristas las ventas muestran una ca\u00edda de 2,1%, en la misma comparaci\u00f3n interanual.<\/p>\n<p>Durante noviembre, en la medici\u00f3n desestacionalizada, respecto de octubre, las ventas por cantidades en los supermercados crecieron un 1,7% y en los once primeros meses del a\u00f1o pasado acumularon una mejora del 2,0%, respecto a igual per\u00edodo de 2021.<\/p>\n<p>En los autoservicios mayoristas las ventas respecto de octubre crecen un 5,8% y cayeron un 0,7%, en la comparaci\u00f3n anualizada entre enero y noviembre.<\/p>\n<p>El \u00edndice serie tendencia-ciclo registr\u00f3 en los supermercados una variaci\u00f3n positiva en noviembre de 0,5% respecto al mes anterior. En los autoservicios el mismo indicador registra una ca\u00edda del 0,2% en igual comparaci\u00f3n.<\/p>\n<p>Las ventas totales a precios corrientes, es decir incluyendo el impacto de la inflaci\u00f3n de precios, en los shoppings llegaron en noviembre a $ 68.708,7 millones, que represent\u00f3 un incremento de 120,3% respecto al mismo mes del a\u00f1o anterior.<\/p>\n<p>En los supermercados la facturaci\u00f3n a precios corrientes totaliz\u00f3 $ 284.813,7 millones con una suba interanual del 101,0% en los centros mayoristas lleg\u00f3 a $ 46.607,4 millones con un alza del 95,8% respecto a noviembre del a\u00f1o anterior<strong>(VW)<\/strong>.<\/p>\n<p>&nbsp;<\/p>\n","protected":false},"excerpt":{"rendered":"<p>Pero caen en las grandes bocas de expendio\u00a0 \u00a0mayoristas. As\u00ed lo revel\u00f3 un informe del INDEC.<\/p>\n","protected":false},"author":3,"featured_media":262,"comment_status":"closed","ping_status":"closed","sticky":false,"template":"","format":"standard","meta":{"_monsterinsights_skip_tracking":false,"_monsterinsights_sitenote_active":false,"_monsterinsights_sitenote_note":"","_monsterinsights_sitenote_category":0,"footnotes":""},"categories":[3,8],"tags":[111,365,758],"class_list":["post-9307","post","type-post","status-publish","format-standard","has-post-thumbnail","hentry","category-actualidad","category-interes-general","tag-alimentos","tag-supermercados","tag-ventas"],"_links":{"self":[{"href":"https:\/\/www.visionweb.com.ar\/index.php?rest_route=\/wp\/v2\/posts\/9307","targetHints":{"allow":["GET"]}}],"collection":[{"href":"https:\/\/www.visionweb.com.ar\/index.php?rest_route=\/wp\/v2\/posts"}],"about":[{"href":"https:\/\/www.visionweb.com.ar\/index.php?rest_route=\/wp\/v2\/types\/post"}],"author":[{"embeddable":true,"href":"https:\/\/www.visionweb.com.ar\/index.php?rest_route=\/wp\/v2\/users\/3"}],"replies":[{"embeddable":true,"href":"https:\/\/www.visionweb.com.ar\/index.php?rest_route=%2Fwp%2Fv2%2Fcomments&post=9307"}],"version-history":[{"count":2,"href":"https:\/\/www.visionweb.com.ar\/index.php?rest_route=\/wp\/v2\/posts\/9307\/revisions"}],"predecessor-version":[{"id":9309,"href":"https:\/\/www.visionweb.com.ar\/index.php?rest_route=\/wp\/v2\/posts\/9307\/revisions\/9309"}],"wp:featuredmedia":[{"embeddable":true,"href":"https:\/\/www.visionweb.com.ar\/index.php?rest_route=\/wp\/v2\/media\/262"}],"wp:attachment":[{"href":"https:\/\/www.visionweb.com.ar\/index.php?rest_route=%2Fwp%2Fv2%2Fmedia&parent=9307"}],"wp:term":[{"taxonomy":"category","embeddable":true,"href":"https:\/\/www.visionweb.com.ar\/index.php?rest_route=%2Fwp%2Fv2%2Fcategories&post=9307"},{"taxonomy":"post_tag","embeddable":true,"href":"https:\/\/www.visionweb.com.ar\/index.php?rest_route=%2Fwp%2Fv2%2Ftags&post=9307"}],"curies":[{"name":"wp","href":"https:\/\/api.w.org\/{rel}","templated":true}]}}