{"id":9301,"date":"2023-01-26T08:12:11","date_gmt":"2023-01-26T11:12:11","guid":{"rendered":"https:\/\/www.visionweb.com.ar\/?p=9301"},"modified":"2023-01-26T08:12:11","modified_gmt":"2023-01-26T11:12:11","slug":"elecciones-2023-hasta-el-6-de-marzo-esta-disponible-el-padron-de-la-provincia-para-extranjeros","status":"publish","type":"post","link":"https:\/\/www.visionweb.com.ar\/?p=9301","title":{"rendered":"Elecciones 2023: Hasta el 6 de marzo est\u00e1 disponible el padr\u00f3n de la Provincia para extranjeros"},"content":{"rendered":"<p><em><strong>Es para verificaci\u00f3n y\/o modificaci\u00f3n de datos, para extranjeros empadronados.<\/strong><\/em><!--more--><\/p>\n<p><strong><img loading=\"lazy\" decoding=\"async\" class=\"size-medium wp-image-9303 alignright\" src=\"https:\/\/www.visionweb.com.ar\/wp-content\/uploads\/2023\/01\/elecciones-300x156.jpg\" alt=\"\" width=\"300\" height=\"156\" srcset=\"https:\/\/www.visionweb.com.ar\/wp-content\/uploads\/2023\/01\/elecciones-300x156.jpg 300w, https:\/\/www.visionweb.com.ar\/wp-content\/uploads\/2023\/01\/elecciones.bmp 443w\" sizes=\"auto, (max-width: 300px) 100vw, 300px\" \/>E<\/strong>l registro de electores extranjeros para el territorio bonaerense estar\u00e1 disponible en l\u00ednea hasta el 6 de marzo en el\u00a0<a href=\"http:\/\/:%20www.juntaelectoral.gba.gov.ar\/\">sitio web de la Junta Electoral de la Provincia<\/a>\u00a0donde los\u00a0<strong>residentes en territorio provincial nacidos en otro pa\u00eds podr\u00e1n constatar su inscripci\u00f3n <\/strong>y verificar sus datos personales como identidad, documento y localidad de residencia.<\/p>\n<p>Desde la Provincia indicaron que en caso de haber alg\u00fan error u omisi\u00f3n de datos,\u00a0<strong>deber\u00e1n reclamar su correcci\u00f3n y actualizaci\u00f3n a trav\u00e9s de un formulario electr\u00f3nico,<\/strong>\u00a0al tiempo que ante cualquier consulta podr\u00e1n comunicarse a <a href=\"mailto:consultaextranjeros@juntaelectoral.gba.gov.ar\">consultaextranjeros@juntaelectoral.gba.gov.ar<\/a>.<\/p>\n<p>Cabe destacar que seg\u00fan la\u00a0<a href=\"https:\/\/normas.gba.gob.ar\/ar-b\/ley\/2009\/14086\/2793\">Ley provincial 14.086<\/a>, sancionada en 2009,\u00a0<strong>el voto es obligatorio para todos los extranjeros empadronados.<\/strong><strong> (VW)<\/strong><\/p>\n<p>&nbsp;<\/p>\n","protected":false},"excerpt":{"rendered":"<p>Es para verificaci\u00f3n y\/o modificaci\u00f3n de datos, para extranjeros empadronados.<\/p>\n","protected":false},"author":4,"featured_media":9303,"comment_status":"closed","ping_status":"closed","sticky":false,"template":"","format":"standard","meta":{"_monsterinsights_skip_tracking":false,"_monsterinsights_sitenote_active":false,"_monsterinsights_sitenote_note":"","_monsterinsights_sitenote_category":0,"footnotes":""},"categories":[8],"tags":[1904,3866,666],"class_list":["post-9301","post","type-post","status-publish","format-standard","has-post-thumbnail","hentry","category-interes-general","tag-elecciones-2023","tag-padron-para-extranjeros","tag-provincia-de-bueos-aires"],"_links":{"self":[{"href":"https:\/\/www.visionweb.com.ar\/index.php?rest_route=\/wp\/v2\/posts\/9301","targetHints":{"allow":["GET"]}}],"collection":[{"href":"https:\/\/www.visionweb.com.ar\/index.php?rest_route=\/wp\/v2\/posts"}],"about":[{"href":"https:\/\/www.visionweb.com.ar\/index.php?rest_route=\/wp\/v2\/types\/post"}],"author":[{"embeddable":true,"href":"https:\/\/www.visionweb.com.ar\/index.php?rest_route=\/wp\/v2\/users\/4"}],"replies":[{"embeddable":true,"href":"https:\/\/www.visionweb.com.ar\/index.php?rest_route=%2Fwp%2Fv2%2Fcomments&post=9301"}],"version-history":[{"count":2,"href":"https:\/\/www.visionweb.com.ar\/index.php?rest_route=\/wp\/v2\/posts\/9301\/revisions"}],"predecessor-version":[{"id":9304,"href":"https:\/\/www.visionweb.com.ar\/index.php?rest_route=\/wp\/v2\/posts\/9301\/revisions\/9304"}],"wp:featuredmedia":[{"embeddable":true,"href":"https:\/\/www.visionweb.com.ar\/index.php?rest_route=\/wp\/v2\/media\/9303"}],"wp:attachment":[{"href":"https:\/\/www.visionweb.com.ar\/index.php?rest_route=%2Fwp%2Fv2%2Fmedia&parent=9301"}],"wp:term":[{"taxonomy":"category","embeddable":true,"href":"https:\/\/www.visionweb.com.ar\/index.php?rest_route=%2Fwp%2Fv2%2Fcategories&post=9301"},{"taxonomy":"post_tag","embeddable":true,"href":"https:\/\/www.visionweb.com.ar\/index.php?rest_route=%2Fwp%2Fv2%2Ftags&post=9301"}],"curies":[{"name":"wp","href":"https:\/\/api.w.org\/{rel}","templated":true}]}}