{"id":9282,"date":"2023-01-25T08:57:07","date_gmt":"2023-01-25T11:57:07","guid":{"rendered":"https:\/\/www.visionweb.com.ar\/?p=9282"},"modified":"2023-01-25T08:57:07","modified_gmt":"2023-01-25T11:57:07","slug":"declararon-de-interes-municipal-a-la-parroquia-de-monte-chingolo","status":"publish","type":"post","link":"https:\/\/www.visionweb.com.ar\/?p=9282","title":{"rendered":"Declararon de inter\u00e9s municipal a la Parroquia de Monte Chingolo"},"content":{"rendered":"<p><em><strong>Luego de la Fiesta Patronal hubo una procesi\u00f3n por las calles del barrio, en el marco del 60 aniversario de la Parroquia.<\/strong><\/em><!--more--><\/p>\n<div id=\"attachment_9284\" style=\"width: 292px\" class=\"wp-caption alignleft\"><img loading=\"lazy\" decoding=\"async\" aria-describedby=\"caption-attachment-9284\" class=\"wp-image-9284 size-medium\" src=\"https:\/\/www.visionweb.com.ar\/wp-content\/uploads\/2023\/01\/parrroquia-mte-ching-282x300.jpg\" alt=\"\" width=\"282\" height=\"300\" srcset=\"https:\/\/www.visionweb.com.ar\/wp-content\/uploads\/2023\/01\/parrroquia-mte-ching-282x300.jpg 282w, https:\/\/www.visionweb.com.ar\/wp-content\/uploads\/2023\/01\/parrroquia-mte-ching.jpg 334w\" sizes=\"auto, (max-width: 282px) 100vw, 282px\" \/><p id=\"caption-attachment-9284\" class=\"wp-caption-text\">Parroquia de Monte Chingolo declarada de inter\u00e9s cultural. (Fotos: Prensa de Lan\u00fas)<\/p><\/div>\n<p><strong>\u00a0\u00a0 E<\/strong>l Municipio de Lan\u00fas decret\u00f3 de Inter\u00e9s Cultural, Comunitario y Social a la Parroquia Santa In\u00e9s de Monte Chingolo en el cierre de las celebraciones por su 60 aniversario.<\/p>\n<p>\u00abEn nombre de N\u00e9stor Grindetti les hago entrega de este reconocimiento para toda la comunidad de la Parroquia Santa In\u00e9s. Nuestro Intendente es quien alienta y promueve distinguir y visibilizar a las Instituciones Religiosas del distrito que contribuyen al bien com\u00fan.\u00bb Expres\u00f3 Norma Lozano, Directora de Cultos y RRR del distrito.<\/p>\n<p>La Fiesta Patronal del 21 de Enero inici\u00f3 con una misa celebrada por Mons. Marcelo Margni, Obispo de la Di\u00f3cesis Avellaneda-Lan\u00fas junto a Monse\u00f1or Alejandro Alonso, P\u00e1rroco de la Iglesia, conforme indic\u00f3 Prensa de Lan\u00fas.<\/p>\n<p>Le sigui\u00f3 una procesi\u00f3n por las calles del barrio y fiesta con baile y grupos musicales para todos los vecinos.<\/p>\n<p>\u00abSe hace necesario agradecer a las Instituciones y Comunidades que promueven la cooperaci\u00f3n, el esfuerzo, el trabajo y sobre todo alientan los valores en la familia. Son estos mismos los que proyectados en la comunidad permiten que haya una mejor sociedad. Sesenta a\u00f1os de fraternidad, esfuerzo y colaboraci\u00f3n mutua de esta casa religiosa no es poco&#8230;\u00bb Subray\u00f3 la Funcionaria.<\/p>\n<p><img loading=\"lazy\" decoding=\"async\" class=\"size-medium wp-image-9285 alignright\" src=\"https:\/\/www.visionweb.com.ar\/wp-content\/uploads\/2023\/01\/parroquia-mte-chingolo-300x208.jpg\" alt=\"\" width=\"300\" height=\"208\" srcset=\"https:\/\/www.visionweb.com.ar\/wp-content\/uploads\/2023\/01\/parroquia-mte-chingolo-300x208.jpg 300w, https:\/\/www.visionweb.com.ar\/wp-content\/uploads\/2023\/01\/parroquia-mte-chingolo.jpg 393w\" sizes=\"auto, (max-width: 300px) 100vw, 300px\" \/>El 1 de Mayo de 1960 se celebr\u00f3 la primera misa en el Centro Misional donde hoy se encuentra Santa In\u00e9s; en Enero de 1961 estuvo lista la Primitiva Capilla; y el 8 de Febrero de 1962, el por entonces obispo de Lomas de Zamora, Mons. Alejandro Schell, decret\u00f3 su Erecci\u00f3n Can\u00f3nica como Parroquia.<\/p>\n<p>En enero de 1967 comenz\u00f3 la construcci\u00f3n del actual templo, concluido en abril de 1980 y consagrado solemnemente por Monse\u00f1or Desiderio Elso Collino, junto al P\u00e1rroco, Presb\u00edtero Mart\u00edn Alarc\u00f3n, el 21 de Septiembre del mismo a\u00f1o. <strong>(VW)<\/strong><\/p>\n","protected":false},"excerpt":{"rendered":"<p>Luego de la Fiesta Patronal hubo una procesi\u00f3n por las calles del barrio, en el marco del 60 aniversario de la Parroquia.<\/p>\n","protected":false},"author":4,"featured_media":9285,"comment_status":"closed","ping_status":"closed","sticky":false,"template":"","format":"standard","meta":{"_monsterinsights_skip_tracking":false,"_monsterinsights_sitenote_active":false,"_monsterinsights_sitenote_note":"","_monsterinsights_sitenote_category":0,"footnotes":""},"categories":[8,5],"tags":[3858,1844,2824,3857],"class_list":["post-9282","post","type-post","status-publish","format-standard","has-post-thumbnail","hentry","category-interes-general","category-sociedad","tag-declarada-e-interes-cuktural","tag-direccion-de-cultos","tag-municipio-de-lanus","tag-parroquia-de-monte-chingolo"],"_links":{"self":[{"href":"https:\/\/www.visionweb.com.ar\/index.php?rest_route=\/wp\/v2\/posts\/9282","targetHints":{"allow":["GET"]}}],"collection":[{"href":"https:\/\/www.visionweb.com.ar\/index.php?rest_route=\/wp\/v2\/posts"}],"about":[{"href":"https:\/\/www.visionweb.com.ar\/index.php?rest_route=\/wp\/v2\/types\/post"}],"author":[{"embeddable":true,"href":"https:\/\/www.visionweb.com.ar\/index.php?rest_route=\/wp\/v2\/users\/4"}],"replies":[{"embeddable":true,"href":"https:\/\/www.visionweb.com.ar\/index.php?rest_route=%2Fwp%2Fv2%2Fcomments&post=9282"}],"version-history":[{"count":2,"href":"https:\/\/www.visionweb.com.ar\/index.php?rest_route=\/wp\/v2\/posts\/9282\/revisions"}],"predecessor-version":[{"id":9286,"href":"https:\/\/www.visionweb.com.ar\/index.php?rest_route=\/wp\/v2\/posts\/9282\/revisions\/9286"}],"wp:featuredmedia":[{"embeddable":true,"href":"https:\/\/www.visionweb.com.ar\/index.php?rest_route=\/wp\/v2\/media\/9285"}],"wp:attachment":[{"href":"https:\/\/www.visionweb.com.ar\/index.php?rest_route=%2Fwp%2Fv2%2Fmedia&parent=9282"}],"wp:term":[{"taxonomy":"category","embeddable":true,"href":"https:\/\/www.visionweb.com.ar\/index.php?rest_route=%2Fwp%2Fv2%2Fcategories&post=9282"},{"taxonomy":"post_tag","embeddable":true,"href":"https:\/\/www.visionweb.com.ar\/index.php?rest_route=%2Fwp%2Fv2%2Ftags&post=9282"}],"curies":[{"name":"wp","href":"https:\/\/api.w.org\/{rel}","templated":true}]}}