{"id":9280,"date":"2023-01-25T06:48:24","date_gmt":"2023-01-25T09:48:24","guid":{"rendered":"https:\/\/www.visionweb.com.ar\/?p=9280"},"modified":"2023-01-25T06:48:24","modified_gmt":"2023-01-25T09:48:24","slug":"edesur-quiere-aumentar-las-tarifas-energeticas","status":"publish","type":"post","link":"https:\/\/www.visionweb.com.ar\/?p=9280","title":{"rendered":"Edesur quiere aumentar las tarifas energ\u00e9ticas"},"content":{"rendered":"<p><em><strong>Desde el gobierno nacional dicen que no obtendr\u00e1n lo que piden. Advierten desde el Enre que las concesionarias no obtendr\u00e1n las tarifas que piden.\u00a0<\/strong><\/em><!--more--><\/p>\n<p class=\"entry-title\"><strong><img loading=\"lazy\" decoding=\"async\" class=\"size-medium wp-image-4785 alignright\" src=\"https:\/\/www.visionweb.com.ar\/wp-content\/uploads\/2022\/03\/ENERGIA-300x167.png\" alt=\"\" width=\"300\" height=\"167\" srcset=\"https:\/\/www.visionweb.com.ar\/wp-content\/uploads\/2022\/03\/ENERGIA-300x167.png 300w, https:\/\/www.visionweb.com.ar\/wp-content\/uploads\/2022\/03\/ENERGIA-768x428.png 768w, https:\/\/www.visionweb.com.ar\/wp-content\/uploads\/2022\/03\/ENERGIA.png 800w\" sizes=\"auto, (max-width: 300px) 100vw, 300px\" \/>E<\/strong>desur pidi\u00f3 un incremento tarifario para\u00a0 enfrentar frente\u00a0 los costos operativos en el curso de 2023, pero el interventor del Ente Nacional Regulador de la Electricidad (ENRE), Walter Martello, les advirti\u00f3 que solo tendr\u00e1n tarifas que sean \u00abasequibles para los usuarios\u00bb.<\/p>\n<p class=\"entry-title\">El cruce de posturas tuvo lugar durante el desarrollo de la audiencia p\u00fablica virtual convocada por el organismo regulador para analizar la \u00abadecuaci\u00f3n transitoria de tarifas de distribuci\u00f3n de energ\u00eda el\u00e9ctrica\u00bb,<\/p>\n<p class=\"entry-title\">En la audiencia\u00a0 los representantes de las empresas no precisaron un porcentaje de incremento determinado, sino que plantearon que el ajuste debe ser \u00abel necesario para hacer frente a los costos de operaci\u00f3n.<\/p>\n<p class=\"entry-title\">En la apertura de la audiencia, Martello, advirti\u00f3 a las concesionarias que \u00abno van a obtener la tarifa que piden\u00bb sino \u00abla tarifa que los usuarios puedan pagar\u00bb y puntualiz\u00f3 que \u00abel Estado no puede ni debe renunciar a su poder tarifario\u00bb, adem\u00e1s de se\u00f1alar que \u00abla focalizaci\u00f3n de subsidios es una tarea que le lleva ingentes esfuerzos al Estado en tiempo y recursos\u00bb.<\/p>\n<p class=\"entry-title\">\u00abA las empresas distribuidoras les decimos lo mismo que en la audiencia anterior le dijimos a las transportadoras: no van a obtener la tarifa que piden, van a obtener la tarifa que los usuarios puedan pagar\u00bb, subray\u00f3.<\/p>\n<p class=\"entry-title\">Por otra parte, el titular del ENRE indic\u00f3 que se eval\u00faa \u00abla necesidad de convocar a una nueva audiencia en el cuarto trimestre de este a\u00f1o\u00bb y remarc\u00f3 que el inter\u00e9s del organismo y del Gobierno en general es que \u00ablas tarifas sean asequibles a los usuarios\u00bb.<\/p>\n<p class=\"entry-title\">\u00abLo bizarro es pretender tarifas del primer mundo ofreciendo servicios del tercer mundo\u00bb, manifest\u00f3, en referencia a las declaraciones del CEO de Enel, Francesco Starace, quien en una disertaci\u00f3n en la Escuela de Negocios de Harvard hab\u00eda asegurado que la Argentina \u00abtiene la regulaci\u00f3n m\u00e1s bizarra del mundo\u00bb, indicaron desde el Enre<\/p>\n<p class=\"entry-title\">Jorge Lemos, de Edesur, no dio ejemplos sobre valores promedio de facturas, pero advirti\u00f3 que el d\u00e9ficit operativo de la firma ser\u00eda de $118.600 millones si no hubiese ajuste tarifario.<\/p>\n<p class=\"entry-title\">Por otra parte, los representantes de las Defensor\u00edas del Pueblo, tanto a nivel nacional, como la provincia de Buenos Aires y de la Ciudad de Buenos Aires, pusieron foco en la situaci\u00f3n particular de Edesur, cuyo accionista ya difundi\u00f3 que tiene en venta las acciones de la compa\u00f1\u00eda distribuidora de electricidad.<\/p>\n<p class=\"entry-title\">Entre los representantes de los consumidores, la presidenta de la Asociaci\u00f3n Ciudadana por los Derechos Humanos (ACDH), Mar\u00eda Jos\u00e9 Lubertino, e integrante de la Comisi\u00f3n de Usuarios del ENRE, remarc\u00f3 la oposici\u00f3n al \u00abnuevo aumento de tarifas\u00bb y dijo que \u00aben caso de suceder, no debe representar en las facturas un aumento mayor a la inflaci\u00f3n, ni mayor a la actualizaci\u00f3n de los salarios\u00bb.<\/p>\n<p class=\"entry-title\">\u00abEstamos ante una ca\u00edda sostenida del salario real que genera m\u00e1s pobreza\u00bb, se\u00f1al\u00f3 la dirigente para agregar que \u00abel 13,3% de la poblaci\u00f3n no ha podido pagar el alquiler o la hipoteca y el 26,4% se atras\u00f3 en el pago de los Servicios P\u00fablicos y el 27,4% no pudo pagar las tasas municipales\u00bb.<\/p>\n<p class=\"entry-title\">En este contexto, concluy\u00f3 \u00abla prioridad es garantizar el acceso universal a servicios energ\u00e9ticos con tarifas justas y razonables\u00bb<strong>(vw).<\/strong><\/p>\n","protected":false},"excerpt":{"rendered":"<p>Desde el gobierno nacional dicen que no obtendr\u00e1n lo que piden. Advierten desde el Enre que las concesionarias no obtendr\u00e1n las tarifas que piden.\u00a0<\/p>\n","protected":false},"author":3,"featured_media":4785,"comment_status":"closed","ping_status":"closed","sticky":false,"template":"","format":"standard","meta":{"_monsterinsights_skip_tracking":false,"_monsterinsights_sitenote_active":false,"_monsterinsights_sitenote_note":"","_monsterinsights_sitenote_category":0,"footnotes":""},"categories":[3],"tags":[1803,195,564],"class_list":["post-9280","post","type-post","status-publish","format-standard","has-post-thumbnail","hentry","category-actualidad","tag-audiencia","tag-energia","tag-tarifas"],"_links":{"self":[{"href":"https:\/\/www.visionweb.com.ar\/index.php?rest_route=\/wp\/v2\/posts\/9280","targetHints":{"allow":["GET"]}}],"collection":[{"href":"https:\/\/www.visionweb.com.ar\/index.php?rest_route=\/wp\/v2\/posts"}],"about":[{"href":"https:\/\/www.visionweb.com.ar\/index.php?rest_route=\/wp\/v2\/types\/post"}],"author":[{"embeddable":true,"href":"https:\/\/www.visionweb.com.ar\/index.php?rest_route=\/wp\/v2\/users\/3"}],"replies":[{"embeddable":true,"href":"https:\/\/www.visionweb.com.ar\/index.php?rest_route=%2Fwp%2Fv2%2Fcomments&post=9280"}],"version-history":[{"count":1,"href":"https:\/\/www.visionweb.com.ar\/index.php?rest_route=\/wp\/v2\/posts\/9280\/revisions"}],"predecessor-version":[{"id":9281,"href":"https:\/\/www.visionweb.com.ar\/index.php?rest_route=\/wp\/v2\/posts\/9280\/revisions\/9281"}],"wp:featuredmedia":[{"embeddable":true,"href":"https:\/\/www.visionweb.com.ar\/index.php?rest_route=\/wp\/v2\/media\/4785"}],"wp:attachment":[{"href":"https:\/\/www.visionweb.com.ar\/index.php?rest_route=%2Fwp%2Fv2%2Fmedia&parent=9280"}],"wp:term":[{"taxonomy":"category","embeddable":true,"href":"https:\/\/www.visionweb.com.ar\/index.php?rest_route=%2Fwp%2Fv2%2Fcategories&post=9280"},{"taxonomy":"post_tag","embeddable":true,"href":"https:\/\/www.visionweb.com.ar\/index.php?rest_route=%2Fwp%2Fv2%2Ftags&post=9280"}],"curies":[{"name":"wp","href":"https:\/\/api.w.org\/{rel}","templated":true}]}}