{"id":9276,"date":"2023-01-24T11:51:56","date_gmt":"2023-01-24T14:51:56","guid":{"rendered":"https:\/\/www.visionweb.com.ar\/?p=9276"},"modified":"2023-01-24T11:58:19","modified_gmt":"2023-01-24T14:58:19","slug":"la-pelicula-argentina-1985-fue-seleccionada-para-el-oscar","status":"publish","type":"post","link":"https:\/\/www.visionweb.com.ar\/?p=9276","title":{"rendered":"La pel\u00edcula \u00abArgentina 1985\u00bb fue seleccionada para el Oscar"},"content":{"rendered":"<p><em><strong>El filme argntino concursa en la categor\u00eda de \u00abMejor largometraje Internacional\u00bb. <\/strong><\/em><!--more--><\/p>\n<div id=\"attachment_9277\" style=\"width: 310px\" class=\"wp-caption alignright\"><img loading=\"lazy\" decoding=\"async\" aria-describedby=\"caption-attachment-9277\" class=\"wp-image-9277 size-medium\" src=\"https:\/\/www.visionweb.com.ar\/wp-content\/uploads\/2023\/01\/argetnina-1985-300x225.png\" alt=\"\" width=\"300\" height=\"225\" srcset=\"https:\/\/www.visionweb.com.ar\/wp-content\/uploads\/2023\/01\/argetnina-1985-300x225.png 300w, https:\/\/www.visionweb.com.ar\/wp-content\/uploads\/2023\/01\/argetnina-1985-320x240.png 320w, https:\/\/www.visionweb.com.ar\/wp-content\/uploads\/2023\/01\/argetnina-1985.png 640w\" sizes=\"auto, (max-width: 300px) 100vw, 300px\" \/><p id=\"caption-attachment-9277\" class=\"wp-caption-text\"><strong><em>El filme de Santigo Mitre concursora el 12 de marzo por el Oscar (Foto oficial). <\/em> <\/strong><\/p><\/div>\n<p><strong>E<\/strong>l trabajo\u00a0 dirigido por Santiago Mitre fue seleccionada entre las cinco mejores pel\u00edculas extranjeras para concursar por los premios Oscar.<\/p>\n<p>La pel\u00edcula \u201cArgentina, 1985\u201d, dirigida por Santiago Mitre fue nominada a los premios Oscar, que se entregar\u00e1n el 12 de marzo pr\u00f3ximo, consignaron los medios especializados.<\/p>\n<p>La pel\u00edcula que tiene entre sus pricipales protagonsitas a Ricardo Dar\u00edn y Peter Lanzani, semanas atr\u00e1s hab\u00eda recibido el premio Globo de Oro, concusr organizado por la\u00a0 <a title=\"Asociaci\u00f3n de la Prensa Extranjera de Hollywood\" href=\"https:\/\/es.wikipedia.org\/wiki\/Asociaci%C3%B3n_de_la_Prensa_Extranjera_de_Hollywood\">Asociaci\u00f3n de la Prensa Extranjera de Hollywood<\/a> (HFPA; por sus siglas en ingl\u00e9s).<\/p>\n<p>La pel\u00edcula que concursa en la categor\u00eda <strong>\u201cMejor largometraje internacional\u201d<\/strong> cuenta c\u00f3mo se gest\u00f3 el juicio a las juntas, durante la presidencia de Raul Alfons\u00edn, que concluy\u00f1ocon la condena a los pricipales jefes del golpe de Estado de 1976.<\/p>\n<p>El filme de Mitre, que sigue la historia de los fiscales Julio Strassera y Luis Moreno Ocampo para realizar el juicio a las Juntas de la \u00faltima dictadura, qued\u00f3 preseleccionada tambi\u00e9n la semana pasada en la categor\u00eda de Mejor pel\u00edcula de habla no inglesa de los premios Bafta del cine brit\u00e1nico, a realizarse el pr\u00f3ximo 19 de febrero.<\/p>\n<p>La pel\u00edcula\u00a0<strong>fue la m\u00e1s vista de 2022 en salas nacionales.<\/strong> El drama hist\u00f3rico tuvo un amplio recorrido por festivales internacionales desde su estreno en salas el 29 de septiembre pasado, como en el Festival de Venecia, el de San Sebasti\u00e1n -donde se alz\u00f3 con el Premio del P\u00fablico-, el Festival de Cine del BFI de Londres y el Festival Internacional de Cine R\u00edo, entre otros<strong>(VW)<\/strong>.<\/p>\n","protected":false},"excerpt":{"rendered":"<p>El filme argntino concursa en la categor\u00eda de \u00abMejor largometraje Internacional\u00bb.<\/p>\n","protected":false},"author":3,"featured_media":9277,"comment_status":"closed","ping_status":"closed","sticky":false,"template":"","format":"standard","meta":{"_monsterinsights_skip_tracking":false,"_monsterinsights_sitenote_active":false,"_monsterinsights_sitenote_note":"","_monsterinsights_sitenote_category":0,"footnotes":""},"categories":[3],"tags":[1850,2771,3855,3856],"class_list":["post-9276","post","type-post","status-publish","format-standard","has-post-thumbnail","hentry","category-actualidad","tag-cine","tag-concurso","tag-oscar","tag-pelicula-argentina"],"_links":{"self":[{"href":"https:\/\/www.visionweb.com.ar\/index.php?rest_route=\/wp\/v2\/posts\/9276","targetHints":{"allow":["GET"]}}],"collection":[{"href":"https:\/\/www.visionweb.com.ar\/index.php?rest_route=\/wp\/v2\/posts"}],"about":[{"href":"https:\/\/www.visionweb.com.ar\/index.php?rest_route=\/wp\/v2\/types\/post"}],"author":[{"embeddable":true,"href":"https:\/\/www.visionweb.com.ar\/index.php?rest_route=\/wp\/v2\/users\/3"}],"replies":[{"embeddable":true,"href":"https:\/\/www.visionweb.com.ar\/index.php?rest_route=%2Fwp%2Fv2%2Fcomments&post=9276"}],"version-history":[{"count":2,"href":"https:\/\/www.visionweb.com.ar\/index.php?rest_route=\/wp\/v2\/posts\/9276\/revisions"}],"predecessor-version":[{"id":9279,"href":"https:\/\/www.visionweb.com.ar\/index.php?rest_route=\/wp\/v2\/posts\/9276\/revisions\/9279"}],"wp:featuredmedia":[{"embeddable":true,"href":"https:\/\/www.visionweb.com.ar\/index.php?rest_route=\/wp\/v2\/media\/9277"}],"wp:attachment":[{"href":"https:\/\/www.visionweb.com.ar\/index.php?rest_route=%2Fwp%2Fv2%2Fmedia&parent=9276"}],"wp:term":[{"taxonomy":"category","embeddable":true,"href":"https:\/\/www.visionweb.com.ar\/index.php?rest_route=%2Fwp%2Fv2%2Fcategories&post=9276"},{"taxonomy":"post_tag","embeddable":true,"href":"https:\/\/www.visionweb.com.ar\/index.php?rest_route=%2Fwp%2Fv2%2Ftags&post=9276"}],"curies":[{"name":"wp","href":"https:\/\/api.w.org\/{rel}","templated":true}]}}