{"id":9269,"date":"2023-01-24T10:42:12","date_gmt":"2023-01-24T13:42:12","guid":{"rendered":"https:\/\/www.visionweb.com.ar\/?p=9269"},"modified":"2023-01-24T10:42:12","modified_gmt":"2023-01-24T13:42:12","slug":"fernando-gray-con-edesur-tenemos-un-festival-de-cortes","status":"publish","type":"post","link":"https:\/\/www.visionweb.com.ar\/?p=9269","title":{"rendered":"Fernando Gray: \u201cCon Edesur tenemos un festival de cortes\u201d"},"content":{"rendered":"<p><em><strong>Pidi\u00f3\u00a0\u201cla revocaci\u00f3n de la concesi\u00f3n y que a\u00a0Edesur\u00a0le saquen el servicio\u201d. \u00a0\u201cNo hubo usuaria o usuario en\u00a0Esteban Echeverr\u00eda\u00a0que no haya tenido\u00a0al menos un corte de luz\u201d.\u00a0<\/strong><\/em><strong>\u00a0<\/strong><!--more--><\/p>\n<div id=\"attachment_9271\" style=\"width: 310px\" class=\"wp-caption alignright\"><img loading=\"lazy\" decoding=\"async\" aria-describedby=\"caption-attachment-9271\" class=\"wp-image-9271 size-medium\" src=\"https:\/\/www.visionweb.com.ar\/wp-content\/uploads\/2023\/01\/fernando-grey-echeverria-300x217.jpg\" alt=\"\" width=\"300\" height=\"217\" srcset=\"https:\/\/www.visionweb.com.ar\/wp-content\/uploads\/2023\/01\/fernando-grey-echeverria-300x217.jpg 300w, https:\/\/www.visionweb.com.ar\/wp-content\/uploads\/2023\/01\/fernando-grey-echeverria.bmp 410w\" sizes=\"auto, (max-width: 300px) 100vw, 300px\" \/><p id=\"caption-attachment-9271\" class=\"wp-caption-text\">El intendente Grey durante la audiencia p\u00fablica virtual del Enre.<\/p><\/div>\n<p><strong> \u00a0 E<\/strong>l intendente de Esteban Echeverr\u00eda, <strong>Fernando Gray<\/strong>, particip\u00f3 de la <strong>audiencia p\u00fablica virtual<\/strong> convocada por el Ente Nacional Regulador de la Electricidad (<strong>ENRE<\/strong>) realizada el lunes 23, para analizar la adecuaci\u00f3n de tarifas de distribuci\u00f3n de energ\u00eda el\u00e9ctrica.<\/p>\n<p>En su exposici\u00f3n, Fernando Gray destac\u00f3 que: \u201cC<strong>on Edesur <\/strong>tenemos<strong> un festival de cortes<\/strong>\u201d de energ\u00eda el\u00e9ctrica. Todas las semanas hacemos presentaciones ante el\u00a0<strong>ENRE\u00a0<\/strong>en las que denunciamos los cortes de suministro en nuestro distrito. Es habitual tener entre dos y tres barrios\u00a0<strong>sin energ\u00eda el\u00e9ctrica<\/strong>\u00a0con una\u00a0<strong>gran demora\u00a0<\/strong>en la resoluci\u00f3n del conflicto\u201d.<\/p>\n<p>A la vez asegur\u00f3 que <strong>en su distrito \u201cNo hay inversi\u00f3n ni respuesta de la empresa<\/strong> en relaci\u00f3n a los reiterados y prolongados cortes de\u00a0<strong>energ\u00eda el\u00e9ctrica<\/strong>\u201d, por lo que pidi\u00f3 \u201cla revocaci\u00f3n de la concesi\u00f3n y que le saquen el servicio\u201d.<\/p>\n<p>El intendente tambi\u00e9n coment\u00f3 que\u00a0el a\u00f1o pasado el\u00a0<strong>Municipio denunci\u00f3 a Edesur<\/strong>\u00a0por cortes de servicio que afectaron a\u00a0<strong>92.048 usuarias y usuarios<\/strong>: \u201cCon esto quiero decir que pr\u00e1cticamente <strong>no hubo usuaria o usuario en\u00a0Esteban Echeverr\u00eda\u00a0que no haya tenido<\/strong>\u00a0<strong>al menos un corte de luz<\/strong>\u201d.<\/p>\n<p>\u201cEn\u00a0<strong>2015\u00a0<\/strong>le cedimos a\u00a0<strong>Edesur\u00a0<\/strong>un terreno y\u00a0<strong>no construy\u00f3 la subestaci\u00f3n el\u00e9ctrica<\/strong>. La empresa <strong>no cumpli\u00f3 el contrato<\/strong> firmado en el que se compromet\u00eda a <strong>construir una subestaci\u00f3n el\u00e9ctrica en la localidad de\u00a0Luis Guill\u00f3n\u00a0con el fin de mejorar la\u00a0calidad del servicio<\/strong>\u00a0y afrontar la demanda\u201d, agreg\u00f3.<\/p>\n<p>\u201cAun con\u00a0tarifas dolarizadas<strong>\u00a0<\/strong>durante los gobiernos de\u00a0Menem<strong>\u00a0<\/strong>y\u00a0Macri, la empresa no hizo absolutamente nada en cuesti\u00f3n de inversiones para la mejora del servicio de energ\u00eda el\u00e9ctrica\u201d, finaliz\u00f3\u00a0Gray.\u00a0<strong>(VW)<\/strong><\/p>\n<p>&nbsp;<\/p>\n","protected":false},"excerpt":{"rendered":"<p>Pidi\u00f3\u00a0\u201cla revocaci\u00f3n de la concesi\u00f3n y que a\u00a0Edesur\u00a0le saquen el servicio\u201d. \u00a0\u201cNo hubo usuaria o usuario en\u00a0Esteban Echeverr\u00eda\u00a0que no haya tenido\u00a0al menos un corte de luz\u201d.\u00a0\u00a0<\/p>\n","protected":false},"author":4,"featured_media":9271,"comment_status":"closed","ping_status":"closed","sticky":false,"template":"","format":"standard","meta":{"_monsterinsights_skip_tracking":false,"_monsterinsights_sitenote_active":false,"_monsterinsights_sitenote_note":"","_monsterinsights_sitenote_category":0,"footnotes":""},"categories":[8,4],"tags":[3854,276,834,3853],"class_list":["post-9269","post","type-post","status-publish","format-standard","has-post-thumbnail","hentry","category-interes-general","category-politica","tag-auduencia-publica-enre","tag-edesur","tag-esteban-echeverria","tag-ferbando-grey"],"_links":{"self":[{"href":"https:\/\/www.visionweb.com.ar\/index.php?rest_route=\/wp\/v2\/posts\/9269","targetHints":{"allow":["GET"]}}],"collection":[{"href":"https:\/\/www.visionweb.com.ar\/index.php?rest_route=\/wp\/v2\/posts"}],"about":[{"href":"https:\/\/www.visionweb.com.ar\/index.php?rest_route=\/wp\/v2\/types\/post"}],"author":[{"embeddable":true,"href":"https:\/\/www.visionweb.com.ar\/index.php?rest_route=\/wp\/v2\/users\/4"}],"replies":[{"embeddable":true,"href":"https:\/\/www.visionweb.com.ar\/index.php?rest_route=%2Fwp%2Fv2%2Fcomments&post=9269"}],"version-history":[{"count":2,"href":"https:\/\/www.visionweb.com.ar\/index.php?rest_route=\/wp\/v2\/posts\/9269\/revisions"}],"predecessor-version":[{"id":9272,"href":"https:\/\/www.visionweb.com.ar\/index.php?rest_route=\/wp\/v2\/posts\/9269\/revisions\/9272"}],"wp:featuredmedia":[{"embeddable":true,"href":"https:\/\/www.visionweb.com.ar\/index.php?rest_route=\/wp\/v2\/media\/9271"}],"wp:attachment":[{"href":"https:\/\/www.visionweb.com.ar\/index.php?rest_route=%2Fwp%2Fv2%2Fmedia&parent=9269"}],"wp:term":[{"taxonomy":"category","embeddable":true,"href":"https:\/\/www.visionweb.com.ar\/index.php?rest_route=%2Fwp%2Fv2%2Fcategories&post=9269"},{"taxonomy":"post_tag","embeddable":true,"href":"https:\/\/www.visionweb.com.ar\/index.php?rest_route=%2Fwp%2Fv2%2Ftags&post=9269"}],"curies":[{"name":"wp","href":"https:\/\/api.w.org\/{rel}","templated":true}]}}