{"id":9265,"date":"2023-01-24T10:13:05","date_gmt":"2023-01-24T13:13:05","guid":{"rendered":"https:\/\/www.visionweb.com.ar\/?p=9265"},"modified":"2023-01-24T10:13:05","modified_gmt":"2023-01-24T13:13:05","slug":"diputados-ya-comenzo-el-periodo-de-sesiones-extraordinarias-del-congreso","status":"publish","type":"post","link":"https:\/\/www.visionweb.com.ar\/?p=9265","title":{"rendered":"Diputados: Ya comenz\u00f3 el per\u00edodo de sesiones extraordinarias del Congreso"},"content":{"rendered":"<p><em><strong>Son 27 temas, entre los que se encuentra el pedido de juicio pol\u00edtico a los integrantes de la Corte Suprema.<\/strong><\/em><strong>\u00a0<\/strong><!--more--><\/p>\n<div id=\"attachment_9267\" style=\"width: 310px\" class=\"wp-caption alignright\"><img loading=\"lazy\" decoding=\"async\" aria-describedby=\"caption-attachment-9267\" class=\"wp-image-9267 size-medium\" src=\"https:\/\/www.visionweb.com.ar\/wp-content\/uploads\/2023\/01\/Sesiones-congreso-ene2023-300x171.jpg\" alt=\"\" width=\"300\" height=\"171\" srcset=\"https:\/\/www.visionweb.com.ar\/wp-content\/uploads\/2023\/01\/Sesiones-congreso-ene2023-300x171.jpg 300w, https:\/\/www.visionweb.com.ar\/wp-content\/uploads\/2023\/01\/Sesiones-congreso-ene2023.bmp 441w\" sizes=\"auto, (max-width: 300px) 100vw, 300px\" \/><p id=\"caption-attachment-9267\" class=\"wp-caption-text\">Sesiones extraordinarias en Diputados, que comenzaron el lunes 23. (Foto: Telam)<\/p><\/div>\n<p><strong>\u00a0 \u00a0\u00a0\u00a0\u00a0\u00a0\u00a0\u00a0 E<\/strong>l per\u00edodo de <strong>sesiones extraordinarias del Congreso se inici\u00f3 formalmente ayer y se extender\u00e1 hasta el 28 de febrero\u00a0<\/strong>para debatir un <strong>paquete de 27 iniciativas<\/strong>, entre las que se encuentra el pedido de juicio pol\u00edtico a los integrantes de la Corte Suprema.<\/p>\n<p>La comisi\u00f3n, que preside Carolina Gaillard del Frente de Todos (FdT), se reunir\u00e1 el jueves a las 11 para comenzar a analizar una docena de expedientes\u00a0presentados por diputados del oficialismo contra los integrantes del m\u00e1ximo tribunal.<\/p>\n<p>Se trata de la primera etapa del estudio, que concluir\u00e1 con la presentaci\u00f3n del proyecto de admisibilidad del juicio, posiblemente en la primera quincena de febrero.<\/p>\n<p>Luego se iniciar\u00e1 la segunda etapa, de recolecci\u00f3n de pruebas, para ver si finalmente los diputados dictaminan para que el proyecto quede en condiciones de ser analizado por el plenario.<\/p>\n<p>Adem\u00e1s del juicio pol\u00edtico a los integrantes del m\u00e1ximo tribunal, el temario de las sesiones extraordinarias convocadas por el Poder Ejecutivo contempla el proyecto vinculado a la composici\u00f3n del Consejo de la Magistratura y el que establece la ampliaci\u00f3n num\u00e9rica del m\u00e1ximo tribunal.<\/p>\n<p><strong>Temas relevantes de las sesiones extraordinarias:<\/strong><\/p>\n<p>Se incluy\u00f3 el debate del proyecto de ley para establecer\u00a0alcohol cero al volante.<\/p>\n<p>Otro tema, tendiente a establecer el Sistema Nacional de Residencias del Equipo de Salud.<\/p>\n<p>Debate del proyecto por el que se aprueba el Plan Nacional de Ciencia, Tecnolog\u00eda e Innovaci\u00f3n 2030 y el que propicia efectuar una serie de sustituciones a la ley de Promoci\u00f3n y Fomento de la Innovaci\u00f3n Tecnol\u00f3gica.<\/p>\n<p>Proyecto de ley tendiente a modificar la Ley de Ejecuci\u00f3n de la Pena Privativa de la Libertad y el de Abordaje Integral de la Violencia Institucional en Seguridad y Servicios Penitenciarios, as\u00ed como el tratamiento del Acuerdo requerido para designar al Procurador General de la Naci\u00f3n.<\/p>\n<p>Proyecto de ley de creaci\u00f3n del Parque Nacional y de la Reserva Nacional Laguna El Palmar; tambi\u00e9n el de creaci\u00f3n del \u00c1rea Marina Protegida Bent\u00f3nica \u201cAgujero Azul\u201d.<\/p>\n<p>R\u00e9gimen Previsional Diferencial para los trabajadores que se desempe\u00f1en o se hayan desempe\u00f1ado como combatientes de incendios forestales o rurales en organismos nacionales o provinciales de cajas transferidas y el que establece el Plan de Pago de Deuda Previsional, conocido como moratoria previsional.<\/p>\n<p>Creaci\u00f3n de 8 universidades nacionales.<\/p>\n<p>El \u201cR\u00e9gimen de Fomento al Desarrollo Agroindustrial Federal, Inclusivo, Sustentable y Exportador\u201d.<\/p>\n<p>Proyecto por el cual se sustituyen los art\u00edculos 23 y 45 de la Ley N\u00b0 22.990 de Sangre Humana.<\/p>\n<p>El temario contempla tambi\u00e9n el proyecto que asegura la contenci\u00f3n y el acompa\u00f1amiento de las personas que reciben un diagn\u00f3stico de Trisom\u00eda 21\/ S\u00edndrome de Down, para su hijo o hija en gestaci\u00f3n o reci\u00e9n nacido\/a.<\/p>\n<p>Proyecto de ley por el cual se crea el Programa Federal \u00danico de Informatizaci\u00f3n y Digitalizaci\u00f3n de Historias Cl\u00ednicas y una modificaci\u00f3n al Presupuesto 2023.<\/p>\n<p>Proyecto de ley de Exteriorizaci\u00f3n del Ahorro Argentino.<\/p>\n<p>Proyectos para la Promoci\u00f3n de nuevas energ\u00edas, e inversiones con valor agregado en el sector energ\u00e9tico.<\/p>\n<p>Autorizaci\u00f3n para que el Presidente pueda ausentarse del pa\u00eds en 2023.<\/p>\n<p>Proyecto de ley para modificar el Sistema Estad\u00edstico Nacional.<\/p>\n<p>Proyecto que establece un R\u00e9gimen Simplificado para Peque\u00f1os Contribuyentes Tecnol\u00f3gicos (Mono-Tech). <strong>(VW)<\/strong><\/p>\n<p>&nbsp;<\/p>\n","protected":false},"excerpt":{"rendered":"<p>Son 27 temas, entre los que se encuentra el pedido de juicio pol\u00edtico a los integrantes de la Corte Suprema.\u00a0<\/p>\n","protected":false},"author":4,"featured_media":9267,"comment_status":"closed","ping_status":"closed","sticky":false,"template":"","format":"standard","meta":{"_monsterinsights_skip_tracking":false,"_monsterinsights_sitenote_active":false,"_monsterinsights_sitenote_note":"","_monsterinsights_sitenote_category":0,"footnotes":""},"categories":[4],"tags":[3852,3850,3851,3786],"class_list":["post-9265","post","type-post","status-publish","format-standard","has-post-thumbnail","hentry","category-politica","tag-27-temas","tag-dioutados","tag-juicio-a-la-corte","tag-sesiones-extraordinarias"],"_links":{"self":[{"href":"https:\/\/www.visionweb.com.ar\/index.php?rest_route=\/wp\/v2\/posts\/9265","targetHints":{"allow":["GET"]}}],"collection":[{"href":"https:\/\/www.visionweb.com.ar\/index.php?rest_route=\/wp\/v2\/posts"}],"about":[{"href":"https:\/\/www.visionweb.com.ar\/index.php?rest_route=\/wp\/v2\/types\/post"}],"author":[{"embeddable":true,"href":"https:\/\/www.visionweb.com.ar\/index.php?rest_route=\/wp\/v2\/users\/4"}],"replies":[{"embeddable":true,"href":"https:\/\/www.visionweb.com.ar\/index.php?rest_route=%2Fwp%2Fv2%2Fcomments&post=9265"}],"version-history":[{"count":2,"href":"https:\/\/www.visionweb.com.ar\/index.php?rest_route=\/wp\/v2\/posts\/9265\/revisions"}],"predecessor-version":[{"id":9268,"href":"https:\/\/www.visionweb.com.ar\/index.php?rest_route=\/wp\/v2\/posts\/9265\/revisions\/9268"}],"wp:featuredmedia":[{"embeddable":true,"href":"https:\/\/www.visionweb.com.ar\/index.php?rest_route=\/wp\/v2\/media\/9267"}],"wp:attachment":[{"href":"https:\/\/www.visionweb.com.ar\/index.php?rest_route=%2Fwp%2Fv2%2Fmedia&parent=9265"}],"wp:term":[{"taxonomy":"category","embeddable":true,"href":"https:\/\/www.visionweb.com.ar\/index.php?rest_route=%2Fwp%2Fv2%2Fcategories&post=9265"},{"taxonomy":"post_tag","embeddable":true,"href":"https:\/\/www.visionweb.com.ar\/index.php?rest_route=%2Fwp%2Fv2%2Ftags&post=9265"}],"curies":[{"name":"wp","href":"https:\/\/api.w.org\/{rel}","templated":true}]}}