{"id":9261,"date":"2023-01-24T09:32:08","date_gmt":"2023-01-24T12:32:08","guid":{"rendered":"https:\/\/www.visionweb.com.ar\/?p=9261"},"modified":"2023-01-24T09:32:08","modified_gmt":"2023-01-24T12:32:08","slug":"massa-destaco-decision-de-argentina-y-brasil-de-avanzar-a-una-moneda-comun","status":"publish","type":"post","link":"https:\/\/www.visionweb.com.ar\/?p=9261","title":{"rendered":"Massa destac\u00f3 decisi\u00f3n de Argentina y Brasil de avanzar a una moneda com\u00fan"},"content":{"rendered":"<p><em><strong>E invitar a otros pa\u00edses de la regi\u00f3n: El ministro de Econom\u00eda aclar\u00f3 que no significa resignar la moneda propia sino fortalecer la relaci\u00f3n con otros bloques econ\u00f3micos.<\/strong><\/em><!--more--><\/p>\n<div id=\"attachment_9263\" style=\"width: 310px\" class=\"wp-caption alignright\"><img loading=\"lazy\" decoding=\"async\" aria-describedby=\"caption-attachment-9263\" class=\"wp-image-9263 size-medium\" src=\"https:\/\/www.visionweb.com.ar\/wp-content\/uploads\/2023\/01\/Rosada-massa-moneda-con-brasil-300x166.jpg\" alt=\"\" width=\"300\" height=\"166\" srcset=\"https:\/\/www.visionweb.com.ar\/wp-content\/uploads\/2023\/01\/Rosada-massa-moneda-con-brasil-300x166.jpg 300w, https:\/\/www.visionweb.com.ar\/wp-content\/uploads\/2023\/01\/Rosada-massa-moneda-con-brasil.bmp 488w\" sizes=\"auto, (max-width: 300px) 100vw, 300px\" \/><p id=\"caption-attachment-9263\" class=\"wp-caption-text\">Encuentro en Casa Rosada del lunes 23.<\/p><\/div>\n<p><strong>\u00a0\u00a0\u00a0\u00a0 E<\/strong>l ministro de Econom\u00eda,\u00a0<strong>Sergio Massa<\/strong>, destac\u00f3 la decisi\u00f3n de los Gobiernos de\u00a0<strong>Argentina y Brasil <\/strong><strong>de empezar a trabajar en el objetivo de <\/strong><strong>\u00abuna moneda com\u00fan de ambos pa\u00edses<\/strong>\u00a0y con invitaci\u00f3n a otros pa\u00edses de la regi\u00f3n\u00bb, al participar en el d\u00eda de ayer en Casa de Gobierno de la apertura de\u00a0<strong>un encuentro empresarial que encabezaron los presidentes Alberto Fern\u00e1ndez e Inacio Lula Da Silva<\/strong>.<\/p>\n<p>El trabajo com\u00fan es \u201cA los efectos de encontrar un instrumento econ\u00f3mico y comercial que habilite a profundizar el sistema de comercio entre ambos pa\u00edses y dentro del Mercosur, pero que tenga el reflejo del\u00a0<strong>producto bruto de cada uno en t\u00e9rminos de participaci\u00f3n<\/strong>\u201c, dijo Massa.<\/p>\n<p>A la vez, asegur\u00f3 que: \u201cNo significa resignar la moneda propia sino encontrar un instrumento denominador com\u00fan comercial que refleje la potencia del producto bruto de la regi\u00f3n\u201d.<\/p>\n<p>Destac\u00f3 el entendimiento para que \u201clos argentinos puedan tener la oportunidad de exportar parte de lo que es el recurso, nuestra riqueza de subsuelo que hoy de alguna manera se encuentra subexplotado por falta de infraestructura\u201d, en referencia a los acuerdos bilaterales que permitir\u00e1n el financiamiento de proyectos como el segundo tramo del Gasoducto N\u00e9stor Kirchner.<\/p>\n<p>En ese sentido, afirm\u00f3 que: \u201cEl desaf\u00edo que tenemos que recorrer juntos es el de la integraci\u00f3n energ\u00e9tica, y que Vaca Muerta llegue a Brasil para que los brasileros puedan acceder al volumen de gas que necesitan para el desarrollo industrial\u201d. <strong>(VW)<\/strong><\/p>\n<p>&nbsp;<\/p>\n","protected":false},"excerpt":{"rendered":"<p>E invitar a otros pa\u00edses de la regi\u00f3n: El ministro de Econom\u00eda aclar\u00f3 que no significa resignar la moneda propia sino fortalecer la relaci\u00f3n con otros bloques econ\u00f3micos.<\/p>\n","protected":false},"author":4,"featured_media":9263,"comment_status":"closed","ping_status":"closed","sticky":false,"template":"","format":"standard","meta":{"_monsterinsights_skip_tracking":false,"_monsterinsights_sitenote_active":false,"_monsterinsights_sitenote_note":"","_monsterinsights_sitenote_category":0,"footnotes":""},"categories":[6,4],"tags":[3849,869,3848],"class_list":["post-9261","post","type-post","status-publish","format-standard","has-post-thumbnail","hentry","category-economia","category-politica","tag-encuentro-fernandez-lula-da-silva","tag-massa","tag-moneda-comun-argentina-y-brasil"],"_links":{"self":[{"href":"https:\/\/www.visionweb.com.ar\/index.php?rest_route=\/wp\/v2\/posts\/9261","targetHints":{"allow":["GET"]}}],"collection":[{"href":"https:\/\/www.visionweb.com.ar\/index.php?rest_route=\/wp\/v2\/posts"}],"about":[{"href":"https:\/\/www.visionweb.com.ar\/index.php?rest_route=\/wp\/v2\/types\/post"}],"author":[{"embeddable":true,"href":"https:\/\/www.visionweb.com.ar\/index.php?rest_route=\/wp\/v2\/users\/4"}],"replies":[{"embeddable":true,"href":"https:\/\/www.visionweb.com.ar\/index.php?rest_route=%2Fwp%2Fv2%2Fcomments&post=9261"}],"version-history":[{"count":2,"href":"https:\/\/www.visionweb.com.ar\/index.php?rest_route=\/wp\/v2\/posts\/9261\/revisions"}],"predecessor-version":[{"id":9264,"href":"https:\/\/www.visionweb.com.ar\/index.php?rest_route=\/wp\/v2\/posts\/9261\/revisions\/9264"}],"wp:featuredmedia":[{"embeddable":true,"href":"https:\/\/www.visionweb.com.ar\/index.php?rest_route=\/wp\/v2\/media\/9263"}],"wp:attachment":[{"href":"https:\/\/www.visionweb.com.ar\/index.php?rest_route=%2Fwp%2Fv2%2Fmedia&parent=9261"}],"wp:term":[{"taxonomy":"category","embeddable":true,"href":"https:\/\/www.visionweb.com.ar\/index.php?rest_route=%2Fwp%2Fv2%2Fcategories&post=9261"},{"taxonomy":"post_tag","embeddable":true,"href":"https:\/\/www.visionweb.com.ar\/index.php?rest_route=%2Fwp%2Fv2%2Ftags&post=9261"}],"curies":[{"name":"wp","href":"https:\/\/api.w.org\/{rel}","templated":true}]}}