{"id":9256,"date":"2023-01-24T09:01:36","date_gmt":"2023-01-24T12:01:36","guid":{"rendered":"https:\/\/www.visionweb.com.ar\/?p=9256"},"modified":"2023-01-24T09:01:36","modified_gmt":"2023-01-24T12:01:36","slug":"hoy-se-inaugura-la-cumbre-de-la-celac-en-buenos-aires","status":"publish","type":"post","link":"https:\/\/www.visionweb.com.ar\/?p=9256","title":{"rendered":"Hoy se inaugura la Cumbre de la Celac en Buenos Aires"},"content":{"rendered":"<p><em><strong>Las 33 naciones integrantes participar\u00e1n del foro que se realizar\u00e1 en el Sheraton Buenos Aires Hotel. Habr\u00e1 un <\/strong><strong>operativo especial de seguridad en la zona de Retiro.<\/strong><\/em><!--more--><\/p>\n<div id=\"attachment_9258\" style=\"width: 310px\" class=\"wp-caption alignright\"><img loading=\"lazy\" decoding=\"async\" aria-describedby=\"caption-attachment-9258\" class=\"wp-image-9258 size-medium\" src=\"https:\/\/www.visionweb.com.ar\/wp-content\/uploads\/2023\/01\/celac-foto-archivo-300x262.jpg\" alt=\"\" width=\"300\" height=\"262\" srcset=\"https:\/\/www.visionweb.com.ar\/wp-content\/uploads\/2023\/01\/celac-foto-archivo-300x262.jpg 300w, https:\/\/www.visionweb.com.ar\/wp-content\/uploads\/2023\/01\/celac-foto-archivo.bmp 386w\" sizes=\"auto, (max-width: 300px) 100vw, 300px\" \/><p id=\"caption-attachment-9258\" class=\"wp-caption-text\">Cumbre Celac. Foto archivo 2921<\/p><\/div>\n<p><strong>L<\/strong>a VII Cumbre de Jefas y Jefes de Estado de la <strong>Comunidad<\/strong><strong> de Estados Latinoamericanos y Caribe\u00f1os (Celac)<\/strong> se inaugurar\u00e1 hoy en Buenos Aires, con la asistencia, por primera vez, de los presidentes y representantes de las 33 naciones que conforman el foro y con el retorno de Brasil al bloque.<\/p>\n<p>Esta ser\u00e1 la primera vez en la historia de la Celac en la que todos los pa\u00edses que integran el bloque estar\u00e1n representados en la cumbre que se realizar\u00e1 en el Sheraton Buenos Aires Hotel: las 33 naciones participar\u00e1n tanto a trav\u00e9s de jefes de Estado como de ministros de Relaciones Exteriores o de altos funcionarios de cada Gobierno.<\/p>\n<p><strong>\u00a0<\/strong><strong>La Celac<\/strong><strong> contribuye a profundizar el di\u00e1logo entre los pa\u00edses de la regi\u00f3n en temas de educaci\u00f3n, desarrollo social, agricultura, cultura, finanzas, medioambiente, desarme nuclear, y energ\u00eda.<\/strong><\/p>\n<p>Las sesiones contar\u00e1n con la presencia confirmada de m\u00e1s de 15 mandatarios, entre los cuales, adem\u00e1s del presidente anfitri\u00f3n, Alberto Fern\u00e1ndez, estar\u00e1n Luiz In\u00e1cio Lula da Silva (Brasil), Gustavo Petro (Colombia), Gabriel Boric (Chile), Luis Arce (Bolivia), Xiomara Castro (Honduras), Mia Mottley (Barbados), Mario Abdo Ben\u00edtez (Paraguay), Luis Lacalle Pou (Uruguay) y Miguel D\u00edaz-Canel (Cuba).<\/p>\n<p><strong>La apertura del foro se realizar\u00e1 a partir de las 10 de este martes y estar\u00e1 encabezada por el presidente argentino, en su rol de titular del mecanismo regional<\/strong>, para luego dar paso a una exposici\u00f3n del canciller Santiago Cafiero, quien har\u00e1 un repaso de la labor desarrollada por la Presidencia Pro T\u00e9mpore (PPT) de Argentina a lo largo de 2022.<\/p>\n<p>Tras esas disertaciones, que ser\u00e1n abiertas a la prensa, se desarrollar\u00e1 a puertas cerradas el plenario de jefes Estado, tras ello se realizar\u00e1 la tradicional \u201cfoto de familia\u201d y posteriormente el almuerzo de honor que se ofrecer\u00e1 en el mismo Hotel Sheraton a las delegaciones que participen de la cumbre.<\/p>\n<p><strong>Luego habr\u00e1 una segunda sesi\u00f3n de debate entre los mandatarios, que tendr\u00e1 como uno de los ejes centrales decidir qu\u00e9 pa\u00eds suceder\u00e1 a la Argentina al frente de la Celac. <\/strong><\/p>\n<p><strong>La seguridad: <\/strong>El Comando Conjunto Aeroespacial realizar\u00e1 hoy un operativo especial por la cumbre de la Celac, que contemplar\u00e1 zonas de Protecci\u00f3n Aeroespacial y de Prohibici\u00f3n de Vuelo de Drones, se inform\u00f3 oficialmente.<\/p>\n<p>En un comunicado del Estado Mayor Conjunto de las Fuerzas Armadas se indic\u00f3 que: \u201cPor indicaci\u00f3n del Ministro de Defensa, Jorge Taiana, el Comando Conjunto Aeroespacial, dependiente del Comando Operacional del Estado Mayor Conjunto de las Fuerzas Armadas, realizar\u00e1 un operativo especial el martes 24 (..) \u00a0\u00abser\u00e1n coordinados procedimientos en com\u00fan con otros organismos del Estado Nacional intervinientes y\u00a0entrar\u00e1 en vigencia una Zona Especial de Protecci\u00f3n Aeroespacial, estrictamente vinculada al desarrollo del evento, que ser\u00e1 controlada por aeronaves de combate pertenecientes a la Fuerza A\u00e9rea Argentina\u00bb.<\/p>\n<p>Se explic\u00f3 que\u00a0<strong>\u201cuna vez m\u00e1s se activar\u00e1 en el \u00e1mbito del per\u00edmetro especial donde se desarrollar\u00e1 la Cumbre una Zona Prohibida de Vuelo de Drones. Esto significa que la se\u00f1al de estos dispositivos ser\u00e1 inhibida y no podr\u00e1n ser utilizados en inmediaciones del evento\u201d<\/strong>. <strong>(VW)<\/strong><\/p>\n<p>&nbsp;<\/p>\n","protected":false},"excerpt":{"rendered":"<p>Las 33 naciones integrantes participar\u00e1n del foro que se realizar\u00e1 en el Sheraton Buenos Aires Hotel. Habr\u00e1 un operativo especial de seguridad en la zona de Retiro.<\/p>\n","protected":false},"author":4,"featured_media":9258,"comment_status":"closed","ping_status":"closed","sticky":false,"template":"","format":"standard","meta":{"_monsterinsights_skip_tracking":false,"_monsterinsights_sitenote_active":false,"_monsterinsights_sitenote_note":"","_monsterinsights_sitenote_category":0,"footnotes":""},"categories":[4],"tags":[3846,2436,3845,3847],"class_list":["post-9256","post","type-post","status-publish","format-standard","has-post-thumbnail","hentry","category-politica","tag-33-naciones","tag-celac","tag-cumbre-2023","tag-hotel-sheraton"],"_links":{"self":[{"href":"https:\/\/www.visionweb.com.ar\/index.php?rest_route=\/wp\/v2\/posts\/9256","targetHints":{"allow":["GET"]}}],"collection":[{"href":"https:\/\/www.visionweb.com.ar\/index.php?rest_route=\/wp\/v2\/posts"}],"about":[{"href":"https:\/\/www.visionweb.com.ar\/index.php?rest_route=\/wp\/v2\/types\/post"}],"author":[{"embeddable":true,"href":"https:\/\/www.visionweb.com.ar\/index.php?rest_route=\/wp\/v2\/users\/4"}],"replies":[{"embeddable":true,"href":"https:\/\/www.visionweb.com.ar\/index.php?rest_route=%2Fwp%2Fv2%2Fcomments&post=9256"}],"version-history":[{"count":2,"href":"https:\/\/www.visionweb.com.ar\/index.php?rest_route=\/wp\/v2\/posts\/9256\/revisions"}],"predecessor-version":[{"id":9259,"href":"https:\/\/www.visionweb.com.ar\/index.php?rest_route=\/wp\/v2\/posts\/9256\/revisions\/9259"}],"wp:featuredmedia":[{"embeddable":true,"href":"https:\/\/www.visionweb.com.ar\/index.php?rest_route=\/wp\/v2\/media\/9258"}],"wp:attachment":[{"href":"https:\/\/www.visionweb.com.ar\/index.php?rest_route=%2Fwp%2Fv2%2Fmedia&parent=9256"}],"wp:term":[{"taxonomy":"category","embeddable":true,"href":"https:\/\/www.visionweb.com.ar\/index.php?rest_route=%2Fwp%2Fv2%2Fcategories&post=9256"},{"taxonomy":"post_tag","embeddable":true,"href":"https:\/\/www.visionweb.com.ar\/index.php?rest_route=%2Fwp%2Fv2%2Ftags&post=9256"}],"curies":[{"name":"wp","href":"https:\/\/api.w.org\/{rel}","templated":true}]}}