{"id":9247,"date":"2023-01-24T08:00:06","date_gmt":"2023-01-24T11:00:06","guid":{"rendered":"https:\/\/www.visionweb.com.ar\/?p=9247"},"modified":"2023-01-24T11:15:46","modified_gmt":"2023-01-24T14:15:46","slug":"salud-asegura-que-los-casos-de-covid-19-bajaron-n55","status":"publish","type":"post","link":"https:\/\/www.visionweb.com.ar\/?p=9247","title":{"rendered":"Salud asegura que los casos de Covid 19 bajaron un 55%"},"content":{"rendered":"<p><em><strong>El descenso de casos es notorio y pareciera que el SARS-CoV-2 estar\u00eda disminuyendo su circulaci\u00f3n en el pa\u00eds. Solo se isopan mayores de 50 a\u00f1os.<\/strong><\/em> <!--more--><\/p>\n<p><strong><img loading=\"lazy\" decoding=\"async\" class=\"size-medium wp-image-76 alignright\" src=\"https:\/\/www.visionweb.com.ar\/wp-content\/uploads\/2020\/08\/BROWN-CORONAVIRUS-300x168.png\" alt=\"\" width=\"300\" height=\"168\" srcset=\"https:\/\/www.visionweb.com.ar\/wp-content\/uploads\/2020\/08\/BROWN-CORONAVIRUS-300x168.png 300w, https:\/\/www.visionweb.com.ar\/wp-content\/uploads\/2020\/08\/BROWN-CORONAVIRUS-768x431.png 768w, https:\/\/www.visionweb.com.ar\/wp-content\/uploads\/2020\/08\/BROWN-CORONAVIRUS-715x400.png 715w, https:\/\/www.visionweb.com.ar\/wp-content\/uploads\/2020\/08\/BROWN-CORONAVIRUS.png 1024w\" sizes=\"auto, (max-width: 300px) 100vw, 300px\" \/>E<\/strong>l Ministerio de Salud dio a conocer este lunes su informe semanal del escenario de la pandemia de coronavirus en el pa\u00eds, al 23 de enero.<\/p>\n<p>En los \u00faltimos siete d\u00edas se reportaron\u00a0<strong>8.614 nuevos contagios, 10.802 menos que la semana pasada,\u00a0<\/strong>y 56 fallecimientos, cifra que tambi\u00e9n baj\u00f3, ya que en reporte previo se notificaron 89. De este modo, suman 130.394 los muertos registrados oficialmente a nivel nacional y 10.032.709 los infectados desde el inicio de la pandemia.<\/p>\n<p>La cartera\u00a0 de Salud aclar\u00f3 que no todos los casos sospechosos se hisopan \u2013 solo mayores de 50 a\u00f1os con enfermedades cr\u00f3nicas que puedan complicar el desarrollo de la enfermedad por coronavirus \u2013 y muchas personas cursan cuadros leves similares a resfr\u00edos o alergias, por lo que no son detectados como infectados. No obstante, contagian igual.<\/p>\n<p>De todas maneras, el descenso de casos es notorio \u2013 55% menos positivos en una semana \u2013 y pareciera que el SARS-CoV-2 estar\u00eda disminuyendo su circulaci\u00f3n en el pa\u00eds.<\/p>\n<p>Asimismo, de acuerdo al reporte hay una ocupaci\u00f3n de camas de unidades de terapia intensiva para todas las patolog\u00edas del 41,1% y 363 infectados de coronavirus internados en esa condici\u00f3n con coronavirus, cifra que tambi\u00e9n marc\u00f3 un descenso respecto al informe del 16 de enero, donde eran 404.<\/p>\n<p>Es importante remarcar que, para evitar cuadros graves de la enfermedad, internaciones y la muerte las personas deben vacunarse y aplicarse los refuerzos correspondientes, ya que con el paso del tiempo las defensas contra el virus caen. Los especialistas recomiendan que no pasen m\u00e1s de seis meses entre las dosis.<\/p>\n<p>El SARS-CoV-2 sigue siendo el mismo virus m\u00e1s all\u00e1 de sus mutaciones, por lo que las personas que no se han vacunado o que no han completado sus esquemas de vacunaci\u00f3n tienen alto riesgo de enfermarse, desarrollando cuadros m\u00e1s comprometidos.<\/p>\n<p>Con las vacunas a disposici\u00f3n, la recomendaci\u00f3n es que la poblaci\u00f3n se acerque a los centros de salud y se proteja para evitar rebrotes y complicaciones en el sistema sanitario<strong>(VW)<\/strong>.<\/p>\n","protected":false},"excerpt":{"rendered":"<p>El descenso de casos es notorio y pareciera que el SARS-CoV-2 estar\u00eda disminuyendo su circulaci\u00f3n en el pa\u00eds. Solo se isopan mayores de 50 a\u00f1os.<\/p>\n","protected":false},"author":3,"featured_media":76,"comment_status":"closed","ping_status":"closed","sticky":false,"template":"","format":"standard","meta":{"_monsterinsights_skip_tracking":false,"_monsterinsights_sitenote_active":false,"_monsterinsights_sitenote_note":"","_monsterinsights_sitenote_category":0,"footnotes":""},"categories":[5],"tags":[3840,3698,843],"class_list":["post-9247","post","type-post","status-publish","format-standard","has-post-thumbnail","hentry","category-sociedad","tag-coro9navirus","tag-disminucion","tag-hisopados"],"_links":{"self":[{"href":"https:\/\/www.visionweb.com.ar\/index.php?rest_route=\/wp\/v2\/posts\/9247","targetHints":{"allow":["GET"]}}],"collection":[{"href":"https:\/\/www.visionweb.com.ar\/index.php?rest_route=\/wp\/v2\/posts"}],"about":[{"href":"https:\/\/www.visionweb.com.ar\/index.php?rest_route=\/wp\/v2\/types\/post"}],"author":[{"embeddable":true,"href":"https:\/\/www.visionweb.com.ar\/index.php?rest_route=\/wp\/v2\/users\/3"}],"replies":[{"embeddable":true,"href":"https:\/\/www.visionweb.com.ar\/index.php?rest_route=%2Fwp%2Fv2%2Fcomments&post=9247"}],"version-history":[{"count":2,"href":"https:\/\/www.visionweb.com.ar\/index.php?rest_route=\/wp\/v2\/posts\/9247\/revisions"}],"predecessor-version":[{"id":9274,"href":"https:\/\/www.visionweb.com.ar\/index.php?rest_route=\/wp\/v2\/posts\/9247\/revisions\/9274"}],"wp:featuredmedia":[{"embeddable":true,"href":"https:\/\/www.visionweb.com.ar\/index.php?rest_route=\/wp\/v2\/media\/76"}],"wp:attachment":[{"href":"https:\/\/www.visionweb.com.ar\/index.php?rest_route=%2Fwp%2Fv2%2Fmedia&parent=9247"}],"wp:term":[{"taxonomy":"category","embeddable":true,"href":"https:\/\/www.visionweb.com.ar\/index.php?rest_route=%2Fwp%2Fv2%2Fcategories&post=9247"},{"taxonomy":"post_tag","embeddable":true,"href":"https:\/\/www.visionweb.com.ar\/index.php?rest_route=%2Fwp%2Fv2%2Ftags&post=9247"}],"curies":[{"name":"wp","href":"https:\/\/api.w.org\/{rel}","templated":true}]}}