{"id":9240,"date":"2023-01-23T08:44:24","date_gmt":"2023-01-23T11:44:24","guid":{"rendered":"https:\/\/www.visionweb.com.ar\/?p=9240"},"modified":"2023-01-24T09:02:58","modified_gmt":"2023-01-24T12:02:58","slug":"jubilaciones-raverta-pidio-quorum-para-tratar-las-moratorias-en-las-sesiones-extraordinarias","status":"publish","type":"post","link":"https:\/\/www.visionweb.com.ar\/?p=9240","title":{"rendered":"Jubilaciones: Raverta pidi\u00f3 qu\u00f3rum para tratar las moratorias en las sesiones extraordinarias"},"content":{"rendered":"<p><em><strong>Dijo que sin nueva ley s\u00f3lo 1 de cada 10 mujeres podr\u00e1 jubilarse. Mientras que JxC, anunci\u00f3 que<\/strong> <strong>no tratar\u00e1 las leyes en el marco de las sesiones extraordinarias en tanto contin\u00fae el pedido de juicio pol\u00edtico a los integrantes de la Corte.<\/strong><\/em><!--more--><\/p>\n<p><strong> <img loading=\"lazy\" decoding=\"async\" class=\"size-medium wp-image-9242 alignright\" src=\"https:\/\/www.visionweb.com.ar\/wp-content\/uploads\/2023\/01\/Fer-Raverta-300x208.jpg\" alt=\"\" width=\"300\" height=\"208\" srcset=\"https:\/\/www.visionweb.com.ar\/wp-content\/uploads\/2023\/01\/Fer-Raverta-300x208.jpg 300w, https:\/\/www.visionweb.com.ar\/wp-content\/uploads\/2023\/01\/Fer-Raverta.bmp 495w\" sizes=\"auto, (max-width: 300px) 100vw, 300px\" \/>\u00a0 L<\/strong>a Directora Ejecutiva del Anses, Fernanda Raverta,<strong> afirm\u00f3 que \u201cla gente cumple a\u00f1os y necesita jubilarse\u201d, y critic\u00f3 la postura de los legisladores de Juntos por el Cambio (JxC) de no dar qu\u00f3rum<\/strong> para poder tratar el proyecto de Moratoria Previsional en el per\u00edodo de sesiones extraordinarias del Congreso que comienzan esta semana.<\/p>\n<p>As\u00ed se refiri\u00f3 a la postura de JxC, que anunci\u00f3 <strong>no tratar\u00e1 las leyes en el marco de las sesiones extraordinarias en tanto contin\u00fae el pedido de juicio pol\u00edtico a los integrantes de la Corte Suprema de Justicia<\/strong>.<\/p>\n<p>\u201cEs fundamental que se trate la moratoria previsional en el Congreso para que miles de argentinos y argentinas que tienen la edad para jubilarse puedan hacerlo y no queden fuera de este beneficio. Adem\u00e1s, es algo que ya est\u00e1 contemplado en el Presupuesto\u201d, manifest\u00f3 Raverta durante el fin de semana en declaraciones a Radio 10.<\/p>\n<p>Por su parte, a trav\u00e9s de un comunicado, Anses precis\u00f3 que\u00a0<strong>s\u00f3lo una de cada mujeres podr\u00e1n acceder a la jubilaci\u00f3n, mientras que en cuanto a varones pasar a 3 de cada 10<\/strong>. \u201cYa van m\u00e1s de 1.500 personas atendidas que no tienen normas para poderse hacerlo mientras estamos esperando que los diputados macristas bajen a sesionar\u201d, indicaron.<\/p>\n<p><strong>Raverta, a la vez aclar\u00f3 que el tratamiento del tema<\/strong><strong> \u201cno requiere dinero extra ni una partida excepcional\u201d porque \u201cya fue aprobado en el Presupuesto<\/strong> donde est\u00e1 contemplado que los argentinos y las argentinas se jubilen\u201d. \u201cLo que vamos a hacer con esa ley es ni m\u00e1s ni menos que jubilar a los que tienen la edad para jubilarse\u201d, insisti\u00f3.<\/p>\n<p>En este punto, record\u00f3 que la moratoria es para que \u201clas personas que tienen la edad pero no la cantidad de aportes, puedan entrar en un plan de pagos y jubilarse, algo que viene sucediendo en la Argentina desde el 2004\u201d. <strong>(VW)<\/strong><\/p>\n","protected":false},"excerpt":{"rendered":"<p>Dijo que sin nueva ley s\u00f3lo 1 de cada 10 mujeres podr\u00e1 jubilarse. Mientras que JxC, anunci\u00f3 que no tratar\u00e1 las leyes en el marco de las sesiones extraordinarias en tanto contin\u00fae el pedido&#46;&#46;&#46;<\/p>\n","protected":false},"author":4,"featured_media":9242,"comment_status":"closed","ping_status":"closed","sticky":false,"template":"","format":"standard","meta":{"_monsterinsights_skip_tracking":false,"_monsterinsights_sitenote_active":false,"_monsterinsights_sitenote_note":"","_monsterinsights_sitenote_category":0,"footnotes":""},"categories":[4,5],"tags":[300,478,2238,3839,1380,801],"class_list":["post-9240","post","type-post","status-publish","format-standard","has-post-thumbnail","hentry","category-politica","category-sociedad","tag-anses","tag-jubilaciones","tag-jxc","tag-mmoratoria","tag-quorum","tag-raverta"],"_links":{"self":[{"href":"https:\/\/www.visionweb.com.ar\/index.php?rest_route=\/wp\/v2\/posts\/9240","targetHints":{"allow":["GET"]}}],"collection":[{"href":"https:\/\/www.visionweb.com.ar\/index.php?rest_route=\/wp\/v2\/posts"}],"about":[{"href":"https:\/\/www.visionweb.com.ar\/index.php?rest_route=\/wp\/v2\/types\/post"}],"author":[{"embeddable":true,"href":"https:\/\/www.visionweb.com.ar\/index.php?rest_route=\/wp\/v2\/users\/4"}],"replies":[{"embeddable":true,"href":"https:\/\/www.visionweb.com.ar\/index.php?rest_route=%2Fwp%2Fv2%2Fcomments&post=9240"}],"version-history":[{"count":3,"href":"https:\/\/www.visionweb.com.ar\/index.php?rest_route=\/wp\/v2\/posts\/9240\/revisions"}],"predecessor-version":[{"id":9260,"href":"https:\/\/www.visionweb.com.ar\/index.php?rest_route=\/wp\/v2\/posts\/9240\/revisions\/9260"}],"wp:featuredmedia":[{"embeddable":true,"href":"https:\/\/www.visionweb.com.ar\/index.php?rest_route=\/wp\/v2\/media\/9242"}],"wp:attachment":[{"href":"https:\/\/www.visionweb.com.ar\/index.php?rest_route=%2Fwp%2Fv2%2Fmedia&parent=9240"}],"wp:term":[{"taxonomy":"category","embeddable":true,"href":"https:\/\/www.visionweb.com.ar\/index.php?rest_route=%2Fwp%2Fv2%2Fcategories&post=9240"},{"taxonomy":"post_tag","embeddable":true,"href":"https:\/\/www.visionweb.com.ar\/index.php?rest_route=%2Fwp%2Fv2%2Ftags&post=9240"}],"curies":[{"name":"wp","href":"https:\/\/api.w.org\/{rel}","templated":true}]}}