{"id":9235,"date":"2023-01-23T08:11:38","date_gmt":"2023-01-23T11:11:38","guid":{"rendered":"https:\/\/www.visionweb.com.ar\/?p=9235"},"modified":"2023-01-23T08:11:38","modified_gmt":"2023-01-23T11:11:38","slug":"se-realizo-argentina-infinita-en-el-marco-de-fitur-2023","status":"publish","type":"post","link":"https:\/\/www.visionweb.com.ar\/?p=9235","title":{"rendered":"Se realiz\u00f3 \u201cArgentina Infinita\u201d, en el marco de FITUR 2023"},"content":{"rendered":"<p><em><strong>Fue la primera jornada de la feria de turismo de Madrid, organizada por Inprotur y la CAT, con el fin de fortalecer los lazos comerciales entre los prestadores tur\u00edsticos y representantes del sector privado argentino.<\/strong><\/em><!--more--><\/p>\n<p><strong><img loading=\"lazy\" decoding=\"async\" class=\"size-medium wp-image-9237 alignright\" src=\"https:\/\/www.visionweb.com.ar\/wp-content\/uploads\/2023\/01\/Cat-arg-infinita-2-300x199.jpg\" alt=\"\" width=\"300\" height=\"199\" srcset=\"https:\/\/www.visionweb.com.ar\/wp-content\/uploads\/2023\/01\/Cat-arg-infinita-2-300x199.jpg 300w, https:\/\/www.visionweb.com.ar\/wp-content\/uploads\/2023\/01\/Cat-arg-infinita-2.bmp 379w\" sizes=\"auto, (max-width: 300px) 100vw, 300px\" \/>E<\/strong>l Instituto Nacional de Promoci\u00f3n Tur\u00edstica (<strong>Inprotur<\/strong>) y la C\u00e1mara Argentina de Turismo (<strong>CAT<\/strong>) organizaron, con la colaboraci\u00f3n de Marca Pa\u00eds, el encuentro <strong>\u201cArgentina Infinita\u201d<\/strong> en el Real Casino de la ciudad de Madrid.<\/p>\n<p>El objetivo de la iniciativa se centr\u00f3 en fortalecer el v\u00ednculo y los lazos comerciales entre los prestadores tur\u00edsticos y representantes del sector privado argentino, y los principales tour operadores y actores del trade tur\u00edstico espa\u00f1ol.<\/p>\n<p>Argentina Infinita se realiz\u00f3 el mi\u00e9rcoles 18 de enero, en el marco de la <strong>primera jornada de la feria de turismo de Madrid, FITUR 2023<\/strong> que se llev\u00f3 a cabo hasta el domingo 22 en el predio de exposiciones Ifema.<\/p>\n<p>El presidente de la <strong>CAT<\/strong><strong>, Gustavo Hani<\/strong>; el ministro de Turismo y Deportes de la Naci\u00f3n, <strong>Mat\u00edas Lammens<\/strong>, la secretaria de Promoci\u00f3n Tur\u00edstica, <strong>Yanina Mart\u00ednez<\/strong>; el secretario ejecutivo del Inprotur, <strong>Ricardo Sosa<\/strong>; y el <strong>embajador argentino en Espa\u00f1a<\/strong>, <strong>Ricardo Alfons\u00edn<\/strong>, participaron de este espacio de relacionamiento del sector tur\u00edstico nacional ante el mercado europeo, conforme indic\u00f3 el <strong>Departamento de Comunicaciones de la CAT<\/strong>.<\/p>\n<p>Durante el acto de apertura, <strong>el embajador Alfons\u00edn enfatiz\u00f3 sobre el trabajo en conjunto<\/strong> realizado por el \u00e1mbito p\u00fablico y privado nacional que permiti\u00f3 la <strong>reactivaci\u00f3n del turismo en Argentina<\/strong> y una ascendente llegada de turistas internacionales.<\/p>\n<div id=\"attachment_9238\" style=\"width: 310px\" class=\"wp-caption alignleft\"><a href=\"https:\/\/www.visionweb.com.ar\/wp-content\/uploads\/2023\/01\/Cat-arg-infinita-1.bmp\"><img loading=\"lazy\" decoding=\"async\" aria-describedby=\"caption-attachment-9238\" class=\"wp-image-9238 size-medium\" src=\"https:\/\/www.visionweb.com.ar\/wp-content\/uploads\/2023\/01\/Cat-arg-infinita-1-300x198.jpg\" alt=\"\" width=\"300\" height=\"198\" srcset=\"https:\/\/www.visionweb.com.ar\/wp-content\/uploads\/2023\/01\/Cat-arg-infinita-1-300x198.jpg 300w, https:\/\/www.visionweb.com.ar\/wp-content\/uploads\/2023\/01\/Cat-arg-infinita-1.bmp 475w\" sizes=\"auto, (max-width: 300px) 100vw, 300px\" \/><\/a><p id=\"caption-attachment-9238\" class=\"wp-caption-text\">\u00abArgentina Infinita\u00bb en Madrid. (Fotos: gentileza de la CAT)<\/p><\/div>\n<p>De cara el 2023, el presidente de la CAT, <strong>Gustavo Hani puso de relieve la labor que est\u00e1 realizando el sector para reactivar el turismo<\/strong> receptivo. \u201cTenemos que seguir trabajando con fuerza para llevar muchos turistas a la Argentina\u201d, destac\u00f3 ante los presentes y augur\u00f3 un a\u00f1o de crecimiento para la actividad.<\/p>\n<p>Por su parte, el ministro Lammens se\u00f1al\u00f3 que el turismo \u201ces uno de los grandes motores de la recuperaci\u00f3n de la econom\u00eda argentina\u201d, y subray\u00f3 que, junto a la industria y la construcci\u00f3n, fue uno de los sectores que m\u00e1s empleo generaron para el pa\u00eds en los \u00faltimos meses.<\/p>\n<p>Durante Argentina Infinita, los asistentes pudieron degustar de la gastronom\u00eda argentina con platos de las diferentes regiones, as\u00ed como tambi\u00e9n vinos de producci\u00f3n nacional. Entre los invitados se encontraban autoridades provinciales, representantes de destinos tur\u00edsticos, directivos empresariales de entidades que integran la CAT, prestadores y operadores receptivos, empresarios espa\u00f1oles y del mercado europeo, y prensa especializada. <strong>(VW)<\/strong><\/p>\n<p>&nbsp;<\/p>\n<p>&nbsp;<\/p>\n<p>&nbsp;<\/p>\n","protected":false},"excerpt":{"rendered":"<p>Fue la primera jornada de la feria de turismo de Madrid, organizada por Inprotur y la CAT, con el fin de fortalecer los lazos comerciales entre los prestadores tur\u00edsticos y representantes del sector privado&#46;&#46;&#46;<\/p>\n","protected":false},"author":4,"featured_media":9238,"comment_status":"closed","ping_status":"closed","sticky":false,"template":"","format":"standard","meta":{"_monsterinsights_skip_tracking":false,"_monsterinsights_sitenote_active":false,"_monsterinsights_sitenote_note":"","_monsterinsights_sitenote_category":0,"footnotes":""},"categories":[700],"tags":[3835,1371,3837,3836,263,3838],"class_list":["post-9235","post","type-post","status-publish","format-standard","has-post-thumbnail","hentry","category-turismo","tag-caara-argentina-de-turusmo","tag-cat","tag-gystavio-hani","tag-inprotur","tag-lammens","tag-ricardo-alfonsin"],"_links":{"self":[{"href":"https:\/\/www.visionweb.com.ar\/index.php?rest_route=\/wp\/v2\/posts\/9235","targetHints":{"allow":["GET"]}}],"collection":[{"href":"https:\/\/www.visionweb.com.ar\/index.php?rest_route=\/wp\/v2\/posts"}],"about":[{"href":"https:\/\/www.visionweb.com.ar\/index.php?rest_route=\/wp\/v2\/types\/post"}],"author":[{"embeddable":true,"href":"https:\/\/www.visionweb.com.ar\/index.php?rest_route=\/wp\/v2\/users\/4"}],"replies":[{"embeddable":true,"href":"https:\/\/www.visionweb.com.ar\/index.php?rest_route=%2Fwp%2Fv2%2Fcomments&post=9235"}],"version-history":[{"count":2,"href":"https:\/\/www.visionweb.com.ar\/index.php?rest_route=\/wp\/v2\/posts\/9235\/revisions"}],"predecessor-version":[{"id":9239,"href":"https:\/\/www.visionweb.com.ar\/index.php?rest_route=\/wp\/v2\/posts\/9235\/revisions\/9239"}],"wp:featuredmedia":[{"embeddable":true,"href":"https:\/\/www.visionweb.com.ar\/index.php?rest_route=\/wp\/v2\/media\/9238"}],"wp:attachment":[{"href":"https:\/\/www.visionweb.com.ar\/index.php?rest_route=%2Fwp%2Fv2%2Fmedia&parent=9235"}],"wp:term":[{"taxonomy":"category","embeddable":true,"href":"https:\/\/www.visionweb.com.ar\/index.php?rest_route=%2Fwp%2Fv2%2Fcategories&post=9235"},{"taxonomy":"post_tag","embeddable":true,"href":"https:\/\/www.visionweb.com.ar\/index.php?rest_route=%2Fwp%2Fv2%2Ftags&post=9235"}],"curies":[{"name":"wp","href":"https:\/\/api.w.org\/{rel}","templated":true}]}}